{"id":16591,"date":"2020-09-26T21:22:52","date_gmt":"2020-09-26T17:22:52","guid":{"rendered":"https:\/\/fedai.az\/?p=16591"},"modified":"2020-09-26T21:31:40","modified_gmt":"2020-09-26T17:31:40","slug":"abs-tiflis%c9%99-t%c9%99s%c9%99kkur-etdi","status":"publish","type":"post","link":"https:\/\/fedai.az\/?p=16591","title":{"rendered":"AB\u015e Tiflis\u0259 t\u0259\u015f\u0259kk\u00fcr etdi"},"content":{"rendered":"\n<p><strong>G\u00fcrc\u00fcstan\u0131n bir m\u00fcdd\u0259t \u00f6nc\u0259 Rusiyadan Erm\u0259nistana da\u015f\u0131nan silahlar\u0131 \u00f6z hava m\u0259kan\u0131ndan ke\u00e7m\u0259sin\u0259 icaz\u0259 verm\u0259m\u0259si AB\u015e-\u0131n maraqlar\u0131na uy\u011fundur. Bu, Az\u0259rbaycan\u0131n maraqlar\u0131na da uy\u011fundur. M\u00f6vcud situasiya biz\u0259 daha a\u011f\u0131ll\u0131 h\u0259r\u0259k\u0259t ed\u0259r\u0259k Erm\u0259nistana t\u0259zyiq etm\u0259k imkanlar\u0131 yarad\u0131r.<\/strong><\/p>\n\n\n\n<p><br>Bu s\u00f6zl\u0259ri Axar.az-a sabiq Xarici \u0130\u015fl\u0259r naziri, politoloq Tofiq Z\u00fclf\u00fcqarov Rusiyadan \u0130r\u0259vana da\u015f\u0131nan h\u0259rbi y\u00fckl\u0259r\u0259 \u00f6z hava m\u0259kan\u0131n\u0131 ba\u011flad\u0131\u011f\u0131 \u00fc\u00e7\u00fcn AB\u015e D\u00f6vl\u0259t katibi Mayk Pompeonun G\u00fcrc\u00fcstana t\u0259\u015f\u0259kk\u00fcr etm\u0259sini \u015f\u0259rh ed\u0259rk\u0259n deyib.<\/p>\n\n\n\n<p><br>Politoloq qeyd edib ki, Pompeonun G\u00fcrc\u00fcstana t\u0259\u015f\u0259kk\u00fcr\u00fc \u00e7ox \u015fey\u0259 ayd\u0131nl\u0131q g\u0259tirmi\u015f oldu:<\/p>\n\n\n\n<p><br>\u201cAB\u015e \u00e7ox yax\u015f\u0131 ba\u015fa d\u00fc\u015f\u00fcr ki, Rusiya C\u0259nubi Qafqaz regionunu \u00f6z t\u0259sir dair\u0259sind\u0259 saxlayaraq idar\u0259 etm\u0259k \u00fc\u00e7\u00fcn Erm\u0259nistan-Az\u0259rbaycan Da\u011fl\u0131q Qaraba\u011f m\u00fcnaqi\u015f\u0259sind\u0259n istifad\u0259 edir. Bundan \u0259lav\u0259, m\u00fcnaqi\u015f\u0259 t\u0259r\u0259fl\u0259rin\u0259 m\u00fcnt\u0259z\u0259m silah ver\u0259r\u0259k bu v\u0259 dig\u0259r yollarla m\u00fcnaqi\u015f\u0259ni alovland\u0131raraq h\u0259m siyasi, h\u0259m d\u0259 diplomatik t\u0259sirini hiss etdirm\u0259y\u0259 \u00e7al\u0131\u015f\u0131r.<\/p>\n\n\n\n<p><br>G\u00fcrc\u00fcstan is\u0259 r\u0259smi Moskvan\u0131n regionda apard\u0131\u011f\u0131 siyas\u0259t\u0259 mane\u0259l\u0259r t\u00f6r\u0259dir. T\u0259bii ki, r\u0259smi Tiflis\u0259 bu istiqam\u0259td\u0259 AB\u015e yax\u0131ndan k\u00f6m\u0259k g\u00f6st\u0259rir. Bu g\u00fcn AB\u015e yax\u015f\u0131 ba\u015fa d\u00fc\u015f\u00fcr ki, g\u00fccl\u00fc Erm\u0259nistan xarici siyas\u0259td\u0259 birba\u015fa Kremlin maraqlar\u0131n\u0131 xidm\u0259t ed\u0259c\u0259k. Bu bax\u0131m\u0131ndan onun g\u00fccl\u0259nm\u0259si AB\u015e maraqlar\u0131na ziddir. AB\u015e D\u00f6vl\u0259t katibi Mayk Pompeonun G\u00fcrc\u00fcstana t\u0259\u015f\u0259kk\u00fcr etm\u0259sini bir daha onu g\u00f6st\u0259rdi ki, Pa\u015finyan administrasiyas\u0131 AB\u015e-\u0131n v\u0259 \u00fcmumilikd\u0259 Q\u0259rbin ondan g\u00f6zl\u0259ntil\u0259rini do\u011frulmur. Buna g\u00f6r\u0259 d\u0259 o, bundan sonra Q\u0259rbd\u0259n ciddi d\u0259st\u0259k ala bilm\u0259y\u0259c\u0259k\u201d.<\/p>\n","protected":false},"excerpt":{"rendered":"<p>G\u00fcrc\u00fcstan\u0131n bir m\u00fcdd\u0259t \u00f6nc\u0259 Rusiyadan Erm\u0259nistana da\u015f\u0131nan silahlar\u0131 \u00f6z hava m\u0259kan\u0131ndan ke\u00e7m\u0259sin\u0259 icaz\u0259 verm\u0259m\u0259si AB\u015e-\u0131n maraqlar\u0131na uy\u011fundur. Bu, Az\u0259rbaycan\u0131n maraqlar\u0131na da uy\u011fundur. M\u00f6vcud situasiya<\/p>\n","protected":false},"author":2,"featured_media":16594,"comment_status":"closed","ping_status":"closed","sticky":false,"template":"","format":"standard","meta":{"footnotes":""},"categories":[4],"tags":[],"class_list":["post-16591","post","type-post","status-publish","format-standard","has-post-thumbnail","hentry","category-qarabag"],"aioseo_notices":[],"_links":{"self":[{"href":"https:\/\/fedai.az\/index.php?rest_route=\/wp\/v2\/posts\/16591","targetHints":{"allow":["GET"]}}],"collection":[{"href":"https:\/\/fedai.az\/index.php?rest_route=\/wp\/v2\/posts"}],"about":[{"href":"https:\/\/fedai.az\/index.php?rest_route=\/wp\/v2\/types\/post"}],"author":[{"embeddable":true,"href":"https:\/\/fedai.az\/index.php?rest_route=\/wp\/v2\/users\/2"}],"replies":[{"embeddable":true,"href":"https:\/\/fedai.az\/index.php?rest_route=%2Fwp%2Fv2%2Fcomments&post=16591"}],"version-history":[{"count":2,"href":"https:\/\/fedai.az\/index.php?rest_route=\/wp\/v2\/posts\/16591\/revisions"}],"predecessor-version":[{"id":16595,"href":"https:\/\/fedai.az\/index.php?rest_route=\/wp\/v2\/posts\/16591\/revisions\/16595"}],"wp:featuredmedia":[{"embeddable":true,"href":"https:\/\/fedai.az\/index.php?rest_route=\/wp\/v2\/media\/16594"}],"wp:attachment":[{"href":"https:\/\/fedai.az\/index.php?rest_route=%2Fwp%2Fv2%2Fmedia&parent=16591"}],"wp:term":[{"taxonomy":"category","embeddable":true,"href":"https:\/\/fedai.az\/index.php?rest_route=%2Fwp%2Fv2%2Fcategories&post=16591"},{"taxonomy":"post_tag","embeddable":true,"href":"https:\/\/fedai.az\/index.php?rest_route=%2Fwp%2Fv2%2Ftags&post=16591"}],"curies":[{"name":"wp","href":"https:\/\/api.w.org\/{rel}","templated":true}]}}