{"id":16596,"date":"2020-09-27T00:40:43","date_gmt":"2020-09-26T20:40:43","guid":{"rendered":"https:\/\/fedai.az\/?p=16596"},"modified":"2020-09-27T00:43:41","modified_gmt":"2020-09-26T20:43:41","slug":"prezident-bir-daha-b%c9%99yan-etdi-qarabag-az%c9%99rbaycanin-%c9%99z%c9%99li-v%c9%99-%c9%99b%c9%99di-torpagidir","status":"publish","type":"post","link":"https:\/\/fedai.az\/?p=16596","title":{"rendered":"Prezident bir daha b\u0259yan etdi: &#171;Qaraba\u011f Az\u0259rbaycan\u0131n \u0259z\u0259li v\u0259 \u0259b\u0259di torpa\u011f\u0131d\u0131r&#187;"},"content":{"rendered":"\n<p><strong>Prezidenti \u0130lham \u018fliyev Avropa \u0130ttifaq\u0131n\u0131n C\u0259nubi Qafqaz \u00fczr\u0259 x\u00fcsusi n\u00fcmay\u0259nd\u0259si Toivo Klaar\u0131 q\u0259bul edib.<\/strong><br>&nbsp;<\/p>\n\n\n\n<p>Fedai.az x\u0259b\u0259r verir ki, Prezident Avropa \u0130ttifaq\u0131n\u0131n x\u00fcsusi n\u00fcmay\u0259nd\u0259si il\u0259 g\u00f6r\u00fc\u015fd\u0259 bir ne\u00e7\u0259 m\u0259s\u0259l\u0259y\u0259 toxunub.<\/p>\n\n\n\n<p>M\u00f6vzu il\u0259 ba\u011fl\u0131 a\u00e7\u0131qlamas\u0131nda Ana V\u0259t\u0259n Partiyas\u0131n\u0131n s\u0259dri, Milli M\u0259clisin deputat\u0131 F\u0259zail A\u011famal\u0131 fikirl\u0259rini b\u00f6l\u00fc\u015f\u00fcb. O bildirib ki, Prezident h\u0259r zaman oldu\u011fu kimi, bir daha Qaraba\u011f\u0131n Az\u0259rbaycan\u0131n \u0259z\u0259li v\u0259 \u0259b\u0259di torpa\u011f\u0131 oldu\u011funu b\u0259yan edib:<\/p>\n\n\n\n<p>&#171;<strong><em>Erm\u0259nistan\u0131n t\u0259cav\u00fczkar t\u0259xribatlar\u0131ndan dan\u0131\u015fan Prezident, Ali Ba\u015f Komandan \u0130lham \u018fliyev d\u00fc\u015fm\u0259nin bu davran\u0131\u015flar\u0131 il\u0259 dan\u0131\u015f\u0131qlar\u0131 m\u0259nas\u0131z etdiyini bildirdi. Onlar\u0131n bil\u0259r\u0259kd\u0259n dan\u0131\u015f\u0131qlar prosesini pozmas\u0131 v\u0259 Da\u011fl\u0131q Qaraba\u011fdan olan separat\u00e7\u0131lar\u0131 dan\u0131\u015f\u0131qlara c\u0259lb etm\u0259k ist\u0259m\u0259si dan\u0131\u015f\u0131qlar\u0131n format\u0131n\u0131 d\u0259yi\u015fm\u0259y\u0259 \u00e7al\u0131\u015fmaqdan x\u0259b\u0259r verir. Ulu \u00d6nd\u0259rimizin diplomatik s\u0259yl\u0259rini u\u011furla davam etdir\u0259n Prezident uzun ill\u0259rdir ki, Erm\u0259nistan\u0131n i\u015f\u011fala son qoymas\u0131 \u00fc\u00e7\u00fcn \u00e7al\u0131\u015f\u0131r. Lakin i\u015f\u011fal olunmu\u015f torpaqlar\u0131m\u0131z\u0131n geri qaytar\u0131lmas\u0131n\u0131 t\u0259min etm\u0259k missiyas\u0131n\u0131 \u00fcz\u0259rin\u0259 g\u00f6t\u00fcr\u0259n AT\u018fT-in Minsk Qrupunun h\u0259ms\u0259drl\u0259ri bu prosesd\u0259 ciddi add\u0131mlar atm\u0131rlar<\/em><\/strong>&#171;. (Sfera.az)<\/p>\n","protected":false},"excerpt":{"rendered":"<p>Prezidenti \u0130lham \u018fliyev Avropa \u0130ttifaq\u0131n\u0131n C\u0259nubi Qafqaz \u00fczr\u0259 x\u00fcsusi n\u00fcmay\u0259nd\u0259si Toivo Klaar\u0131 q\u0259bul edib.&nbsp; Fedai.az x\u0259b\u0259r verir ki, Prezident Avropa \u0130ttifaq\u0131n\u0131n x\u00fcsusi n\u00fcmay\u0259nd\u0259si il\u0259<\/p>\n","protected":false},"author":2,"featured_media":0,"comment_status":"closed","ping_status":"closed","sticky":false,"template":"","format":"standard","meta":{"footnotes":""},"categories":[4],"tags":[],"class_list":["post-16596","post","type-post","status-publish","format-standard","hentry","category-qarabag"],"aioseo_notices":[],"_links":{"self":[{"href":"https:\/\/fedai.az\/index.php?rest_route=\/wp\/v2\/posts\/16596","targetHints":{"allow":["GET"]}}],"collection":[{"href":"https:\/\/fedai.az\/index.php?rest_route=\/wp\/v2\/posts"}],"about":[{"href":"https:\/\/fedai.az\/index.php?rest_route=\/wp\/v2\/types\/post"}],"author":[{"embeddable":true,"href":"https:\/\/fedai.az\/index.php?rest_route=\/wp\/v2\/users\/2"}],"replies":[{"embeddable":true,"href":"https:\/\/fedai.az\/index.php?rest_route=%2Fwp%2Fv2%2Fcomments&post=16596"}],"version-history":[{"count":2,"href":"https:\/\/fedai.az\/index.php?rest_route=\/wp\/v2\/posts\/16596\/revisions"}],"predecessor-version":[{"id":16600,"href":"https:\/\/fedai.az\/index.php?rest_route=\/wp\/v2\/posts\/16596\/revisions\/16600"}],"wp:attachment":[{"href":"https:\/\/fedai.az\/index.php?rest_route=%2Fwp%2Fv2%2Fmedia&parent=16596"}],"wp:term":[{"taxonomy":"category","embeddable":true,"href":"https:\/\/fedai.az\/index.php?rest_route=%2Fwp%2Fv2%2Fcategories&post=16596"},{"taxonomy":"post_tag","embeddable":true,"href":"https:\/\/fedai.az\/index.php?rest_route=%2Fwp%2Fv2%2Ftags&post=16596"}],"curies":[{"name":"wp","href":"https:\/\/api.w.org\/{rel}","templated":true}]}}