{"id":16611,"date":"2020-09-27T01:03:51","date_gmt":"2020-09-26T21:03:51","guid":{"rendered":"https:\/\/fedai.az\/?p=16611"},"modified":"2020-09-27T01:06:15","modified_gmt":"2020-09-26T21:06:15","slug":"rusiya-gurcustanin-iki-muxtar-respublikasini-isgal-edib","status":"publish","type":"post","link":"https:\/\/fedai.az\/?p=16611","title":{"rendered":"Rusiya G\u00fcrc\u00fcstan\u0131n iki muxtar respublikas\u0131n\u0131 i\u015f\u011fal edib"},"content":{"rendered":"\n<p><strong>Bel\u0259 olan halda iki \u00f6lk\u0259 aras\u0131nda normalla\u015fma m\u00fcmk\u00fcn deyil<\/strong>.<\/p>\n\n\n\n<p><strong>G\u00fcrc\u00fcstan\u0131n NATO il\u0259 \u0259m\u0259kda\u015fl\u0131\u011f\u0131 v\u0259 alyansa \u00fczvl\u00fck c\u0259hdl\u0259ri Rusiya il\u0259 m\u00fcnasib\u0259tl\u0259rin normalla\u015fmas\u0131n\u0131 bloklay\u0131r. Bunu Rusiya Dumas\u0131n\u0131n MDB \u0130\u015fl\u0259ri \u00fczr\u0259 komit\u0259sinin s\u0259dr m\u00fcavini Konstantin Zatulin deyib. Duma \u00fczv\u00fc bildirib ki, bir m\u00fcdd\u0259t \u0259vv\u0259l G\u00fcrc\u00fcstan Rusiyadan Erm\u0259nistana ged\u0259n h\u0259rbi texnika t\u0259dar\u00fck\u00fcn\u00fc bloklay\u0131b v\u0259 bu tranzit\u0259 imkan verm\u0259yib, \u0259v\u0259zind\u0259 AB\u015e d\u00f6vl\u0259t katibi Mayk Pompeodan t\u0259\u015f\u0259kk\u00fcr al\u0131b: \u201c\u018fg\u0259r G\u00fcrc\u00fcstan biz\u0259 mane olma\u011fa, t\u0259k\u0259rimiz\u0259 \u00e7omaq soxma\u011fa davam edirs\u0259, Rusiya il\u0259 hans\u0131 etibar v\u0259 m\u00fcnasib\u0259tl\u0259r bar\u0259d\u0259 dan\u0131\u015fmaq olar?!\u201d. Zatulin NATO-nun postsovet m\u0259kan\u0131na t\u0259sir u\u011frunda m\u00fcbariz\u0259 apard\u0131\u011f\u0131n\u0131 deyib.<\/strong><\/p>\n\n\n\n<p>Moskvan\u0131n Zatulinin dili il\u0259 G\u00fcrc\u00fcstan\u0131 h\u0259d\u0259l\u0259m\u0259sini \u201c\u015e\u0259rq\u201d\u0259 t\u0259hlil ed\u0259n V\u0259hd\u0259t Partiyas\u0131n\u0131n s\u0259dr m\u00fcavini Vasif \u018ff\u0259ndiyev deyib ki, pandemiyan\u0131n d\u00fcnyaya yeni d\u00fcz\u0259n g\u0259tir\u0259c\u0259yi add\u0131m-add\u0131m \u00f6z\u00fcn\u00fc g\u00f6st\u0259rm\u0259kd\u0259dir. Politoloqun s\u00f6zl\u0259rin\u0259 g\u00f6r\u0259, haz\u0131rda d\u00fcnyada \u00e7ox ciddi prosesl\u0259r v\u0259 d\u0259yi\u015fiklikl\u0259r ba\u015f verir:<\/p>\n\n\n\n<p>\u201cD\u00fcnya iqtisadiyyat\u0131 yeni \u015f\u0259rait\u0259 uy\u011fun formala\u015fmaqdad\u0131r. Siyasi prosesl\u0259r paralel olaraq s\u00fcr\u0259tl\u0259 d\u0259yi\u015fir. B\u0259zi rejiml\u0259r ciddi-c\u0259hdl\u0259 k\u00f6hn\u0259 sistemi m\u00fcdafi\u0259 etm\u0259y\u0259 \u00e7al\u0131\u015fsalar da, prosesin qar\u015f\u0131s\u0131n\u0131 ala bilmirl\u0259r.<\/p>\n\n\n\n<p>B\u0259\u015f\u0259riyy\u0259tin yeni idar\u0259etm\u0259 v\u0259 iqtisadi formasiyaya ke\u00e7idi qa\u00e7\u0131lmazd\u0131r. Rusiya b\u00fct\u00fcn g\u00fcc\u00fc il\u0259 prosesi dayand\u0131rma\u011fa \u00e7al\u0131\u015fsa da, yaln\u0131z bir q\u0259d\u0259r gecikdir\u0259 v\u0259 ya \u00e7\u0259tinl\u0259\u015fdir\u0259 bil\u0259r. G\u00fcrc\u00fcstan\u0131n \u00f6z \u0259razisind\u0259n Erm\u0259nistana apar\u0131lan h\u0259rbi y\u00fckl\u0259ri buraxmamas\u0131 Rusiyan\u0131 hidd\u0259tl\u0259ndirs\u0259 d\u0259, bu \u00f6lk\u0259 il\u0259 m\u00fcnasib\u0259tl\u0259rin\u0259 t\u0259sir etm\u0259y\u0259c\u0259k.<\/p>\n\n\n\n<p>Zatulinin G\u00fcrc\u00fcstan\u0131n bu add\u0131m\u0131n\u0131n iki \u00f6lk\u0259 aras\u0131nda normalla\u015fma prosesin\u0259 ziyan vurdu\u011funu b\u0259yan etm\u0259si d\u0259 absurddur. Hans\u0131 normalla\u015fmadan s\u00f6hb\u0259t ged\u0259 bil\u0259r ki, h\u0259l\u0259 d\u0259 G\u00fcrc\u00fcstana aid iki muxtar respublika Rusiya i\u015f\u011fal\u0131nda qalmaqdad\u0131r. Bu \u0259razil\u0259rin geri qaytar\u0131lmad\u0131\u011f\u0131 m\u00fcdd\u0259td\u0259 he\u00e7 bir ciddi m\u00fcnasib\u0259tl\u0259rd\u0259n s\u00f6hb\u0259t ged\u0259 bilm\u0259z\u201d.<\/p>\n\n\n\n<p>Analitik b\u0259yan edib ki, eyni v\u0259ziyy\u0259t Az\u0259rbaycana da aiddir:<\/p>\n\n\n\n<p>\u201cBu g\u00fcnl\u0259rd\u0259 Prezidentin \u0259n y\u00fcks\u0259k k\u00fcrs\u00fcl\u0259rd\u0259n v\u0259 n\u00fcfuzlu beyn\u0259lxalq t\u0259\u015fkilatlar\u0131n tribunalar\u0131ndan s\u0259sl\u0259ndirdiyi c\u0259sar\u0259tli fikirl\u0259r buna s\u00fcbutdur. Prezident \u0130lham \u018fliyevin s\u0259sl\u0259ndirdiyi \u201c\u0130\u015f\u011fal fakt\u0131n\u0131n arxas\u0131nda dayanan q\u00fcvv\u0259l\u0259rin Erm\u0259nistana t\u0259m\u0259nnas\u0131z silah ba\u011f\u0131\u015flamas\u0131\u201d bar\u0259d\u0259 son fikirl\u0259ri art\u0131q i\u015f\u011fal\u00e7\u0131n\u0131n arxas\u0131nda dayanan q\u00fcvv\u0259ni ad\u0131 il\u0259 \u00e7a\u011f\u0131rmaq dem\u0259kdir.<\/p>\n\n\n\n<p>Bu fakt art\u0131q daha \u00e7ox v\u0259 israrla s\u0259sl\u0259ndirilm\u0259kd\u0259dir. Rusiyan\u0131n Qafqazda m\u00f6vqel\u0259rini qar\u015f\u0131l\u0131ql\u0131 v\u0259 b\u0259rab\u0259r h\u00fcquqlu siyas\u0259t aparmaqla deyil, g\u00fcc v\u0259 i\u015f\u011fal\u0131 davam etdirm\u0259kl\u0259 saxlamaq niyy\u0259ti al\u0131nmayacaq. Az\u0259rbaycan torpaqlar\u0131 i\u015f\u011faldan azad olunacaq v\u0259 bu yaln\u0131z Avropa, AB\u015e v\u0259 NATO il\u0259 m\u00fctt\u0259fiqlikd\u0259n ke\u00e7ir.<\/p>\n\n\n\n<p>Az\u0259rbaycan\u0131n bu q\u0259tiyy\u0259tli davran\u0131\u015f\u0131 c\u0259nub qon\u015fular\u0131m\u0131z\u0131 da \u00e7ox q\u0131c\u0131qland\u0131r\u0131b. Bu g\u00fcnl\u0259rd\u0259 \u0130randa gizl\u0259n\u0259n v\u0259t\u0259n xaini Tohid \u0130brahimb\u0259ylinin video-m\u00fcraci\u0259tini izl\u0259dim. Bu xain T\u00fcrkiy\u0259 silahl\u0131 q\u00fcvv\u0259l\u0259rinin Az\u0259rbaycana h\u0259rbi t\u0259liml\u0259r\u0259 g\u0259lm\u0259sini \u00f6z\u00fcn\u0259 m\u0259xsus t\u0259rzd\u0259 \u201cv\u0259hhabil\u0259rin g\u0259li\u015fi\u201d kimi qiym\u0259tl\u0259ndirir.<\/p>\n\n\n\n<p>Adam bir az da ir\u0259li ged\u0259r\u0259k bu hadis\u0259ni \u201cS\u0259f\u0259vi-Osmanl\u0131 qar\u015f\u0131durmas\u0131\u201d v\u0259 \u201cm\u0259zh\u0259b davas\u0131\u201d kimi yozur. Bu, g\u00fcl\u00fcnc g\u00f6r\u00fcns\u0259 d\u0259, \u00e7ox t\u0259hl\u00fck\u0259li tendensiyad\u0131r. T\u0259\u0259ss\u00fcf ki, Az\u0259rbaycanda v\u0259 d\u00fc\u015fm\u0259n \u00f6lk\u0259l\u0259rd\u0259 yeti\u015f\u0259n v\u0259 bu tendensiyan\u0131 d\u0259st\u0259kl\u0259y\u0259n q\u00fcvv\u0259l\u0259r ba\u015f qald\u0131r\u0131blar. Bu irticaya vaxt\u0131nda cavab verilm\u0259lidir\u201d.<\/p>\n\n\n\n<p>V.\u018ff\u0259ndiyev\u0259 g\u00f6r\u0259, Pompeonun G\u00fcrc\u00fcstana t\u0259\u015f\u0259kk\u00fcr b\u0259yanat\u0131 se\u00e7ki \u00f6nc\u0259si d\u0259st\u0259k mesaj\u0131 ola bil\u0259r:<\/p>\n\n\n\n<p>\u201cSon bir ild\u0259 S.Zurabi\u015fvilinin siyasi arientasiyada Q\u0259rb\u0259 istiqam\u0259t v\u0259 Rusiya il\u0259 s\u0259rtl\u0259\u015fmi\u015f m\u00fcnasib\u0259t yolunu se\u00e7m\u0259si t\u0259qdir\u0259layiqdir. G\u00fcrc\u00fcstan\u0131n Rusiyan\u0131n qoltu\u011fu alt\u0131na d\u00fc\u015fm\u0259si ilk n\u00f6vb\u0259d\u0259 bizim \u00fc\u00e7\u00fcn \u00e7\u0259tinlikl\u0259r yaradar. Unutmayaq ki, Rusiyan\u0131n Erm\u0259nistanla quru \u0259laq\u0259si yaln\u0131z G\u00fcrc\u00fcstanlad\u0131r v\u0259 d\u00fcnyaya \u00e7\u0131xan neft k\u0259m\u0259rl\u0259rimiz bu \u00f6lk\u0259d\u0259n ke\u00e7ir.<\/p>\n\n\n\n<p>Tovuz hadis\u0259l\u0259ri zaman\u0131 Rusiya m\u0259hz neft k\u0259m\u0259rl\u0259rimizi h\u0259d\u0259f almaqla bizi t\u0259hdid etmi\u015fdi\u201d.(Azerforum)<\/p>\n","protected":false},"excerpt":{"rendered":"<p>Bel\u0259 olan halda iki \u00f6lk\u0259 aras\u0131nda normalla\u015fma m\u00fcmk\u00fcn deyil. G\u00fcrc\u00fcstan\u0131n NATO il\u0259 \u0259m\u0259kda\u015fl\u0131\u011f\u0131 v\u0259 alyansa \u00fczvl\u00fck c\u0259hdl\u0259ri Rusiya il\u0259 m\u00fcnasib\u0259tl\u0259rin normalla\u015fmas\u0131n\u0131 bloklay\u0131r. Bunu Rusiya<\/p>\n","protected":false},"author":2,"featured_media":0,"comment_status":"closed","ping_status":"closed","sticky":false,"template":"","format":"standard","meta":{"footnotes":""},"categories":[1],"tags":[],"class_list":["post-16611","post","type-post","status-publish","format-standard","hentry","category-siyast"],"aioseo_notices":[],"_links":{"self":[{"href":"https:\/\/fedai.az\/index.php?rest_route=\/wp\/v2\/posts\/16611","targetHints":{"allow":["GET"]}}],"collection":[{"href":"https:\/\/fedai.az\/index.php?rest_route=\/wp\/v2\/posts"}],"about":[{"href":"https:\/\/fedai.az\/index.php?rest_route=\/wp\/v2\/types\/post"}],"author":[{"embeddable":true,"href":"https:\/\/fedai.az\/index.php?rest_route=\/wp\/v2\/users\/2"}],"replies":[{"embeddable":true,"href":"https:\/\/fedai.az\/index.php?rest_route=%2Fwp%2Fv2%2Fcomments&post=16611"}],"version-history":[{"count":1,"href":"https:\/\/fedai.az\/index.php?rest_route=\/wp\/v2\/posts\/16611\/revisions"}],"predecessor-version":[{"id":16613,"href":"https:\/\/fedai.az\/index.php?rest_route=\/wp\/v2\/posts\/16611\/revisions\/16613"}],"wp:attachment":[{"href":"https:\/\/fedai.az\/index.php?rest_route=%2Fwp%2Fv2%2Fmedia&parent=16611"}],"wp:term":[{"taxonomy":"category","embeddable":true,"href":"https:\/\/fedai.az\/index.php?rest_route=%2Fwp%2Fv2%2Fcategories&post=16611"},{"taxonomy":"post_tag","embeddable":true,"href":"https:\/\/fedai.az\/index.php?rest_route=%2Fwp%2Fv2%2Ftags&post=16611"}],"curies":[{"name":"wp","href":"https:\/\/api.w.org\/{rel}","templated":true}]}}