{"id":18456,"date":"2020-10-18T00:39:25","date_gmt":"2020-10-17T20:39:25","guid":{"rendered":"https:\/\/fedai.az\/?p=18456"},"modified":"2020-10-18T00:39:28","modified_gmt":"2020-10-17T20:39:28","slug":"internet-m%c9%99hdudiyy%c9%99ti-aradan-qaldirilacaqmi-aciqlama","status":"publish","type":"post","link":"https:\/\/fedai.az\/?p=18456","title":{"rendered":"\u0130nternet m\u0259hdudiyy\u0259ti aradan qald\u0131r\u0131lacaqm\u0131? \u2014 A\u00e7\u0131qlama"},"content":{"rendered":"\n<p><strong>M\u0259lum oldu\u011fu kimi, d\u00fcn\u0259n karantin rejiminin s\u0259rtl\u0259\u015fdirilm\u0259si il\u0259 ba\u011fl\u0131 q\u0259rar q\u0259bul edilib. Nazirl\u0259r Kabinetinin m\u00fcvafiq tap\u015f\u0131r\u0131\u011f\u0131na \u0259sas\u0259n, d\u00f6vl\u0259t qurumlar\u0131nda \u00e7al\u0131\u015fan i\u015f\u00e7il\u0259rin say h\u0259ddi 30 faiz\u0259d\u0259k azald\u0131laraq dig\u0259r \u0259m\u0259kda\u015flar m\u0259saf\u0259d\u0259n i\u015f rejimin\u0259 ke\u00e7irilm\u0259lidir. Bunu n\u0259z\u0259r\u0259 alaraq, \u00e7al\u0131\u015fanlar\u0131n m\u0259saf\u0259d\u0259n i\u015f rejiminin t\u0259min edilm\u0259si \u00fc\u00e7\u00fcn vacib olan internet\u0259 qoyulan m\u0259hdudiyy\u0259t qald\u0131r\u0131lacaqm\u0131?<\/strong><\/p>\n\n\n\n<p>M\u00f6vzu il\u0259 ba\u011fl\u0131&nbsp;<a target=\"_blank\" href=\"https:\/\/axar.az\/\" rel=\"noreferrer noopener\">Axar.az<\/a>-a dan\u0131\u015fan N\u0259qliyyat, Rabit\u0259 v\u0259 Y\u00fcks\u0259k Texnologiya Nazirliyinin ictimaiyy\u0259tl\u0259 \u0259laq\u0259l\u0259r \u015f\u00f6b\u0259sinin m\u00fcdiri G\u00fcnel G\u00f6z\u0259lova bildirib ki, internet\u0259 t\u0259tbiq olunan m\u0259hdudiyy\u0259tl\u0259 ba\u011fl\u0131 yenilik yoxdur:<\/p>\n\n\n\n<p>\u201cHaz\u0131rda m\u0259hdudiyy\u0259tin qald\u0131r\u0131lmas\u0131 il\u0259 ba\u011fl\u0131 he\u00e7 bir yenilik yoxdur. \u0130nternet m\u0259hdudiyy\u0259ti Az\u0259rbaycan \u0259razisind\u0259 internetin olmamas\u0131 anlam\u0131na g\u0259lmir. B\u00fct\u00fcn bu m\u0259hdudiyy\u0259tl\u0259r Telekommunikasiya haqq\u0131nda Az\u0259rbaycan Respublikas\u0131n\u0131n qanunu il\u0259, eyni zamanda h\u0259rbi v\u0259ziyy\u0259td\u0259 rabit\u0259d\u0259n istifad\u0259 haqq\u0131nda x\u00fcsusi qaydalara \u0259sas\u0259n t\u0259tbiq olunub. H\u0259rbi v\u0259ziyy\u0259td\u0259 bu hal\u0131n ya\u015fanmas\u0131 normald\u0131r. \u0130nternetin verilm\u0259sini m\u0259hdudla\u015fd\u0131rmasaq, d\u00fc\u015fm\u0259n kiberh\u00fccumlar\u0131 birba\u015fa d\u00f6vl\u0259t infrastrukturuna z\u0259r\u0259r vuracaq\u201d.<\/p>\n\n\n\n<p>G.G\u00f6z\u0259lovan\u0131n s\u00f6zl\u0259rin\u0259 g\u00f6r\u0259, v\u0259t\u0259nda\u015flar alternativ platformalardan istifad\u0259 edib, dezinformasiyan\u0131n yay\u0131lmas\u0131na qar\u015f\u0131 \u00e7\u0131xmal\u0131d\u0131r.<\/p>\n","protected":false},"excerpt":{"rendered":"<p>M\u0259lum oldu\u011fu kimi, d\u00fcn\u0259n karantin rejiminin s\u0259rtl\u0259\u015fdirilm\u0259si il\u0259 ba\u011fl\u0131 q\u0259rar q\u0259bul edilib. Nazirl\u0259r Kabinetinin m\u00fcvafiq tap\u015f\u0131r\u0131\u011f\u0131na \u0259sas\u0259n, d\u00f6vl\u0259t qurumlar\u0131nda \u00e7al\u0131\u015fan i\u015f\u00e7il\u0259rin say h\u0259ddi 30<\/p>\n","protected":false},"author":2,"featured_media":18457,"comment_status":"closed","ping_status":"closed","sticky":false,"template":"","format":"standard","meta":{"footnotes":""},"categories":[12],"tags":[],"class_list":["post-18456","post","type-post","status-publish","format-standard","has-post-thumbnail","hentry","category-sosial"],"aioseo_notices":[],"_links":{"self":[{"href":"https:\/\/fedai.az\/index.php?rest_route=\/wp\/v2\/posts\/18456","targetHints":{"allow":["GET"]}}],"collection":[{"href":"https:\/\/fedai.az\/index.php?rest_route=\/wp\/v2\/posts"}],"about":[{"href":"https:\/\/fedai.az\/index.php?rest_route=\/wp\/v2\/types\/post"}],"author":[{"embeddable":true,"href":"https:\/\/fedai.az\/index.php?rest_route=\/wp\/v2\/users\/2"}],"replies":[{"embeddable":true,"href":"https:\/\/fedai.az\/index.php?rest_route=%2Fwp%2Fv2%2Fcomments&post=18456"}],"version-history":[{"count":1,"href":"https:\/\/fedai.az\/index.php?rest_route=\/wp\/v2\/posts\/18456\/revisions"}],"predecessor-version":[{"id":18458,"href":"https:\/\/fedai.az\/index.php?rest_route=\/wp\/v2\/posts\/18456\/revisions\/18458"}],"wp:featuredmedia":[{"embeddable":true,"href":"https:\/\/fedai.az\/index.php?rest_route=\/wp\/v2\/media\/18457"}],"wp:attachment":[{"href":"https:\/\/fedai.az\/index.php?rest_route=%2Fwp%2Fv2%2Fmedia&parent=18456"}],"wp:term":[{"taxonomy":"category","embeddable":true,"href":"https:\/\/fedai.az\/index.php?rest_route=%2Fwp%2Fv2%2Fcategories&post=18456"},{"taxonomy":"post_tag","embeddable":true,"href":"https:\/\/fedai.az\/index.php?rest_route=%2Fwp%2Fv2%2Ftags&post=18456"}],"curies":[{"name":"wp","href":"https:\/\/api.w.org\/{rel}","templated":true}]}}