{"id":18459,"date":"2020-10-18T00:42:25","date_gmt":"2020-10-17T20:42:25","guid":{"rendered":"https:\/\/fedai.az\/?p=18459"},"modified":"2020-10-18T00:42:28","modified_gmt":"2020-10-17T20:42:28","slug":"mehriban-%c9%99liyeva-g%c9%99nc%c9%99-az%c9%99rbaycanin-doyun%c9%99n-ur%c9%99yidir","status":"publish","type":"post","link":"https:\/\/fedai.az\/?p=18459","title":{"rendered":"Mehriban \u018fliyeva: \u201cG\u0259nc\u0259 Az\u0259rbaycan\u0131n d\u00f6y\u00fcn\u0259n \u00fcr\u0259yidir&#187;"},"content":{"rendered":"\n<p><strong>Az\u0259rbaycan\u0131n Birinci vitse-prezidenti Mehriban \u018fliyeva G\u0259nc\u0259d\u0259ki d\u00fc\u015fm\u0259n t\u0259xribat\u0131 il\u0259 ba\u011fl\u0131 payla\u015f\u0131m edib.<\/strong><\/p>\n\n\n\n<p>Birinci vitse-prezidentin \u201cInstagram\u201d hesab\u0131nda yay\u0131mlanan payla\u015f\u0131mda deyilir:<\/p>\n\n\n\n<p>\u201cBu gec\u0259 erm\u0259ni t\u0259cav\u00fczkarlar\u0131 G\u0259nc\u0259y\u0259 xainc\u0259sin\u0259 h\u00fccum edibl\u0259r.<\/p>\n\n\n\n<p>Niyy\u0259t sad\u0259 v\u0259 eyni zamanda, d\u0259h\u015f\u0259tlidir \u2013 m\u00fcmk\u00fcn q\u0259d\u0259r \u00e7oxsayl\u0131 dinc sakinl\u0259ri m\u0259hv etm\u0259k, panika yaratmaq, Az\u0259rbaycan xalq\u0131n\u0131 qorxutmaq\u201d.<\/p>\n\n\n\n<p>Lakin t\u0259cav\u00fczkar he\u00e7 vaxt \u00f6z \u00e7irkin m\u0259qs\u0259dl\u0259rin\u0259 nail olmayacaq. Bu \u015fanl\u0131 \u015f\u0259h\u0259rin sakinl\u0259ri ruh\u0259n \u00e7ox g\u00fccl\u00fcd\u00fcrl\u0259r! G\u0259nc\u0259 &#8212; Nizamidir, M\u0259hs\u0259tidir, Vazehdir! Lakin G\u0259nc\u0259 t\u0259kc\u0259 Az\u0259rbaycan\u0131n m\u0259d\u0259ni irsi deyil.<\/p>\n\n\n\n<p>G\u0259nc\u0259 &#8212; q\u0259dim d\u00f6vl\u0259t\u00e7iliyimizin be\u015fiyidir.<\/p>\n\n\n\n<p>Bu, sars\u0131lmaz d\u00f6z\u00fcm, m\u0259rdlik v\u0259 igidlik r\u0259mzidir!<\/p>\n\n\n\n<p>G\u0259nc\u0259 Cavadxan\u0131n yurdudur. Bu \u015f\u0259h\u0259r \u015e\u0259rqd\u0259 ilk demokratik c\u00fcmhuriyy\u0259tin m\u00fcst\u0259qilliyi u\u011frunda sona q\u0259d\u0259r vuru\u015fmu\u015f \u015f\u0259h\u0259rdir.<\/p>\n\n\n\n<p>G\u0259nc\u0259 Az\u0259rbaycan\u0131n d\u00f6y\u00fcn\u0259n \u00fcr\u0259yidir v\u0259 he\u00e7 k\u0259s he\u00e7 vaxt onun sakinl\u0259rinin m\u0259\u011frur ruhunu s\u0131nd\u0131ra bilm\u0259z!\u201d.<\/p>\n","protected":false},"excerpt":{"rendered":"<p>Az\u0259rbaycan\u0131n Birinci vitse-prezidenti Mehriban \u018fliyeva G\u0259nc\u0259d\u0259ki d\u00fc\u015fm\u0259n t\u0259xribat\u0131 il\u0259 ba\u011fl\u0131 payla\u015f\u0131m edib. Birinci vitse-prezidentin \u201cInstagram\u201d hesab\u0131nda yay\u0131mlanan payla\u015f\u0131mda deyilir: \u201cBu gec\u0259 erm\u0259ni t\u0259cav\u00fczkarlar\u0131 G\u0259nc\u0259y\u0259<\/p>\n","protected":false},"author":2,"featured_media":18460,"comment_status":"closed","ping_status":"closed","sticky":false,"template":"","format":"standard","meta":{"footnotes":""},"categories":[3],"tags":[],"class_list":["post-18459","post","type-post","status-publish","format-standard","has-post-thumbnail","hentry","category-gundm"],"aioseo_notices":[],"_links":{"self":[{"href":"https:\/\/fedai.az\/index.php?rest_route=\/wp\/v2\/posts\/18459","targetHints":{"allow":["GET"]}}],"collection":[{"href":"https:\/\/fedai.az\/index.php?rest_route=\/wp\/v2\/posts"}],"about":[{"href":"https:\/\/fedai.az\/index.php?rest_route=\/wp\/v2\/types\/post"}],"author":[{"embeddable":true,"href":"https:\/\/fedai.az\/index.php?rest_route=\/wp\/v2\/users\/2"}],"replies":[{"embeddable":true,"href":"https:\/\/fedai.az\/index.php?rest_route=%2Fwp%2Fv2%2Fcomments&post=18459"}],"version-history":[{"count":1,"href":"https:\/\/fedai.az\/index.php?rest_route=\/wp\/v2\/posts\/18459\/revisions"}],"predecessor-version":[{"id":18461,"href":"https:\/\/fedai.az\/index.php?rest_route=\/wp\/v2\/posts\/18459\/revisions\/18461"}],"wp:featuredmedia":[{"embeddable":true,"href":"https:\/\/fedai.az\/index.php?rest_route=\/wp\/v2\/media\/18460"}],"wp:attachment":[{"href":"https:\/\/fedai.az\/index.php?rest_route=%2Fwp%2Fv2%2Fmedia&parent=18459"}],"wp:term":[{"taxonomy":"category","embeddable":true,"href":"https:\/\/fedai.az\/index.php?rest_route=%2Fwp%2Fv2%2Fcategories&post=18459"},{"taxonomy":"post_tag","embeddable":true,"href":"https:\/\/fedai.az\/index.php?rest_route=%2Fwp%2Fv2%2Ftags&post=18459"}],"curies":[{"name":"wp","href":"https:\/\/api.w.org\/{rel}","templated":true}]}}