{"id":18467,"date":"2020-10-18T01:08:21","date_gmt":"2020-10-17T21:08:21","guid":{"rendered":"https:\/\/fedai.az\/?p=18467"},"modified":"2020-10-18T01:08:23","modified_gmt":"2020-10-17T21:08:23","slug":"turk-general-rusiya-az%c9%99rbaycana-qarsi-h%c9%99rbi-addimlar-atsa-%c9%99min-olsun-ki-qarsisinda-turkiy%c9%99-ordusunu-gor%c9%99c%c9%99k","status":"publish","type":"post","link":"https:\/\/fedai.az\/?p=18467","title":{"rendered":"T\u00fcrk general: &#171;Rusiya Az\u0259rbaycana qar\u015f\u0131 h\u0259rbi add\u0131mlar atsa, \u0259min olsun ki, qar\u015f\u0131s\u0131nda T\u00fcrkiy\u0259 Ordusunu g\u00f6r\u0259c\u0259k&#187;"},"content":{"rendered":"\n<p><strong>&#171;\u018fg\u0259r Rusiya i\u015f\u011fal\u00e7\u0131 Erm\u0259nistan\u0131n yan\u0131nda dayan\u0131b Az\u0259rbaycana qar\u015f\u0131 h\u0259rbi add\u0131mlar atarsa, \u0259min olsun ki, qar\u015f\u0131s\u0131nda T\u00fcrkiy\u0259 Ordusunu g\u00f6r\u0259c\u0259k&#187;.&nbsp;<\/strong><\/p>\n\n\n\n<p><br>Bu fikirl\u0259ri&nbsp;<strong><a href=\"https:\/\/demokrat.az\/\">Demokrat.az<\/a><\/strong>-a a\u00e7\u0131qlamas\u0131nda T\u00fcrkiy\u0259 Hava Q\u00fcvv\u0259l\u0259ri Akademiyas\u0131n\u0131n r\u0259hb\u0259ri, ehtiyyatda olan general-mayor K\u00fcr\u015fat At\u0131lgan bildirib.&nbsp;<\/p>\n\n\n\n<p>&nbsp;<br>K\u00fcr\u015fat At\u0131lgan deyib ki, Rusiya regionda do\u011frudan da s\u00f6z sahibi olmaq isty\u0259yirs\u0259, o zaman i\u015f\u011fal\u00e7\u0131 Erm\u0259nistan\u0131n Az\u0259rbaycana qar\u015f\u0131 terror aktlar\u0131na cavab verm\u0259lidir:<\/p>\n\n\n\n<p><br>&#171;Erm\u0259nistan terror\u00e7ular\u0131 bu gec\u0259 d\u0259 G\u0259nc\u0259d\u0259 m\u00fclki \u0259halini raketl\u0259 vuraraq \u015f\u0259hid edibl\u0259r. Orada d\u00fcnyas\u0131n\u0131 d\u0259yi\u015f\u0259n qarda\u015f v\u0259 bac\u0131lar\u0131m\u0131za Allahdan r\u0259hm\u0259t dil\u0259yir\u0259m. Bu, bir daha Erm\u0259nistan\u0131n terror d\u00f6vl\u0259ti oldu\u011funu g\u00f6st\u0259rir. N\u0259 \u00fc\u00e7\u00fcn Rusiya, Fransa Erm\u0259nistan\u0131n terror\u00e7u add\u0131mlar\u0131na s\u0259sini \u00e7\u0131xarm\u0131r? G\u0259nc\u0259d\u0259 h\u0259lak olanlar h\u0259rbi\u00e7il\u0259r bel\u0259 deyil, dinc \u0259halidir, bizim az\u0259rbaycanl\u0131 qarda\u015flar\u0131m\u0131zd\u0131r. \u0130\u015f\u011fal\u00e7\u0131 Erm\u0259nistan G\u0259nc\u0259ni vurma\u011f\u0131na g\u00f6r\u0259 \u00e7ox pe\u015fiman olacaq. Az\u0259rbaycan Ordusu bunun intiqam\u0131n\u0131 alacaq v\u0259 haz\u0131rda da al\u0131r. G\u00fccl\u00fc Az\u0259rbaycan Ordusu torpaqlar\u0131n\u0131 erm\u0259ni i\u015f\u011fal\u0131ndan azad etm\u0259kl\u0259 G\u0259nc\u0259nin intiqam\u0131n\u0131 al\u0131r&#187;.<\/p>\n\n\n\n<p><br>K\u00fcr\u015fat At\u0131lgan qeyd edib ki, Erm\u0259nistan\u0131n h\u0259rbi-siyasi r\u0259hb\u0259rliyi G\u0259nc\u0259y\u0259 raket atmaqla dinc az\u0259rbaycanl\u0131lara qar\u015f\u0131 ikinci Xocal\u0131 soyq\u0131r\u0131m\u0131n\u0131 t\u00f6r\u0259tm\u0259k ist\u0259yir:<\/p>\n\n\n\n<p><br>&#171;Erm\u0259nistan terror \u00fcz\u0259rind\u0259 qurulan bir d\u00f6vl\u0259tdir. B\u0259lk\u0259 d\u0259 d\u00fcnyada erm\u0259nil\u0259r kimi ikinci terror\u00e7u mill\u0259t yoxdur. Bir ne\u00e7\u0259 il bundan \u0259vv\u0259l m\u0259n NATO-nun toplant\u0131s\u0131nda i\u015ftirak etm\u0259k \u00fc\u00e7\u00fcn \u0130r\u0259vanda s\u0259f\u0259rd\u0259 oldum. H\u0259min vaxt\u0131 da \u015fahid oldum ki, erm\u0259nil\u0259rd\u0259 t\u00fcrkl\u0259r\u0259 qar\u015f\u0131 \u00e7ox radikal nifr\u0259t m\u00f6vcuddur. T\u00fcrk\u0259 nifr\u0259t b\u0259sl\u0259m\u0259k Erm\u0259nistanda bir siyas\u0259t hal\u0131na g\u0259tirilib&#187;.&nbsp;<\/p>\n","protected":false},"excerpt":{"rendered":"<p>&#171;\u018fg\u0259r Rusiya i\u015f\u011fal\u00e7\u0131 Erm\u0259nistan\u0131n yan\u0131nda dayan\u0131b Az\u0259rbaycana qar\u015f\u0131 h\u0259rbi add\u0131mlar atarsa, \u0259min olsun ki, qar\u015f\u0131s\u0131nda T\u00fcrkiy\u0259 Ordusunu g\u00f6r\u0259c\u0259k&#187;.&nbsp; Bu fikirl\u0259ri&nbsp;Demokrat.az-a a\u00e7\u0131qlamas\u0131nda T\u00fcrkiy\u0259 Hava Q\u00fcvv\u0259l\u0259ri<\/p>\n","protected":false},"author":2,"featured_media":18468,"comment_status":"closed","ping_status":"closed","sticky":false,"template":"","format":"standard","meta":{"footnotes":""},"categories":[1],"tags":[],"class_list":["post-18467","post","type-post","status-publish","format-standard","has-post-thumbnail","hentry","category-siyast"],"aioseo_notices":[],"_links":{"self":[{"href":"https:\/\/fedai.az\/index.php?rest_route=\/wp\/v2\/posts\/18467","targetHints":{"allow":["GET"]}}],"collection":[{"href":"https:\/\/fedai.az\/index.php?rest_route=\/wp\/v2\/posts"}],"about":[{"href":"https:\/\/fedai.az\/index.php?rest_route=\/wp\/v2\/types\/post"}],"author":[{"embeddable":true,"href":"https:\/\/fedai.az\/index.php?rest_route=\/wp\/v2\/users\/2"}],"replies":[{"embeddable":true,"href":"https:\/\/fedai.az\/index.php?rest_route=%2Fwp%2Fv2%2Fcomments&post=18467"}],"version-history":[{"count":1,"href":"https:\/\/fedai.az\/index.php?rest_route=\/wp\/v2\/posts\/18467\/revisions"}],"predecessor-version":[{"id":18469,"href":"https:\/\/fedai.az\/index.php?rest_route=\/wp\/v2\/posts\/18467\/revisions\/18469"}],"wp:featuredmedia":[{"embeddable":true,"href":"https:\/\/fedai.az\/index.php?rest_route=\/wp\/v2\/media\/18468"}],"wp:attachment":[{"href":"https:\/\/fedai.az\/index.php?rest_route=%2Fwp%2Fv2%2Fmedia&parent=18467"}],"wp:term":[{"taxonomy":"category","embeddable":true,"href":"https:\/\/fedai.az\/index.php?rest_route=%2Fwp%2Fv2%2Fcategories&post=18467"},{"taxonomy":"post_tag","embeddable":true,"href":"https:\/\/fedai.az\/index.php?rest_route=%2Fwp%2Fv2%2Ftags&post=18467"}],"curies":[{"name":"wp","href":"https:\/\/api.w.org\/{rel}","templated":true}]}}