{"id":18470,"date":"2020-10-18T01:20:05","date_gmt":"2020-10-17T21:20:05","guid":{"rendered":"https:\/\/fedai.az\/?p=18470"},"modified":"2020-10-18T01:20:36","modified_gmt":"2020-10-17T21:20:36","slug":"d%c9%99yism%c9%99y%c9%99n-erm%c9%99ni-xisl%c9%99ti","status":"publish","type":"post","link":"https:\/\/fedai.az\/?p=18470","title":{"rendered":"D\u0259yi\u015fm\u0259y\u0259n erm\u0259ni xisl\u0259ti"},"content":{"rendered":"\n<p><strong>Erm\u0259nistan\u0131n tan\u0131nm\u0131\u015f jurnalisti Yeva Abramyan G\u0259nc\u0259 terrorundan d\u0259rhal sonra sosial \u015f\u0259b\u0259k\u0259d\u0259 n\u00f6vb\u0259ti terror \u00fc\u00e7\u00fcn \u00e7a\u011f\u0131r\u0131\u015f edib.<\/strong><\/p>\n\n\n\n<p>Fedai.az qafqazinfo-ya istinad\u0259n x\u0259b\u0259r verir ki, Abramyan Erm\u0259nistan silahl\u0131 q\u00fcvv\u0259l\u0259rinin G\u0259nc\u0259nin yenid\u0259n at\u0259\u015f\u0259 tutulmas\u0131n\u0131 ist\u0259yib. \u00dcst\u0259lik, bu \u00e7a\u011f\u0131r\u0131\u015fda \u0259sas arzusunun a\u00e7\u0131q-ayd\u0131n daha \u00e7ox m\u00fclki \u015f\u0259xsin \u00f6ld\u00fcr\u00fclm\u0259si oldu\u011funu bildirib.<\/p>\n\n\n\n<p>Bu bir daha erm\u0259nil\u0259rin \u0259sl xisl\u0259tini g\u00f6st\u0259rir. Bel\u0259 ki, Erm\u0259nistan\u0131n h\u0259rbi-siyasi r\u0259hb\u0259rliyi il\u0259 yana\u015f\u0131, jurnalistl\u0259ri bel\u0259 m\u00fclki \u015f\u0259xsl\u0259r\u0259 qar\u015f\u0131 \u015fidd\u0259tli terroru d\u0259st\u0259kl\u0259yir.<\/p>\n\n\n\n<p>Qeyd ed\u0259k ki, Ali Ba\u015f Komandan bu g\u00fcn xalqa m\u00fcraci\u0259tind\u0259 bir daha b\u0259yan edib ki, Az\u0259rbaycan he\u00e7 vaxt Erm\u0259nistan kimi olmayacaq.<\/p>\n\n\n\n<p>\u201cBiz qisas\u0131m\u0131z\u0131 d\u00f6y\u00fc\u015f meydan\u0131nda alaca\u011f\u0131q. Biz he\u00e7 vaxt m\u00fclki \u0259halini vurmayaca\u011f\u0131q. Biz erm\u0259ni deyilik. Bu, Erm\u0259nistanla Az\u0259rbaycan aras\u0131ndak\u0131 f\u0259rqdir\u201d, &#8212; dey\u0259 Prezident \u0130lham \u018fliyev bildirib.<\/p>\n\n\n\n<figure class=\"wp-block-image\"><img decoding=\"async\" src=\"https:\/\/olke.az\/file\/articles\/2020\/10\/17\/1602956729_yeva.jpg\" alt=\"\"\/><\/figure>\n\n\n\n<ul class=\"wp-block-list\" id=\"imageGallery\"><li><\/li><\/ul>\n\n\n\n<p><ins><\/ins><\/p>\n","protected":false},"excerpt":{"rendered":"<p>Erm\u0259nistan\u0131n tan\u0131nm\u0131\u015f jurnalisti Yeva Abramyan G\u0259nc\u0259 terrorundan d\u0259rhal sonra sosial \u015f\u0259b\u0259k\u0259d\u0259 n\u00f6vb\u0259ti terror \u00fc\u00e7\u00fcn \u00e7a\u011f\u0131r\u0131\u015f edib. Fedai.az qafqazinfo-ya istinad\u0259n x\u0259b\u0259r verir ki, Abramyan Erm\u0259nistan<\/p>\n","protected":false},"author":2,"featured_media":18471,"comment_status":"closed","ping_status":"closed","sticky":false,"template":"","format":"standard","meta":{"footnotes":""},"categories":[4],"tags":[],"class_list":["post-18470","post","type-post","status-publish","format-standard","has-post-thumbnail","hentry","category-qarabag"],"aioseo_notices":[],"_links":{"self":[{"href":"https:\/\/fedai.az\/index.php?rest_route=\/wp\/v2\/posts\/18470","targetHints":{"allow":["GET"]}}],"collection":[{"href":"https:\/\/fedai.az\/index.php?rest_route=\/wp\/v2\/posts"}],"about":[{"href":"https:\/\/fedai.az\/index.php?rest_route=\/wp\/v2\/types\/post"}],"author":[{"embeddable":true,"href":"https:\/\/fedai.az\/index.php?rest_route=\/wp\/v2\/users\/2"}],"replies":[{"embeddable":true,"href":"https:\/\/fedai.az\/index.php?rest_route=%2Fwp%2Fv2%2Fcomments&post=18470"}],"version-history":[{"count":1,"href":"https:\/\/fedai.az\/index.php?rest_route=\/wp\/v2\/posts\/18470\/revisions"}],"predecessor-version":[{"id":18472,"href":"https:\/\/fedai.az\/index.php?rest_route=\/wp\/v2\/posts\/18470\/revisions\/18472"}],"wp:featuredmedia":[{"embeddable":true,"href":"https:\/\/fedai.az\/index.php?rest_route=\/wp\/v2\/media\/18471"}],"wp:attachment":[{"href":"https:\/\/fedai.az\/index.php?rest_route=%2Fwp%2Fv2%2Fmedia&parent=18470"}],"wp:term":[{"taxonomy":"category","embeddable":true,"href":"https:\/\/fedai.az\/index.php?rest_route=%2Fwp%2Fv2%2Fcategories&post=18470"},{"taxonomy":"post_tag","embeddable":true,"href":"https:\/\/fedai.az\/index.php?rest_route=%2Fwp%2Fv2%2Ftags&post=18470"}],"curies":[{"name":"wp","href":"https:\/\/api.w.org\/{rel}","templated":true}]}}