{"id":19022,"date":"2020-10-23T00:26:25","date_gmt":"2020-10-22T20:26:25","guid":{"rendered":"https:\/\/fedai.az\/?p=19022"},"modified":"2020-10-23T00:26:31","modified_gmt":"2020-10-22T20:26:31","slug":"az%c9%99rbaycanla-cox-six-%c9%99laq%c9%99l%c9%99rimiz-var-putin","status":"publish","type":"post","link":"https:\/\/fedai.az\/?p=19022","title":{"rendered":"\u201cAz\u0259rbaycanla \u00e7ox s\u0131x \u0259laq\u0259l\u0259rimiz var\u201d &#8212; Putin"},"content":{"rendered":"\n<p><strong>Rusiya Prezidenti Vladimir Putin Valday klubunun onlayn iclas\u0131nda Da\u011fl\u0131q Qaraba\u011fdak\u0131 m\u00fcnaqi\u015f\u0259 il\u0259 ba\u011fl\u0131 sual\u0131 cavabland\u0131r\u0131b.<\/strong><\/p>\n\n\n\n<p>Bu bar\u0259d\u0259 TASS agentliyi m\u0259lumat yay\u0131b<\/p>\n\n\n\n<p>Putin suala cavab\u0131nda deyib: &#171;Bizim n\u0259inki Erm\u0259nistanla, h\u0259m d\u0259 Az\u0259rbaycanla daim x\u00fcsusi \u0259laq\u0259l\u0259rimiz olub. Bizim \u00fc\u00e7\u00fcn h\u0259m Erm\u0259nistan, h\u0259m d\u0259 Az\u0259rbaycan b\u0259rab\u0259r t\u0259r\u0259fda\u015fd\u0131r. Bu \u00f6lk\u0259l\u0259rin h\u0259r biri il\u0259 b\u0259rab\u0259r m\u00fcnasib\u0259tl\u0259r qurmaq ist\u0259yirik. Az\u0259rbaycanla \u00e7ox s\u0131x \u0259laq\u0259l\u0259rimiz var&#187;.<\/p>\n\n\n\n<p>Bundan \u0259lav\u0259, Putin \u00fcmid edir ki, AB\u015e Da\u011fl\u0131q Qaraba\u011f m\u00fcnaqi\u015f\u0259sinin nizamlanmas\u0131na k\u00f6m\u0259k ed\u0259c\u0259k: &#171;<strong>Az\u0259rbaycan v\u0259 Erm\u0259nistan xarici i\u015fl\u0259r nazirl\u0259ri n\u00f6vb\u0259ti d\u0259f\u0259 biz\u0259 g\u0259ldil\u0259r. Ay\u0131n 23-d\u0259 onlar Va\u015finqtonda g\u00f6r\u00fc\u015f\u0259c\u0259kl\u0259r. M\u0259n \u00fcmid edir\u0259m ki, amerikal\u0131 t\u0259r\u0259fda\u015flar\u0131m\u0131z biziml\u0259 birlikd\u0259 h\u0259r\u0259k\u0259t ed\u0259c\u0259k v\u0259 nizamlanmaya k\u00f6m\u0259k ed\u0259c\u0259k&#187;.<\/strong><\/p>\n\n\n\n<p>Rusiya Prezidenti, h\u0259m\u00e7inin qeyd edib ki, Az\u0259rbaycan \u0259razisinin \u0259h\u0259miyy\u0259tli bir hiss\u0259sinin itirildiyi v\u0259ziyy\u0259t \u0259b\u0259di davam ed\u0259 bilm\u0259z.<\/p>\n","protected":false},"excerpt":{"rendered":"<p>Rusiya Prezidenti Vladimir Putin Valday klubunun onlayn iclas\u0131nda Da\u011fl\u0131q Qaraba\u011fdak\u0131 m\u00fcnaqi\u015f\u0259 il\u0259 ba\u011fl\u0131 sual\u0131 cavabland\u0131r\u0131b. Bu bar\u0259d\u0259 TASS agentliyi m\u0259lumat yay\u0131b Putin suala cavab\u0131nda<\/p>\n","protected":false},"author":2,"featured_media":0,"comment_status":"closed","ping_status":"closed","sticky":false,"template":"","format":"standard","meta":{"footnotes":""},"categories":[3],"tags":[],"class_list":["post-19022","post","type-post","status-publish","format-standard","hentry","category-gundm"],"aioseo_notices":[],"_links":{"self":[{"href":"https:\/\/fedai.az\/index.php?rest_route=\/wp\/v2\/posts\/19022","targetHints":{"allow":["GET"]}}],"collection":[{"href":"https:\/\/fedai.az\/index.php?rest_route=\/wp\/v2\/posts"}],"about":[{"href":"https:\/\/fedai.az\/index.php?rest_route=\/wp\/v2\/types\/post"}],"author":[{"embeddable":true,"href":"https:\/\/fedai.az\/index.php?rest_route=\/wp\/v2\/users\/2"}],"replies":[{"embeddable":true,"href":"https:\/\/fedai.az\/index.php?rest_route=%2Fwp%2Fv2%2Fcomments&post=19022"}],"version-history":[{"count":1,"href":"https:\/\/fedai.az\/index.php?rest_route=\/wp\/v2\/posts\/19022\/revisions"}],"predecessor-version":[{"id":19024,"href":"https:\/\/fedai.az\/index.php?rest_route=\/wp\/v2\/posts\/19022\/revisions\/19024"}],"wp:attachment":[{"href":"https:\/\/fedai.az\/index.php?rest_route=%2Fwp%2Fv2%2Fmedia&parent=19022"}],"wp:term":[{"taxonomy":"category","embeddable":true,"href":"https:\/\/fedai.az\/index.php?rest_route=%2Fwp%2Fv2%2Fcategories&post=19022"},{"taxonomy":"post_tag","embeddable":true,"href":"https:\/\/fedai.az\/index.php?rest_route=%2Fwp%2Fv2%2Ftags&post=19022"}],"curies":[{"name":"wp","href":"https:\/\/api.w.org\/{rel}","templated":true}]}}