{"id":19553,"date":"2020-10-29T00:24:55","date_gmt":"2020-10-28T20:24:55","guid":{"rendered":"https:\/\/fedai.az\/?p=19553"},"modified":"2020-10-29T00:24:57","modified_gmt":"2020-10-28T20:24:57","slug":"prezident-erm%c9%99nistan-lacindan-k%c9%99lb%c9%99c%c9%99rd%c9%99n-v%c9%99-agdamdan-cixsa-biz-dayanacagiq","status":"publish","type":"post","link":"https:\/\/fedai.az\/?p=19553","title":{"rendered":"Prezident: &#171;Erm\u0259nistan La\u00e7\u0131ndan, K\u0259lb\u0259c\u0259rd\u0259n v\u0259 A\u011fdamdan \u00e7\u0131xsa, biz dayanaca\u011f\u0131q&#187;"},"content":{"rendered":"\n<p><strong>\u201cSabah Cenevr\u0259d\u0259 Az\u0259rbaycan v\u0259 Erm\u0259nistan X\u0130N ba\u015f\u00e7\u0131lar\u0131 aras\u0131nda dan\u0131\u015f\u0131qlar ba\u015f tutmal\u0131d\u0131r v\u0259 biz orada Erm\u0259nistan\u0131n baza prinsipl\u0259rin\u0259 n\u0259 d\u0259r\u0259c\u0259d\u0259 sadiq oldu\u011funu g\u00f6r\u0259c\u0259yik. V\u0259 bundan sonra biz onlar\u0131n haz\u0131rda n\u0259 q\u0259d\u0259r aktual olub-olmad\u0131\u011f\u0131n\u0131 d\u0259y\u0259rl\u0259ndir\u0259c\u0259yik. Baxmayaraq ki, bu ay \u0259rzind\u0259 m\u0259n d\u0259f\u0259l\u0259rl\u0259 b\u0259yan etmi\u015f\u0259m ki, orada bizi qane etm\u0259y\u0259n m\u00fc\u0259yy\u0259n m\u0259qamlar, \u0259lb\u0259tt\u0259 ki, var, lakin b\u00fct\u00f6vl\u00fckd\u0259, Az\u0259rbaycan onlar\u0131 q\u0259bul edib\u201d.<\/strong><\/p>\n\n\n\n<p><strong><a href=\"https:\/\/konkret.az\/\">KONKRET.az<\/a><\/strong>&nbsp;x\u0259b\u0259r verir ki, bunu Az\u0259rbaycan Prezidenti \u0130lham \u018fliyev \u201c\u0130nterfaks\u201d v\u0259 \u201c\u0130nterfaks-Az\u0259rbaycan\u201d agentlikl\u0259rin\u0259 m\u00fcsahib\u0259sind\u0259 deyib.<\/p>\n\n\n\n<p>Onun s\u00f6zl\u0259rin\u0259 g\u00f6r\u0259, haz\u0131rda Da\u011fl\u0131q Qaraba\u011f \u0259traf\u0131nda 5 rayonun (C\u0259bray\u0131l, F\u00fczuli, Z\u0259ngilan, Qubadl\u0131 v\u0259 A\u011fdam rayonlar\u0131) Az\u0259rbaycana qaytar\u0131lmas\u0131 m\u0259s\u0259l\u0259sinin m\u00fczakir\u0259si aktual deyil:&nbsp;<strong>\u201cBirinci m\u0259rh\u0259l\u0259ni, parktiki olaraq, ba\u015fa \u00e7atd\u0131rm\u0131\u015f\u0131q, buna g\u00f6r\u0259, \u0259g\u0259r Erm\u0259nistan t\u0259r\u0259fi baza prinsipl\u0259rin\u0259 sadiqlik ifad\u0259 ed\u0259rs\u0259, biz d\u0259rhal i\u015f\u011fal alt\u0131nda olan La\u00e7\u0131n v\u0259 K\u0259lb\u0259c\u0259r rayonlar\u0131 v\u0259 A\u011fdam rayonunun bir hiss\u0259sinin Az\u0259rbaycan\u0131n n\u0259zar\u0259tin\u0259 verilm\u0259si bar\u0259d\u0259 dan\u0131\u015faca\u011f\u0131q. Bununla da biz h\u0259ms\u0259drl\u0259rin v\u0259zif\u0259sini m\u00fc\u0259yy\u0259n s\u0259viyy\u0259d\u0259 asanla\u015fd\u0131raca\u011f\u0131q, hans\u0131sa ikinci m\u0259rh\u0259l\u0259ni g\u00f6zl\u0259m\u0259k laz\u0131m olmayacaq, o d\u0259rhal ba\u015f verm\u0259lidir. \u018fg\u0259r siyasi h\u0259ll bar\u0259d\u0259 raz\u0131l\u0131\u011fa g\u0259ls\u0259k, o zaman Erm\u0259nistan qo\u015funlar\u0131 d\u0259rhal La\u00e7\u0131n v\u0259 K\u0259lb\u0259c\u0259r rayonlar\u0131 v\u0259 A\u011fdam rayonunun bir hiss\u0259sind\u0259n \u00e7\u0131xar\u0131lmal\u0131d\u0131r\u201d.<\/strong><\/p>\n\n\n\n<p>Prezident qeyd edib ki, Bak\u0131da Da\u011fl\u0131q Qaraba\u011f m\u00fcnaqi\u015f\u0259sinin h\u0259lli \u00fczr\u0259 dan\u0131\u015f\u0131qlar\u0131n m\u0259zmunlu xarakter da\u015f\u0131yaca\u011f\u0131na \u00fcmid edirl\u0259r. Oktyabr\u0131n 29-da Az\u0259rbaycan v\u0259 Erm\u0259nistan X\u0130N ba\u015f\u00e7\u0131lar\u0131n\u0131n Cenevr\u0259d\u0259 ke\u00e7iril\u0259c\u0259k g\u00f6r\u00fc\u015f\u00fcn\u00fcn d\u0259 bu c\u00fcr olaca\u011f\u0131na \u00fcmid edirik.<\/p>\n\n\n\n<p><strong>\u201cLakin Erm\u0259nistan t\u0259r\u0259finin aqressiv davran\u0131\u015f\u0131 v\u0259 beyn\u0259lxalq h\u00fcquq, Cenevr\u0259 konvensiyalar\u0131n\u0131n kobud \u015f\u0259kild\u0259 pozmalar\u0131 v\u0259 t\u00f6r\u0259tdikl\u0259ri h\u0259rbi cinay\u0259tl\u0259r, \u0259lb\u0259tt\u0259 ki, onlar\u0131n nizamlanma m\u0259s\u0259l\u0259sini m\u0259zmunlu m\u00fczakir\u0259 etm\u0259k niyy\u0259tind\u0259 olduqlar\u0131ndan x\u0259b\u0259r vermir. Ancaq d\u00fc\u015f\u00fcn\u00fcr\u0259m ki, Erm\u0259nistan\u0131 d\u00f6y\u00fc\u015f meydan\u0131nda m\u0259\u011flub etm\u0259yimiz h\u0259r halda onlar \u00fc\u00e7\u00fcn ciddi siqnal olmal\u0131d\u0131r ki, bundan sonra imitasiya f\u0259aliyy\u0259ti y\u00fcr\u00fcd\u0259 bilm\u0259zl\u0259r, bizi aldada bilm\u0259zl\u0259r, AT\u018fT-in Minsk qrupunun h\u0259ms\u0259drl\u0259rini aldada bilm\u0259zl\u0259r, \u0259sas\u0259n, m\u0259s\u0259l\u0259nin m\u0259zmunlu m\u00fczakir\u0259sind\u0259n boyun qa\u00e7\u0131ra bilm\u0259zl\u0259r\u201d,<\/strong>&nbsp;\u2013 o bildirib.<\/p>\n\n\n\n<p>\u0130.\u018fliyev \u0259lav\u0259 edib ki, Az\u0259rbaycan Erm\u0259nistandan i\u015f\u011fal olunmu\u015f \u0259razil\u0259rd\u0259n qo\u015funlar\u0131n\u0131n \u00e7\u0131xar\u0131lmas\u0131 \u00fczr\u0259 \u00f6hd\u0259lik g\u00f6zl\u0259yir.<\/p>\n\n\n\n<p><strong>\u201cBiz Erm\u0259nistan t\u0259r\u0259find\u0259n, ali r\u0259hb\u0259rlik \u015f\u0259xsind\u0259 i\u015f\u011fal olunmu\u015f \u0259razil\u0259rd\u0259n qo\u015funlar\u0131n \u00e7\u0131xar\u0131lmas\u0131 \u00fczr\u0259 \u00f6hd\u0259lik \u0259ld\u0259 etm\u0259liyik. H\u0259l\u0259lik biz bu bar\u0259d\u0259 e\u015fitm\u0259mi\u015fik. Erm\u0259nistan r\u0259hb\u0259rliyi t\u0259r\u0259find\u0259n \u00fcz\u0259rin\u0259 bu \u00f6hd\u0259lik g\u00f6t\u00fcr\u00fcl\u0259n kimi v\u0259 AT\u018fT-in Minsk qrupunun h\u0259ms\u0259drl\u0259ri t\u0259r\u0259find\u0259n bu t\u0259sdiq olunan kimi, biz d\u0259rhal h\u0259rbi \u0259m\u0259liyyatlar\u0131 dayand\u0131rma\u011fa haz\u0131r\u0131q. O \u015f\u0259rtl\u0259 ki, Erm\u0259nistan t\u0259r\u0259fi d\u0259 h\u0259rbi \u0259m\u0259liyyatlar\u0131 dayand\u0131racaq, \u00e7\u00fcnki at\u0259\u015fk\u0259s \u00fc\u00e7 d\u0259f\u0259 pozulub, h\u0259r \u00fc\u00e7\u00fc d\u0259 Erm\u0259nistan t\u0259r\u0259finin t\u0259qsiridir\u201d,<\/strong>&nbsp;\u2013 Az\u0259rbaycan Prezidenti vur\u011fulay\u0131b.<\/p>\n","protected":false},"excerpt":{"rendered":"<p>\u201cSabah Cenevr\u0259d\u0259 Az\u0259rbaycan v\u0259 Erm\u0259nistan X\u0130N ba\u015f\u00e7\u0131lar\u0131 aras\u0131nda dan\u0131\u015f\u0131qlar ba\u015f tutmal\u0131d\u0131r v\u0259 biz orada Erm\u0259nistan\u0131n baza prinsipl\u0259rin\u0259 n\u0259 d\u0259r\u0259c\u0259d\u0259 sadiq oldu\u011funu g\u00f6r\u0259c\u0259yik. V\u0259 bundan<\/p>\n","protected":false},"author":2,"featured_media":0,"comment_status":"closed","ping_status":"closed","sticky":false,"template":"","format":"standard","meta":{"footnotes":""},"categories":[4],"tags":[],"class_list":["post-19553","post","type-post","status-publish","format-standard","hentry","category-qarabag"],"aioseo_notices":[],"_links":{"self":[{"href":"https:\/\/fedai.az\/index.php?rest_route=\/wp\/v2\/posts\/19553","targetHints":{"allow":["GET"]}}],"collection":[{"href":"https:\/\/fedai.az\/index.php?rest_route=\/wp\/v2\/posts"}],"about":[{"href":"https:\/\/fedai.az\/index.php?rest_route=\/wp\/v2\/types\/post"}],"author":[{"embeddable":true,"href":"https:\/\/fedai.az\/index.php?rest_route=\/wp\/v2\/users\/2"}],"replies":[{"embeddable":true,"href":"https:\/\/fedai.az\/index.php?rest_route=%2Fwp%2Fv2%2Fcomments&post=19553"}],"version-history":[{"count":1,"href":"https:\/\/fedai.az\/index.php?rest_route=\/wp\/v2\/posts\/19553\/revisions"}],"predecessor-version":[{"id":19555,"href":"https:\/\/fedai.az\/index.php?rest_route=\/wp\/v2\/posts\/19553\/revisions\/19555"}],"wp:attachment":[{"href":"https:\/\/fedai.az\/index.php?rest_route=%2Fwp%2Fv2%2Fmedia&parent=19553"}],"wp:term":[{"taxonomy":"category","embeddable":true,"href":"https:\/\/fedai.az\/index.php?rest_route=%2Fwp%2Fv2%2Fcategories&post=19553"},{"taxonomy":"post_tag","embeddable":true,"href":"https:\/\/fedai.az\/index.php?rest_route=%2Fwp%2Fv2%2Ftags&post=19553"}],"curies":[{"name":"wp","href":"https:\/\/api.w.org\/{rel}","templated":true}]}}