{"id":21006,"date":"2020-11-18T01:22:14","date_gmt":"2020-11-17T21:22:14","guid":{"rendered":"https:\/\/fedai.az\/?p=21006"},"modified":"2020-11-18T01:22:45","modified_gmt":"2020-11-17T21:22:45","slug":"erm%c9%99nil%c9%99r-agdamda-da-evl%c9%99ri-yandirirlar","status":"publish","type":"post","link":"https:\/\/fedai.az\/?p=21006","title":{"rendered":"Erm\u0259nil\u0259r A\u011fdamda da evl\u0259ri yand\u0131r\u0131rlar"},"content":{"rendered":"\n<p><strong>Rusiya, Az\u0259rbaycan v\u0259 Erm\u0259nistan liderl\u0259rinin Da\u011fl\u0131q Qaraba\u011fla ba\u011fl\u0131 b\u0259yanat\u0131na \u0259sas\u0259n, A\u011fdam rayonu 20 noyabr 2020-ci ild\u0259 i\u015f\u011faldan azad olunacaq.<\/strong><\/p>\n\n\n\n<p><strong>Virtualaz.org<\/strong>&nbsp;bildirir ki, bu g\u00fcn T\u00fcrkiy\u0259nin \u201cTRT Haber\u201d telekanal\u0131 A\u011fdam rayonunu t\u0259rk ed\u0259rk\u0259n erm\u0259ni qo\u015funlar\u0131n\u0131n yan\u011f\u0131nlar t\u00f6r\u0259tdiyi bar\u0259d\u0259 reportaj yay\u0131mlay\u0131b.<\/p>\n\n\n\n<p>&#171;Biz A\u011fdamdan 5 kilometr m\u0259saf\u0259d\u0259 dayanm\u0131\u015f\u0131q. Siz yan\u011f\u0131nlar\u0131n i\u015fart\u0131lar\u0131n\u0131 g\u00f6r\u00fcrs\u00fcn\u00fcz: bunlar erm\u0259ni qo\u015funlar\u0131d\u0131r &#8212; &nbsp;q\u0259rargahlar\u0131n\u0131n binalar\u0131n\u0131, postlar\u0131n\u0131 v\u0259 b\u00fct\u00fcn dig\u0259r binalar\u0131 yand\u0131r\u0131rlar. Haz\u0131rda A\u011fdam\u0131n m\u0259rk\u0259zind\u0259 yan\u011f\u0131nlar davam edir&#187;, &#8212; dey\u0259 \u201cTRT Haber\u201din m\u00fcxbiri B\u00fclent \u00c7ul\u00e7uo\u011flu bildirib.<\/p>\n\n\n\n<p>Qeyd ed\u0259k ki, erm\u0259nil\u0259r t\u0259xliy\u0259 edilm\u0259zd\u0259n \u0259vv\u0259l K\u0259lb\u0259c\u0259r rayonunda da evl\u0259r\u0259 od vurub, a\u011faclar\u0131 k\u0259sibl\u0259r.(<strong>Virtualaz.org<\/strong>)<\/p>\n\n\n\n<figure class=\"wp-block-embed-youtube wp-block-embed is-type-video is-provider-youtube wp-embed-aspect-16-9 wp-has-aspect-ratio\"><div class=\"wp-block-embed__wrapper\">\n<iframe loading=\"lazy\" title=\"\u0410\u0440\u043c\u044f\u043d\u0435 \u0443\u0441\u0442\u0440\u0430\u0438\u0432\u0430\u044e\u0442 \u043f\u043e\u0436\u0430\u0440\u044b \u0432 \u0410\u0433\u0434\u0430\u043c\u0435\" width=\"715\" height=\"402\" src=\"https:\/\/www.youtube.com\/embed\/BYfIG4x2y9Q?feature=oembed\" frameborder=\"0\" allow=\"accelerometer; autoplay; clipboard-write; encrypted-media; gyroscope; picture-in-picture\" allowfullscreen><\/iframe>\n<\/div><\/figure>\n","protected":false},"excerpt":{"rendered":"<p>Rusiya, Az\u0259rbaycan v\u0259 Erm\u0259nistan liderl\u0259rinin Da\u011fl\u0131q Qaraba\u011fla ba\u011fl\u0131 b\u0259yanat\u0131na \u0259sas\u0259n, A\u011fdam rayonu 20 noyabr 2020-ci ild\u0259 i\u015f\u011faldan azad olunacaq. Virtualaz.org&nbsp;bildirir ki, bu g\u00fcn T\u00fcrkiy\u0259nin<\/p>\n","protected":false},"author":2,"featured_media":20772,"comment_status":"closed","ping_status":"closed","sticky":false,"template":"","format":"standard","meta":{"footnotes":""},"categories":[4],"tags":[],"class_list":["post-21006","post","type-post","status-publish","format-standard","has-post-thumbnail","hentry","category-qarabag"],"aioseo_notices":[],"_links":{"self":[{"href":"https:\/\/fedai.az\/index.php?rest_route=\/wp\/v2\/posts\/21006","targetHints":{"allow":["GET"]}}],"collection":[{"href":"https:\/\/fedai.az\/index.php?rest_route=\/wp\/v2\/posts"}],"about":[{"href":"https:\/\/fedai.az\/index.php?rest_route=\/wp\/v2\/types\/post"}],"author":[{"embeddable":true,"href":"https:\/\/fedai.az\/index.php?rest_route=\/wp\/v2\/users\/2"}],"replies":[{"embeddable":true,"href":"https:\/\/fedai.az\/index.php?rest_route=%2Fwp%2Fv2%2Fcomments&post=21006"}],"version-history":[{"count":1,"href":"https:\/\/fedai.az\/index.php?rest_route=\/wp\/v2\/posts\/21006\/revisions"}],"predecessor-version":[{"id":21007,"href":"https:\/\/fedai.az\/index.php?rest_route=\/wp\/v2\/posts\/21006\/revisions\/21007"}],"wp:featuredmedia":[{"embeddable":true,"href":"https:\/\/fedai.az\/index.php?rest_route=\/wp\/v2\/media\/20772"}],"wp:attachment":[{"href":"https:\/\/fedai.az\/index.php?rest_route=%2Fwp%2Fv2%2Fmedia&parent=21006"}],"wp:term":[{"taxonomy":"category","embeddable":true,"href":"https:\/\/fedai.az\/index.php?rest_route=%2Fwp%2Fv2%2Fcategories&post=21006"},{"taxonomy":"post_tag","embeddable":true,"href":"https:\/\/fedai.az\/index.php?rest_route=%2Fwp%2Fv2%2Ftags&post=21006"}],"curies":[{"name":"wp","href":"https:\/\/api.w.org\/{rel}","templated":true}]}}