{"id":21009,"date":"2020-11-18T01:27:38","date_gmt":"2020-11-17T21:27:38","guid":{"rendered":"https:\/\/fedai.az\/?p=21009"},"modified":"2020-11-18T01:27:40","modified_gmt":"2020-11-17T21:27:40","slug":"bu-moht%c9%99s%c9%99m-q%c9%99l%c9%99b%c9%99-h%c9%99m-d%c9%99-t%c9%99hsil-sah%c9%99sind%c9%99-h%c9%99yata-keciril%c9%99n-miilli-v%c9%99t%c9%99np%c9%99rv%c9%99rlik-t%c9%99rbiy%c9%99sinin-bir-parcasidir","status":"publish","type":"post","link":"https:\/\/fedai.az\/?p=21009","title":{"rendered":"Bu m\u00f6ht\u0259\u015f\u0259m q\u0259l\u0259b\u0259 h\u0259m d\u0259 t\u0259hsil sah\u0259sind\u0259 h\u0259yata ke\u00e7iril\u0259n miilli v\u0259t\u0259np\u0259rv\u0259rlik t\u0259rbiy\u0259sinin bir par\u00e7as\u0131d\u0131r"},"content":{"rendered":"\n<p><strong>\u00dcmummilli lider Heyd\u0259r \u018fliyev deyirdi: \u201cH\u0259r bir g\u0259nc v\u0259t\u0259np\u0259rv\u0259r olmal\u0131d\u0131r, v\u0259t\u0259np\u0259rv\u0259rlik b\u00f6y\u00fck bir m\u0259fhumdur. Bu, sad\u0259c\u0259, orduda xidm\u0259t etm\u0259k deyil. V\u0259t\u0259n\u0259 sadiq olmaq, V\u0259t\u0259ni sevm\u0259k, torpa\u011fa ba\u011fl\u0131 olmaq \u2013 budur v\u0259t\u0259np\u0259rv\u0259rlik\u201d.<\/strong><\/p>\n\n\n\n<p>Sovet d\u00f6n\u0259mind\u0259, ondan \u0259vv\u0259lki d\u00f6vrl\u0259rd\u0259 Az\u0259rbaycan xalq\u0131n\u0131n milli \u015f\u00fcurdan m\u0259hrum edilm\u0259si istiqam\u0259tind\u0259 \u00e7ox i\u015fl\u0259r apar\u0131lm\u0131\u015fd\u0131r. Ancaq b\u00fct\u00fcn bunlara baxmayaraq, Az\u0259rbaycan xalq\u0131 b\u00f6y\u00fck xalqd\u0131r ki, \u00f6z milli m\u0259nlik \u015f\u00fcurunu qoruyub saxlaya bilmi\u015fdir. T\u0259cr\u00fcb\u0259 g\u00f6st\u0259rir ki, milli m\u0259nlik \u015f\u00fcuru v\u0259 v\u0259t\u0259np\u0259rv\u0259rlik hissl\u0259ri b\u0259\u015f\u0259riyy\u0259tin real t\u0259r\u0259qqisi, elm, texnika, idman v\u0259 iqtisadiyyat\u0131n inki\u015faf\u0131 \u00fc\u00e7\u00fcn \u0259h\u0259miyy\u0259tli rol oynay\u0131r. \u00d6z k\u00f6k\u00fcn\u0259 ba\u011fl\u0131 olan meyarlar V\u0259t\u0259ninin, xalq\u0131n\u0131n tarixini d\u0259rind\u0259n bilm\u0259yi, \u00f6z soyk\u00f6k\u00fcn\u0259 ba\u011fl\u0131l\u0131\u011f\u0131 \u00f6z\u00fcnd\u0259 birl\u0259\u015fdirir.<\/p>\n\n\n\n<p>Az\u0259rbaycan Respublikas\u0131n\u0131n erm\u0259ni i\u015f\u011fal\u0131na m\u0131\u0259ruz qald\u0131\u011f\u0131 tarixd\u0259n ba\u015flayaraq burada ya\u015fayan h\u0259r bir v\u0259t\u0259nda\u015f \u00f6z\u00fcn\u0259qay\u0131d\u0131\u015f\u0131n, milli kimliyin v\u0259 hans\u0131 d\u00f6vl\u0259tin varisi olmas\u0131n\u0131n m\u0259suliyy\u0259tini v\u0259 \u015f\u0259r\u0259fini d\u0259rk etm\u0259li v\u0259 bu amil b\u00f6y\u00fcy\u0259n g\u0259nc n\u0259sl\u0259 a\u015f\u0131lanmal\u0131 idi. Bunun \u00fc\u00e7\u00fcn g\u00fccl\u00fc bir ideologiyaya ehtiyac var idi. \u00dcmummilli lider Heyd\u0259r \u018fliyev m\u0259hz bel\u0259 bir ideologiyan\u0131n \u2013 Az\u0259rbaycan\u00e7\u0131l\u0131q ideologiyas\u0131n\u0131n \u0259sas\u0131n\u0131 qoydu ki, biz haz\u0131rda qazanm\u0131\u015f oldu\u011fumuz b\u00f6y\u00fck tarixi q\u0259l\u0259b\u0259mizd\u0259 m\u0259hz bunun b\u0259hr\u0259sini g\u00f6r\u00fcr\u00fck.<\/p>\n\n\n\n<p>Xalq\u0131m\u0131z\u0131n milli birliyi d\u0259 m\u00fcst\u0259qilliyimiz d\u00f6vr\u00fcnd\u0259 yarand\u0131. \u00d6z azadl\u0131\u011f\u0131na qovu\u015fma\u011fa can atan xalq\u0131m\u0131z\u0131n milli m\u0259nlik \u015f\u00fcuru, v\u0259t\u0259np\u0259rv\u0259rlik hissl\u0259ri m\u0259hz h\u0259min d\u00f6vrl\u0259rd\u0259 inki\u015faf etm\u0259y\u0259 ba\u015flad\u0131. M\u0259hz bel\u0259 bir zamanda \u0259n vacib tarixi missiyalardan biri d\u0259 Az\u0259rbaycan m\u00fc\u0259lliml\u0259rinin \u00e7iyinl\u0259ri \u00fcz\u0259rin\u0259 d\u00fc\u015f\u00fcrd\u00fc. Bel\u0259likl\u0259, m\u00fcharib\u0259 \u015f\u0259raitind\u0259 olan Az\u0259rbaycanda milli \u015f\u00fcurun inki\u015faf\u0131 v\u0259 v\u0259t\u0259np\u0259rv\u0259rliyin y\u00fcks\u0259ldilm\u0259si t\u0259hsil sah\u0259sind\u0259 apar\u0131lan islahatlarda daim diqq\u0259t m\u0259rk\u0259zind\u0259 olan m\u0259s\u0259l\u0259l\u0259rd\u0259n biri olmu\u015fdur. Az\u0259rbaycan\u0131n qar\u015f\u0131s\u0131nda duran bir \u00e7ox probleml\u0259rin h\u0259lli m\u0259hz g\u0259ncl\u0259rin milli v\u0259t\u0259np\u0259rv\u0259rlik ruhunda t\u0259rbiy\u0259 edilm\u0259sind\u0259n, onlarda y\u00fcks\u0259k d\u00f6vl\u0259t\u00e7ilik \u015f\u00fcurunun, m\u0259nsub oldu\u011fu mill\u0259t\u0259 v\u0259 d\u00f6vl\u0259t\u0259 m\u0259h\u0259bb\u0259t hissl\u0259rinin formala\u015fd\u0131r\u0131lmas\u0131ndan as\u0131l\u0131 olmu\u015fdur. V\u0259t\u0259np\u0259rv\u0259rlik m\u0259fhumu u\u015faqlarda t\u0259dric\u0259n, nec\u0259 dey\u0259rl\u0259r, m\u0259rh\u0259l\u0259-m\u0259rh\u0259l\u0259 formala\u015f\u0131r. \u0130nsan d\u00fcnyan\u0131 d\u0259rk etdikc\u0259 V\u0259t\u0259nin\u0259, torpa\u011f\u0131na m\u0259h\u0259bb\u0259ti, sevgisi art\u0131r, v\u0259t\u0259np\u0259rv\u0259rlik hissl\u0259ri g\u00fccl\u0259nir. Bu hiss \u00f6z d\u00f6vl\u0259tinin t\u0259r\u0259qqisi \u00fc\u00e7\u00fcn can yand\u0131rmaq, do\u011fma xalq\u0131n\u0131n tarixi v\u0259 m\u0259d\u0259niyy\u0259ti il\u0259 f\u0259xr etm\u0259k, V\u0259t\u0259nin rifah\u0131 namin\u0259 \u0259lind\u0259n g\u0259l\u0259ni etm\u0259k dem\u0259kdir.<\/p>\n\n\n\n<p>\u00dcmummilli Lider Heyd\u0259r \u018fliyev m\u00fc\u0259lliml\u0259r\u0259 t\u00f6vsiy\u0259 xarakterli tarixi \u00e7\u0131x\u0131\u015flar\u0131nda bildirirdi ki, m\u00fc\u0259lliml\u0259r b\u00fct\u00fcn q\u00fcvv\u0259 v\u0259 bacar\u0131qlar\u0131n\u0131 do\u011fma v\u0259t\u0259n\u0259 s\u0259daq\u0259tli, h\u0259rt\u0259r\u0259fli inki\u015faf etmi\u015f, m\u00fcst\u0259qilliyimizi v\u0259 d\u00f6vl\u0259t\u00e7iliyimizi g\u00f6z b\u0259b\u0259yi kimi qoruma\u011fa haz\u0131r olan n\u0259slin yeti\u015fdirilm\u0259sin\u0259 s\u0259rf etm\u0259lidirl\u0259r. Bu bax\u0131mdan yeti\u015fm\u0259kd\u0259 olan g\u0259nc n\u0259slin v\u0259t\u0259np\u0259rv\u0259rlik t\u0259rbiy\u0259sinin d\u00fczg\u00fcn t\u0259\u015fkil olunmas\u0131 m\u00fcst\u0259qillik qazanan Az\u0259rbaycan \u00fc\u00e7\u00fcn b\u00f6y\u00fck aktuall\u0131q k\u0259sb etmi\u015fdir.<\/p>\n\n\n\n<p>Az\u0259rbaycan xalq\u0131 g\u0259l\u0259c\u0259yimiz olan g\u0259nc n\u0259slin V\u0259t\u0259n\u0259 m\u0259h\u0259bb\u0259t, xalqa, elin\u0259 v\u0259 obas\u0131na h\u00f6rm\u0259t, soyk\u00f6k\u00fcn\u0259, \u00f6z ata-babalar\u0131na, \u0259n\u0259n\u0259l\u0259rin\u0259 s\u0259daq\u0259t ruhunda t\u0259rbiy\u0259 olunmas\u0131na h\u0259mi\u015f\u0259 diqq\u0259tl\u0259 yana\u015f\u0131b. \u00c7\u00fcnki yuxar\u0131da qeyd olunan bu amill\u0259r g\u0259ncl\u0259rd\u0259 f\u0259dakarl\u0131q, q\u0259hr\u0259manl\u0131q v\u0259 m\u0259\u011flubedilm\u0259zlik hissi yarad\u0131r, inam hissini g\u00fccl\u0259ndirir, q\u0259l\u0259b\u0259y\u0259 ruhland\u0131r\u0131r. M\u0259hz t\u0259hsil sah\u0259sind\u0259 apar\u0131lan d\u00f6vl\u0259t siyas\u0259ti, \u015fagirdl\u0259rin ideya-siyasi t\u0259rbiy\u0259si 30 il \u0259rzind\u0259 b\u00f6y\u00fcy\u0259n n\u0259slin v\u0259t\u0259np\u0259rv\u0259r Az\u0259rbaycan v\u0259t\u0259nda\u015f\u0131 kimi yeti\u015fm\u0259sind\u0259 m\u00fch\u00fcm rol oynam\u0131\u015fd\u0131r.<\/p>\n\n\n\n<p>Az\u0259rbaycan Respublikas\u0131n\u0131n erm\u0259ni t\u0259cav\u00fczkarlar\u0131na qar\u015f\u0131 qazand\u0131\u011f\u0131 bu tarixi q\u0259l\u0259b\u0259nin k\u00f6k\u00fcnd\u0259 h\u0259rbi-siyasi v\u0259 iqtisadi u\u011furlarla yana\u015f\u0131, do\u011fru se\u00e7ilmi\u015f t\u0259hsil v\u0259 g\u0259ncl\u0259r siyas\u0259ti, d\u00fczg\u00fcn apar\u0131lm\u0131\u015f v\u0259t\u0259np\u0259rv\u0259rlik t\u0259rbiy\u0259si d\u0259 dayan\u0131r. Bu o dem\u0259kdir ki, 30 il \u0259zind\u0259 Az\u0259rbaycan Respublikas\u0131n\u0131n T\u0259hsil Nazirliyi, ibtidai sinif m\u00fc\u0259lliml\u0259ri, h\u0259rbi haz\u0131rl\u0131q m\u00fc\u0259lliml\u0259ri, o c\u00fcml\u0259d\u0259n orta v\u0259 ali t\u0259hsil m\u00fc\u0259ssis\u0259l\u0259rind\u0259 apar\u0131lan b\u00fct\u00fcn t\u0259rbiy\u0259 i\u015fl\u0259ri d\u00f6vl\u0259tin t\u0259hsil siyas\u0259ti istiqam\u0259tind\u0259 m\u00fc\u0259yy\u0259n etdiyi strategiyaya m\u00fcvafiq u\u011furlu bir \u015f\u0259kild\u0259 h\u0259yata ke\u00e7irilmi\u015f v\u0259 bu sah\u0259d\u0259 qar\u015f\u0131ya qoyulan m\u0259qs\u0259d\u0259 nail olunmu\u015fdur.<\/p>\n\n\n\n<p>H\u0259m\u00e7inin v\u0259t\u0259np\u0259rv\u0259rlik m\u00f6vzusunda yaz\u0131lan onlarla dissertasiyalar, apar\u0131lm\u0131\u015f elmi-pedaqoji t\u0259dqiqatlar onu dem\u0259y\u0259 \u0259sas verir ki, h\u0259rbi-v\u0259t\u0259np\u0259rv\u0259rlik sah\u0259sind\u0259 m\u0259kt\u0259b c\u0259miyy\u0259t v\u0259 ail\u0259 il\u0259 birlikd\u0259 t\u0259rbiy\u0259d\u0259 vahidlik prinsipi m\u00f6vqeyind\u0259n m\u00fcv\u0259ff\u0259qiyy\u0259tl\u0259 \u00e7\u0131x\u0131\u015f etmi\u015fdir. B\u00fct\u00fcn bunlar \u015fanl\u0131 tarix\u0259 malik Az\u0259rbaycan t\u0259hsilinin, d\u00f6vl\u0259t t\u0259hsil siyas\u0259tinin, m\u00fc\u0259lliml\u0259rin, t\u0259rbiy\u0259\u00e7il\u0259rin, c\u0259miyy\u0259tin v\u0259 Az\u0259rbaycan ail\u0259sinin birg\u0259 u\u011furudur.<\/p>\n\n\n\n<p><strong>Allah \u015f\u0259hidl\u0259rimiz\u0259 r\u0259hm\u0259t etsin! Ali Ba\u015f Komandandan\u0131m\u0131z c\u0259nab \u0130lham \u018fliyev var olsun. Ya\u015fas\u0131n milli Az\u0259rbaycan\u00e7\u0131l\u0131q m\u0259fkur\u0259si!<\/strong><\/p>\n\n\n\n<p><strong>M\u0259n b\u00fct\u00fcn pedaqoqlar\u0131m\u0131z\u0131 \u2013 bu tarixi q\u0259l\u0259b\u0259 m\u00fcnasib\u0259ti il\u0259 t\u0259brik edir\u0259m. Bu q\u0259l\u0259b\u0259d\u0259 Sizin \u0259m\u0259yiniz v\u0259 z\u0259hm\u0259tiniz dan\u0131lmazd\u0131r. N\u0259 q\u0259d\u0259r ki, Siz vars\u0131n\u0131z Az\u0259rbaycan daim var olacaq v\u0259 inki\u015faf ed\u0259c\u0259k!<\/strong><\/p>\n\n\n\n<figure class=\"wp-block-image size-large is-resized\"><img loading=\"lazy\" decoding=\"async\" src=\"https:\/\/fedai.az\/wp-content\/uploads\/2020\/11\/Nurlan1.jpg\" alt=\"\" class=\"wp-image-21010\" width=\"210\" height=\"210\" srcset=\"https:\/\/fedai.az\/wp-content\/uploads\/2020\/11\/Nurlan1.jpg 633w, https:\/\/fedai.az\/wp-content\/uploads\/2020\/11\/Nurlan1-300x300.jpg 300w, https:\/\/fedai.az\/wp-content\/uploads\/2020\/11\/Nurlan1-150x150.jpg 150w, https:\/\/fedai.az\/wp-content\/uploads\/2020\/11\/Nurlan1-215x215.jpg 215w\" sizes=\"auto, (max-width: 210px) 100vw, 210px\" \/><\/figure>\n\n\n\n<p><strong>Nurlan M\u0259mm\u0259dov<\/strong><\/p>\n\n\n\n<p><strong><em>Veteran.az sayt\u0131n\u0131n redaktoru<\/em><\/strong><\/p>\n","protected":false},"excerpt":{"rendered":"<p>\u00dcmummilli lider Heyd\u0259r \u018fliyev deyirdi: \u201cH\u0259r bir g\u0259nc v\u0259t\u0259np\u0259rv\u0259r olmal\u0131d\u0131r, v\u0259t\u0259np\u0259rv\u0259rlik b\u00f6y\u00fck bir m\u0259fhumdur. Bu, sad\u0259c\u0259, orduda xidm\u0259t etm\u0259k deyil. V\u0259t\u0259n\u0259 sadiq olmaq, V\u0259t\u0259ni<\/p>\n","protected":false},"author":2,"featured_media":21011,"comment_status":"closed","ping_status":"closed","sticky":false,"template":"","format":"standard","meta":{"footnotes":""},"categories":[8],"tags":[],"class_list":["post-21009","post","type-post","status-publish","format-standard","has-post-thumbnail","hentry","category-thsil"],"aioseo_notices":[],"_links":{"self":[{"href":"https:\/\/fedai.az\/index.php?rest_route=\/wp\/v2\/posts\/21009","targetHints":{"allow":["GET"]}}],"collection":[{"href":"https:\/\/fedai.az\/index.php?rest_route=\/wp\/v2\/posts"}],"about":[{"href":"https:\/\/fedai.az\/index.php?rest_route=\/wp\/v2\/types\/post"}],"author":[{"embeddable":true,"href":"https:\/\/fedai.az\/index.php?rest_route=\/wp\/v2\/users\/2"}],"replies":[{"embeddable":true,"href":"https:\/\/fedai.az\/index.php?rest_route=%2Fwp%2Fv2%2Fcomments&post=21009"}],"version-history":[{"count":1,"href":"https:\/\/fedai.az\/index.php?rest_route=\/wp\/v2\/posts\/21009\/revisions"}],"predecessor-version":[{"id":21012,"href":"https:\/\/fedai.az\/index.php?rest_route=\/wp\/v2\/posts\/21009\/revisions\/21012"}],"wp:featuredmedia":[{"embeddable":true,"href":"https:\/\/fedai.az\/index.php?rest_route=\/wp\/v2\/media\/21011"}],"wp:attachment":[{"href":"https:\/\/fedai.az\/index.php?rest_route=%2Fwp%2Fv2%2Fmedia&parent=21009"}],"wp:term":[{"taxonomy":"category","embeddable":true,"href":"https:\/\/fedai.az\/index.php?rest_route=%2Fwp%2Fv2%2Fcategories&post=21009"},{"taxonomy":"post_tag","embeddable":true,"href":"https:\/\/fedai.az\/index.php?rest_route=%2Fwp%2Fv2%2Ftags&post=21009"}],"curies":[{"name":"wp","href":"https:\/\/api.w.org\/{rel}","templated":true}]}}