{"id":21047,"date":"2020-11-18T19:54:26","date_gmt":"2020-11-18T15:54:26","guid":{"rendered":"https:\/\/fedai.az\/?p=21047"},"modified":"2021-01-17T07:30:18","modified_gmt":"2021-01-17T03:30:18","slug":"agdam-bosaldilmasi-davam-edir","status":"publish","type":"post","link":"https:\/\/fedai.az\/?p=21047","title":{"rendered":"A\u011fdam bo\u015fald\u0131lmas\u0131 davam edir&#8230;"},"content":{"rendered":"\n<p><strong>B\u0259zi saytlarda bel\u0259 bir yanl\u0131\u015f informasiya verilir: &#171;A\u011fd\u0259rinin 7 k\u0259ndind\u0259n erm\u0259nil\u0259r \u00e7\u0131xar\u0131l\u0131r&#187;.<\/strong><\/p>\n\n\n\n<p><br>Bu yalan informasiya l\u0259\u011fv edilmi\u015f A\u011fd\u0259r\u0259 &#171;rayonun r\u0259hb\u0259ri&#187; Ayk Bax\u015fiyan\u0131n &#171;Novosti Armenia&#187;ya bildirdiyi m\u0259lumat \u0259sas\u0131nda yay\u0131l\u0131r. S\u00f6hb\u0259t erm\u0259nil\u0259r ya\u015fayan<strong> Nor Mara\u011fa, Nor Aygestan, Seysulan, Nor Karmiravan, Nor Aykadzhur, Ovta\u015fen v\u0259 Nor Jraberd<\/strong> adland\u0131rd\u0131\u011f\u0131 k\u0259ndl\u0259rdir. Bu qondarma adlar\u0131 A\u011fdam rayonunun Paprav\u0259nd k\u0259ndin\u0259- Nor (Yeni) Karmiravan, \u018flia\u011fal\u0131 k\u0259ndin\u0259 &#8212; <strong>Ovta\u015fen<\/strong>, <strong>Nor Jraberd<\/strong>, <strong>Q\u0131z\u0131ll\u0131 K\u0259ng\u0259rliy\u0259- Nor Mara\u011fa, Mollalar -Nor Ayqestan (\u00c7ayl\u0131), Alm\u0259d\u0259dli &#8212; Nor Seysulan, Boy\u0259hm\u0259dli k\u0259ndin\u0259 is\u0259<\/strong> &#8212; <strong>Nor Aykadzhur<\/strong> ad\u0131 vermi\u015fdil\u0259r. \u018fslind\u0259 Az\u0259rbaycan\u0131n son inzibati b\u00f6lg\u00fcs\u00fcn\u0259 g\u00f6r\u0259 <strong>S\u0131rxav\u0259nd, Ki\u00e7an, Qazan\u00e7\u0131, Ba\u015f G\u00fcneyp\u0259y\u0259, Ortap\u0259y\u0259, Xat\u0131nb\u0259yli v\u0259 Manikli k\u0259ndl\u0259ri (B\u0259\u015firl\u0259r, Qara\u015flar, Tellibin\u0259 k\u0259ndl\u0259ri daxil)<\/strong> bo\u015fald\u0131lmal\u0131d\u0131r.<\/p>\n\n\n\n<p><br>&#171;Az\u0259rbaycan ordusu ir\u0259lil\u0259y\u0259c\u0259k, h\u0259m\u00e7inin orada s\u00fclhm\u0259raml\u0131lar yerl\u0259\u015fdiril\u0259c\u0259k. \u0130ndi bir \u015fey dey\u0259 bil\u0259r\u0259m: t\u0259xliy\u0259 il\u0259 ba\u011fl\u0131 q\u0259rar var&#187;, &#8212; dey\u0259 Bax\u015fiyan deyib.<\/p>\n\n\n\n<p><br>A\u011fd\u0259r\u0259 \u0259razisinin qondarma adminstrasiya r\u0259hb\u0259ri Sasun Harutyunyan da bildirib ki, rayonun 6 k\u0259ndi Az\u0259rbaycana veril\u0259c\u0259k. K\u0259nd sakinl\u0259rin\u0259 \u0259razini bo\u015faltmaq \u0259mri verilib. Onlar 19 noyabr 23:00-a kimi k\u0259ndl\u0259ri bo\u015faltmal\u0131d\u0131r.<\/p>\n\n\n\n<p><br><strong>Qeyd olunur ki, bu ya\u015fay\u0131\u015f m\u0259nt\u0259q\u0259l\u0259ri m\u00fcnaqi\u015f\u0259 \u00f6nc\u0259si inzibati b\u00f6lg\u00fcy\u0259 g\u00f6r\u0259, A\u011fdam rayonuna m\u0259xsus olub.&nbsp;Bu g\u00fcn h\u0259r add\u0131mda h\u0259yas\u0131zl\u0131q n\u00fcmayi\u015f etdir\u0259n bir d\u00fc\u015fm\u0259nl\u0259 \u00fczb\u0259\u00fcz oldu\u011fumuzu unutmamal\u0131y\u0131q. Diq\u0259tli v\u0259 m\u00fcbariz olmal\u0131y\u0131q&#8230;<\/strong><\/p>\n\n\n\n<figure class=\"wp-block-image size-large is-resized\"><img loading=\"lazy\" decoding=\"async\" src=\"https:\/\/fedai.az\/wp-content\/uploads\/2020\/11\/\u0437\u0430\u0433\u0440\u0443\u0436\u0435\u043d\u043e-2-5.jpg\" alt=\"\" class=\"wp-image-21049\" width=\"977\" height=\"648\" srcset=\"https:\/\/fedai.az\/wp-content\/uploads\/2020\/11\/\u0437\u0430\u0433\u0440\u0443\u0436\u0435\u043d\u043e-2-5.jpg 276w, https:\/\/fedai.az\/wp-content\/uploads\/2020\/11\/\u0437\u0430\u0433\u0440\u0443\u0436\u0435\u043d\u043e-2-5-150x99.jpg 150w\" sizes=\"auto, (max-width: 977px) 100vw, 977px\" \/><\/figure>\n","protected":false},"excerpt":{"rendered":"<p>B\u0259zi saytlarda bel\u0259 bir yanl\u0131\u015f informasiya verilir: &#171;A\u011fd\u0259rinin 7 k\u0259ndind\u0259n erm\u0259nil\u0259r \u00e7\u0131xar\u0131l\u0131r&#187;. Bu yalan informasiya l\u0259\u011fv edilmi\u015f A\u011fd\u0259r\u0259 &#171;rayonun r\u0259hb\u0259ri&#187; Ayk Bax\u015fiyan\u0131n &#171;Novosti Armenia&#187;ya<\/p>\n","protected":false},"author":2,"featured_media":21028,"comment_status":"closed","ping_status":"closed","sticky":false,"template":"","format":"standard","meta":{"footnotes":""},"categories":[4],"tags":[],"class_list":["post-21047","post","type-post","status-publish","format-standard","has-post-thumbnail","hentry","category-qarabag"],"aioseo_notices":[],"_links":{"self":[{"href":"https:\/\/fedai.az\/index.php?rest_route=\/wp\/v2\/posts\/21047","targetHints":{"allow":["GET"]}}],"collection":[{"href":"https:\/\/fedai.az\/index.php?rest_route=\/wp\/v2\/posts"}],"about":[{"href":"https:\/\/fedai.az\/index.php?rest_route=\/wp\/v2\/types\/post"}],"author":[{"embeddable":true,"href":"https:\/\/fedai.az\/index.php?rest_route=\/wp\/v2\/users\/2"}],"replies":[{"embeddable":true,"href":"https:\/\/fedai.az\/index.php?rest_route=%2Fwp%2Fv2%2Fcomments&post=21047"}],"version-history":[{"count":3,"href":"https:\/\/fedai.az\/index.php?rest_route=\/wp\/v2\/posts\/21047\/revisions"}],"predecessor-version":[{"id":26803,"href":"https:\/\/fedai.az\/index.php?rest_route=\/wp\/v2\/posts\/21047\/revisions\/26803"}],"wp:featuredmedia":[{"embeddable":true,"href":"https:\/\/fedai.az\/index.php?rest_route=\/wp\/v2\/media\/21028"}],"wp:attachment":[{"href":"https:\/\/fedai.az\/index.php?rest_route=%2Fwp%2Fv2%2Fmedia&parent=21047"}],"wp:term":[{"taxonomy":"category","embeddable":true,"href":"https:\/\/fedai.az\/index.php?rest_route=%2Fwp%2Fv2%2Fcategories&post=21047"},{"taxonomy":"post_tag","embeddable":true,"href":"https:\/\/fedai.az\/index.php?rest_route=%2Fwp%2Fv2%2Ftags&post=21047"}],"curies":[{"name":"wp","href":"https:\/\/api.w.org\/{rel}","templated":true}]}}