{"id":21052,"date":"2020-11-19T00:57:39","date_gmt":"2020-11-18T20:57:39","guid":{"rendered":"https:\/\/fedai.az\/?p=21052"},"modified":"2020-11-19T00:57:40","modified_gmt":"2020-11-18T20:57:40","slug":"ilham-%c9%99liyevin-twit-paylasimi","status":"publish","type":"post","link":"https:\/\/fedai.az\/?p=21052","title":{"rendered":"\u0130lham \u018fliyevin TW\u0130T payla\u015f\u0131m\u0131"},"content":{"rendered":"\n<p><strong>Az\u0259rbaycan \u00f6z \u0259razisind\u0259 d\u00f6y\u00fc\u015fm\u00fc\u015f, \u00f6z \u0259razi b\u00fct\u00f6vl\u00fcy\u00fcn\u00fc b\u0259rpa etmi\u015fdir v\u0259 bu, BMT T\u0259hl\u00fck\u0259sizlik \u015euras\u0131n\u0131n q\u0259tnam\u0259l\u0259rin\u0259, Avropa \u0130ttifaq\u0131 il\u0259 Az\u0259rbaycan t\u0259r\u0259find\u0259n paraflanm\u0131\u015f s\u0259n\u0259d\u0259 uy\u011fundur.<\/strong><\/p>\n\n\n\n<p>Fedai.az Publika.az-a istinad\u0259n x\u0259b\u0259r verir ki, bu s\u00f6zl\u0259ri Prezident \u0130lham \u018fliyev \u00f6z\u00fcn\u00fcn tvitter hesab\u0131nda yaz\u0131b.\u00a0<\/p>\n\n\n\n<p>D\u00f6vl\u0259t ba\u015f\u00e7\u0131s\u0131 bildirib: &#171;Bu g\u00fcn\u00fc 30 il g\u00f6zl\u0259y\u0259n bizim qa\u00e7q\u0131n v\u0259 m\u0259cburi k\u00f6\u00e7k\u00fcnl\u0259rimiz bu b\u00f6y\u00fck h\u0259rbi v\u0259 siyasi q\u0259l\u0259b\u0259ni qeyd edirl\u0259r. Onlar \u00f6zl\u0259rinin qay\u0131d\u0131\u015f\u0131 \u00fc\u00e7\u00fcn vaxt c\u0259dv\u0259lini s\u0259birsizlikl\u0259 g\u00f6zl\u0259yirl\u0259r&#187;.<\/p>\n\n\n\n<figure class=\"wp-block-image size-large\"><img loading=\"lazy\" decoding=\"async\" width=\"720\" height=\"894\" src=\"https:\/\/fedai.az\/wp-content\/uploads\/2020\/11\/628216.jpg\" alt=\"\" class=\"wp-image-21053\" srcset=\"https:\/\/fedai.az\/wp-content\/uploads\/2020\/11\/628216.jpg 720w, https:\/\/fedai.az\/wp-content\/uploads\/2020\/11\/628216-242x300.jpg 242w, https:\/\/fedai.az\/wp-content\/uploads\/2020\/11\/628216-121x150.jpg 121w\" sizes=\"auto, (max-width: 720px) 100vw, 720px\" \/><\/figure>\n","protected":false},"excerpt":{"rendered":"<p>Az\u0259rbaycan \u00f6z \u0259razisind\u0259 d\u00f6y\u00fc\u015fm\u00fc\u015f, \u00f6z \u0259razi b\u00fct\u00f6vl\u00fcy\u00fcn\u00fc b\u0259rpa etmi\u015fdir v\u0259 bu, BMT T\u0259hl\u00fck\u0259sizlik \u015euras\u0131n\u0131n q\u0259tnam\u0259l\u0259rin\u0259, Avropa \u0130ttifaq\u0131 il\u0259 Az\u0259rbaycan t\u0259r\u0259find\u0259n paraflanm\u0131\u015f s\u0259n\u0259d\u0259 uy\u011fundur. Fedai.az<\/p>\n","protected":false},"author":2,"featured_media":21054,"comment_status":"closed","ping_status":"closed","sticky":false,"template":"","format":"standard","meta":{"footnotes":""},"categories":[3],"tags":[],"class_list":["post-21052","post","type-post","status-publish","format-standard","has-post-thumbnail","hentry","category-gundm"],"aioseo_notices":[],"_links":{"self":[{"href":"https:\/\/fedai.az\/index.php?rest_route=\/wp\/v2\/posts\/21052","targetHints":{"allow":["GET"]}}],"collection":[{"href":"https:\/\/fedai.az\/index.php?rest_route=\/wp\/v2\/posts"}],"about":[{"href":"https:\/\/fedai.az\/index.php?rest_route=\/wp\/v2\/types\/post"}],"author":[{"embeddable":true,"href":"https:\/\/fedai.az\/index.php?rest_route=\/wp\/v2\/users\/2"}],"replies":[{"embeddable":true,"href":"https:\/\/fedai.az\/index.php?rest_route=%2Fwp%2Fv2%2Fcomments&post=21052"}],"version-history":[{"count":1,"href":"https:\/\/fedai.az\/index.php?rest_route=\/wp\/v2\/posts\/21052\/revisions"}],"predecessor-version":[{"id":21055,"href":"https:\/\/fedai.az\/index.php?rest_route=\/wp\/v2\/posts\/21052\/revisions\/21055"}],"wp:featuredmedia":[{"embeddable":true,"href":"https:\/\/fedai.az\/index.php?rest_route=\/wp\/v2\/media\/21054"}],"wp:attachment":[{"href":"https:\/\/fedai.az\/index.php?rest_route=%2Fwp%2Fv2%2Fmedia&parent=21052"}],"wp:term":[{"taxonomy":"category","embeddable":true,"href":"https:\/\/fedai.az\/index.php?rest_route=%2Fwp%2Fv2%2Fcategories&post=21052"},{"taxonomy":"post_tag","embeddable":true,"href":"https:\/\/fedai.az\/index.php?rest_route=%2Fwp%2Fv2%2Ftags&post=21052"}],"curies":[{"name":"wp","href":"https:\/\/api.w.org\/{rel}","templated":true}]}}