{"id":21056,"date":"2020-11-19T01:10:15","date_gmt":"2020-11-18T21:10:15","guid":{"rendered":"https:\/\/fedai.az\/?p=21056"},"modified":"2020-11-19T01:10:16","modified_gmt":"2020-11-18T21:10:16","slug":"ilham-%c9%99liyev-niderland-kralliginin-yeni-fovq%c9%99lad%c9%99-v%c9%99-s%c9%99lahiyy%c9%99tli-s%c9%99firinin-etimadnam%c9%99sini-q%c9%99bul-edib","status":"publish","type":"post","link":"https:\/\/fedai.az\/?p=21056","title":{"rendered":"\u0130lham \u018fliyev Niderland Krall\u0131\u011f\u0131n\u0131n yeni f\u00f6vq\u0259lad\u0259 v\u0259 s\u0259lahiyy\u0259tli s\u0259firinin etimadnam\u0259sini q\u0259bul edib"},"content":{"rendered":"\n<p><strong>&#171;V\u0259ziyy\u0259t indi sabitl\u0259\u015fir. Bel\u0259 bir g\u00fcn\u00fc dem\u0259k olar ki, otuz ildir g\u00f6zl\u0259y\u0259n bizim qa\u00e7q\u0131n v\u0259 m\u0259cburi k\u00f6\u00e7k\u00fcnl\u0259rimiz bu b\u00f6y\u00fck h\u0259rbi v\u0259 siyasi q\u0259l\u0259b\u0259ni qeyd edirl\u0259r. Onlar \u00f6zl\u0259rinin qay\u0131d\u0131\u015f\u0131 \u00fc\u00e7\u00fcn vaxt c\u0259dv\u0259lini g\u00f6rm\u0259yi s\u0259birsizlikl\u0259 g\u00f6zl\u0259yirl\u0259r&#187;.<\/strong><\/p>\n\n\n\n<p>Bunu Az\u0259rbaycan Respublikas\u0131n\u0131n Prezidenti \u0130lham \u018fliyev Niderland Krall\u0131\u011f\u0131n\u0131n yeni f\u00f6vq\u0259lad\u0259 v\u0259 s\u0259lahiyy\u0259tli s\u0259firi xan\u0131m Paulin Eizeman\u0131n etimadnam\u0259sini q\u0259bul ed\u0259rk\u0259n deyib.\u00a0<\/p>\n\n\n\n<p><br>&#171;Amma bu, vaxt aparacaq, \u00e7\u00fcnki t\u0259cav\u00fczkar dem\u0259k olar ki, h\u0259r \u015feyi da\u011f\u0131d\u0131b. Bu videolar bizim televiziyada n\u00fcmayi\u015f olunur. Bu da\u011f\u0131nt\u0131 b\u0259lk\u0259 d\u0259 bizim xalq\u0131m\u0131za, m\u0259d\u0259ni, dini irsimiz\u0259, b\u0259\u015f\u0259riyy\u0259t\u0259 qar\u015f\u0131 q\u0259ddarl\u0131\u011f\u0131n, vandalizmin v\u0259 barbarl\u0131\u011f\u0131n nadir formas\u0131d\u0131r.<\/p>\n\n\n\n<p>Erm\u0259nistan\u0131n m\u00fcharib\u0259 zaman\u0131 davran\u0131\u015f\u0131 h\u0259m d\u0259 onlar\u0131n r\u0259hb\u0259rliyinin qeyri-insani m\u00fcnasib\u0259tini g\u00f6st\u0259rir. \u00c7\u00fcnki m\u00fcnaqi\u015f\u0259 zonas\u0131ndan uzaqda yerl\u0259\u015f\u0259n dinc \u015f\u0259h\u0259rl\u0259r\u0259 Erm\u0259nistan \u0259razisind\u0259n ballistik raketl\u0259rl\u0259 h\u00fccum etm\u0259k m\u00fcharib\u0259 cinay\u0259tidir.<\/p>\n\n\n\n<p>Kasetli v\u0259 fosforlu bombalardan istifad\u0259 etm\u0259k m\u00fcharib\u0259 cinay\u0259tidir. B\u00fct\u00fcn beyn\u0259lxalq media v\u0259 QHT-l\u0259r bunu t\u0259sdiq etdi&#187;, &#8212; Prezident \u0259lav\u0259 edib.<\/p>\n","protected":false},"excerpt":{"rendered":"<p>&#171;V\u0259ziyy\u0259t indi sabitl\u0259\u015fir. Bel\u0259 bir g\u00fcn\u00fc dem\u0259k olar ki, otuz ildir g\u00f6zl\u0259y\u0259n bizim qa\u00e7q\u0131n v\u0259 m\u0259cburi k\u00f6\u00e7k\u00fcnl\u0259rimiz bu b\u00f6y\u00fck h\u0259rbi v\u0259 siyasi q\u0259l\u0259b\u0259ni qeyd<\/p>\n","protected":false},"author":2,"featured_media":21057,"comment_status":"closed","ping_status":"closed","sticky":false,"template":"","format":"standard","meta":{"footnotes":""},"categories":[1],"tags":[],"class_list":["post-21056","post","type-post","status-publish","format-standard","has-post-thumbnail","hentry","category-siyast"],"aioseo_notices":[],"_links":{"self":[{"href":"https:\/\/fedai.az\/index.php?rest_route=\/wp\/v2\/posts\/21056","targetHints":{"allow":["GET"]}}],"collection":[{"href":"https:\/\/fedai.az\/index.php?rest_route=\/wp\/v2\/posts"}],"about":[{"href":"https:\/\/fedai.az\/index.php?rest_route=\/wp\/v2\/types\/post"}],"author":[{"embeddable":true,"href":"https:\/\/fedai.az\/index.php?rest_route=\/wp\/v2\/users\/2"}],"replies":[{"embeddable":true,"href":"https:\/\/fedai.az\/index.php?rest_route=%2Fwp%2Fv2%2Fcomments&post=21056"}],"version-history":[{"count":1,"href":"https:\/\/fedai.az\/index.php?rest_route=\/wp\/v2\/posts\/21056\/revisions"}],"predecessor-version":[{"id":21058,"href":"https:\/\/fedai.az\/index.php?rest_route=\/wp\/v2\/posts\/21056\/revisions\/21058"}],"wp:featuredmedia":[{"embeddable":true,"href":"https:\/\/fedai.az\/index.php?rest_route=\/wp\/v2\/media\/21057"}],"wp:attachment":[{"href":"https:\/\/fedai.az\/index.php?rest_route=%2Fwp%2Fv2%2Fmedia&parent=21056"}],"wp:term":[{"taxonomy":"category","embeddable":true,"href":"https:\/\/fedai.az\/index.php?rest_route=%2Fwp%2Fv2%2Fcategories&post=21056"},{"taxonomy":"post_tag","embeddable":true,"href":"https:\/\/fedai.az\/index.php?rest_route=%2Fwp%2Fv2%2Ftags&post=21056"}],"curies":[{"name":"wp","href":"https:\/\/api.w.org\/{rel}","templated":true}]}}