{"id":21067,"date":"2020-11-19T01:58:33","date_gmt":"2020-11-18T21:58:33","guid":{"rendered":"https:\/\/fedai.az\/?p=21067"},"modified":"2020-11-19T01:58:33","modified_gmt":"2020-11-18T21:58:33","slug":"qansa-qan-cansa-can-yasasin-az%c9%99rbaycan-dey%c9%99n-s%c9%99hidl%c9%99rimiz","status":"publish","type":"post","link":"https:\/\/fedai.az\/?p=21067","title":{"rendered":"&#171;Qansa qan, cansa can, Ya\u015fas\u0131n Az\u0259rbaycan&#187;-dey\u0259n \u015f\u0259hidl\u0259rimiz"},"content":{"rendered":"\n<p><strong>\u015e\u0259hidl\u0259rimiz bu m\u0259ml\u0259k\u0259t var olduqca onunla \u0259kizl\u0259\u015f\u0259n m\u00fcq\u0259dd\u0259sl\u0259rimizdir. H\u0259r &#171;Az\u0259rbaycan&#187; dedikd\u0259 onlar\u0131 da an\u0131n!<\/strong><\/p>\n\n\n\n<p>Bel\u0259 q\u0259hr\u0259manlar\u0131m\u0131zdan biri d\u0259 C\u0259bray\u0131la ilk bayraq sancan \u015f\u0259hid kapitan H\u0259mid C\u0259f\u0259rovdur. &#171;O\u011ful day\u0131s\u0131na \u00e7\u0259k\u0259r&#187;-deyibl\u0259r. Day\u0131 Elmar H\u00fcseynov Birinci V\u0259t\u0259n m\u00fcharib\u0259sinin q\u0259hr\u0259manlar\u0131ndan olan, &#171;Az\u0259rbaycan Bayra\u011f\u0131&#187; ordenli, ehtiyyatda olan polkovnik, AVMV\u0130B N\u0259simi rayon \u015f\u00f6b\u0259sinin s\u0259dri Elmar H\u00fcseynovdur.<\/p>\n\n\n\n<p>Bu kadrlarda q\u0259hr\u0259man \u015f\u0259hidimizin h\u0259yat yolundan (S\u0259s tv) dan\u0131\u015f\u0131l\u0131r:<\/p>\n\n\n\n<figure class=\"wp-block-embed-youtube wp-block-embed is-type-video is-provider-youtube wp-embed-aspect-16-9 wp-has-aspect-ratio\"><div class=\"wp-block-embed__wrapper\">\n<iframe loading=\"lazy\" title=\"C\u0259bray\u0131la ilk bayraq  sancan \u015e\u0259hid kapitan H\u0259mid C\u0259f\u0259rov\" width=\"715\" height=\"402\" src=\"https:\/\/www.youtube.com\/embed\/UqIqU2KdvmA?feature=oembed\" frameborder=\"0\" allow=\"accelerometer; autoplay; clipboard-write; encrypted-media; gyroscope; picture-in-picture\" allowfullscreen><\/iframe>\n<\/div><\/figure>\n","protected":false},"excerpt":{"rendered":"<p>\u015e\u0259hidl\u0259rimiz bu m\u0259ml\u0259k\u0259t var olduqca onunla \u0259kizl\u0259\u015f\u0259n m\u00fcq\u0259dd\u0259sl\u0259rimizdir. H\u0259r &#171;Az\u0259rbaycan&#187; dedikd\u0259 onlar\u0131 da an\u0131n! Bel\u0259 q\u0259hr\u0259manlar\u0131m\u0131zdan biri d\u0259 C\u0259bray\u0131la ilk bayraq sancan \u015f\u0259hid kapitan<\/p>\n","protected":false},"author":2,"featured_media":21069,"comment_status":"closed","ping_status":"closed","sticky":false,"template":"","format":"standard","meta":{"footnotes":""},"categories":[4],"tags":[],"class_list":["post-21067","post","type-post","status-publish","format-standard","has-post-thumbnail","hentry","category-qarabag"],"aioseo_notices":[],"_links":{"self":[{"href":"https:\/\/fedai.az\/index.php?rest_route=\/wp\/v2\/posts\/21067","targetHints":{"allow":["GET"]}}],"collection":[{"href":"https:\/\/fedai.az\/index.php?rest_route=\/wp\/v2\/posts"}],"about":[{"href":"https:\/\/fedai.az\/index.php?rest_route=\/wp\/v2\/types\/post"}],"author":[{"embeddable":true,"href":"https:\/\/fedai.az\/index.php?rest_route=\/wp\/v2\/users\/2"}],"replies":[{"embeddable":true,"href":"https:\/\/fedai.az\/index.php?rest_route=%2Fwp%2Fv2%2Fcomments&post=21067"}],"version-history":[{"count":1,"href":"https:\/\/fedai.az\/index.php?rest_route=\/wp\/v2\/posts\/21067\/revisions"}],"predecessor-version":[{"id":21070,"href":"https:\/\/fedai.az\/index.php?rest_route=\/wp\/v2\/posts\/21067\/revisions\/21070"}],"wp:featuredmedia":[{"embeddable":true,"href":"https:\/\/fedai.az\/index.php?rest_route=\/wp\/v2\/media\/21069"}],"wp:attachment":[{"href":"https:\/\/fedai.az\/index.php?rest_route=%2Fwp%2Fv2%2Fmedia&parent=21067"}],"wp:term":[{"taxonomy":"category","embeddable":true,"href":"https:\/\/fedai.az\/index.php?rest_route=%2Fwp%2Fv2%2Fcategories&post=21067"},{"taxonomy":"post_tag","embeddable":true,"href":"https:\/\/fedai.az\/index.php?rest_route=%2Fwp%2Fv2%2Ftags&post=21067"}],"curies":[{"name":"wp","href":"https:\/\/api.w.org\/{rel}","templated":true}]}}