{"id":21072,"date":"2020-11-19T02:10:05","date_gmt":"2020-11-18T22:10:05","guid":{"rendered":"https:\/\/fedai.az\/?p=21072"},"modified":"2020-11-19T02:10:12","modified_gmt":"2020-11-18T22:10:12","slug":"moskvada-qarabag-muzakir%c9%99si-basa-catdi","status":"publish","type":"post","link":"https:\/\/fedai.az\/?p=21072","title":{"rendered":"Moskvada Qaraba\u011f m\u00fczakir\u0259si ba\u015fa \u00e7atd\u0131"},"content":{"rendered":"\n<p><strong>Rusiya xarici i\u015fl\u0259r naziri Sergey Lavrov AT\u018fT-in Minsk Qrupunun h\u0259ms\u0259drl\u0259ri \u0130qor Popovu (Rusiya), Stefan Viskontini (Fransa), Endryu \u015eoferi (AB\u015e), habel\u0259 AT\u018fT-in f\u0259aliyy\u0259td\u0259 olan s\u0259drinin \u015f\u0259xsi n\u00fcmay\u0259nd\u0259si Anjey Kaspr\u015fiki q\u0259bul edib.<\/strong><\/p>\n\n\n\n<p><strong>Fedai.az Yenisabah.az-a istinad\u0259n\u00a0<\/strong>x\u0259b\u0259r verir ki, bu bar\u0259d\u0259 m\u0259lumat\u0131 Rusiya X\u0130N yay\u0131b.<\/p>\n\n\n\n<p>M\u0259lumata g\u00f6r\u0259, g\u00f6r\u00fc\u015f zaman\u0131 Da\u011fl\u0131q Qaraba\u011fda v\u0259 onun \u0259traf\u0131nda at\u0259\u015fin v\u0259 b\u00fct\u00fcn h\u0259rbi \u0259m\u0259liyyatlar\u0131n dayand\u0131r\u0131lmas\u0131 bar\u0259d\u0259 \u00fc\u00e7t\u0259r\u0259fli birg\u0259 b\u0259yanatdan sonra b\u00f6lg\u0259d\u0259ki v\u0259ziyy\u0259tin h\u0259lli \u00fc\u00e7\u00fcn vasit\u0259\u00e7ilik s\u0259yl\u0259rinin \u0259laq\u0259l\u0259ndirilm\u0259si m\u0259s\u0259l\u0259l\u0259ri m\u00fczakir\u0259 edilib.<\/p>\n\n\n\n<p>\u201cM\u0259sl\u0259h\u0259tl\u0259\u015fm\u0259l\u0259r zaman\u0131 9 noyabrda Az\u0259rbaycan Respublikas\u0131 Prezidentinin, Erm\u0259nistan Respublikas\u0131 Ba\u015f nazirinin v\u0259 Rusiya Federasiyas\u0131 Prezidentinin at\u0259\u015fin v\u0259 b\u00fct\u00fcn h\u0259rbi \u0259m\u0259liyyatlar\u0131n tam dayand\u0131r\u0131lmas\u0131 bar\u0259d\u0259 b\u0259yanat\u0131ndan sonra Da\u011fl\u0131q Qaraba\u011fdak\u0131 v\u0259 onun \u0259traf\u0131ndak\u0131 v\u0259ziyy\u0259ti m\u00fczakir\u0259 edibl\u0259r\u201d, &#8212; dey\u0259 Rusiya Xarici \u0130\u015fl\u0259r Nazirliyinin m\u0259lumat\u0131nda qeyd olunub.<\/p>\n","protected":false},"excerpt":{"rendered":"<p>Rusiya xarici i\u015fl\u0259r naziri Sergey Lavrov AT\u018fT-in Minsk Qrupunun h\u0259ms\u0259drl\u0259ri \u0130qor Popovu (Rusiya), Stefan Viskontini (Fransa), Endryu \u015eoferi (AB\u015e), habel\u0259 AT\u018fT-in f\u0259aliyy\u0259td\u0259 olan s\u0259drinin<\/p>\n","protected":false},"author":2,"featured_media":21073,"comment_status":"closed","ping_status":"closed","sticky":false,"template":"","format":"standard","meta":{"footnotes":""},"categories":[4],"tags":[],"class_list":["post-21072","post","type-post","status-publish","format-standard","has-post-thumbnail","hentry","category-qarabag"],"aioseo_notices":[],"_links":{"self":[{"href":"https:\/\/fedai.az\/index.php?rest_route=\/wp\/v2\/posts\/21072","targetHints":{"allow":["GET"]}}],"collection":[{"href":"https:\/\/fedai.az\/index.php?rest_route=\/wp\/v2\/posts"}],"about":[{"href":"https:\/\/fedai.az\/index.php?rest_route=\/wp\/v2\/types\/post"}],"author":[{"embeddable":true,"href":"https:\/\/fedai.az\/index.php?rest_route=\/wp\/v2\/users\/2"}],"replies":[{"embeddable":true,"href":"https:\/\/fedai.az\/index.php?rest_route=%2Fwp%2Fv2%2Fcomments&post=21072"}],"version-history":[{"count":1,"href":"https:\/\/fedai.az\/index.php?rest_route=\/wp\/v2\/posts\/21072\/revisions"}],"predecessor-version":[{"id":21074,"href":"https:\/\/fedai.az\/index.php?rest_route=\/wp\/v2\/posts\/21072\/revisions\/21074"}],"wp:featuredmedia":[{"embeddable":true,"href":"https:\/\/fedai.az\/index.php?rest_route=\/wp\/v2\/media\/21073"}],"wp:attachment":[{"href":"https:\/\/fedai.az\/index.php?rest_route=%2Fwp%2Fv2%2Fmedia&parent=21072"}],"wp:term":[{"taxonomy":"category","embeddable":true,"href":"https:\/\/fedai.az\/index.php?rest_route=%2Fwp%2Fv2%2Fcategories&post=21072"},{"taxonomy":"post_tag","embeddable":true,"href":"https:\/\/fedai.az\/index.php?rest_route=%2Fwp%2Fv2%2Ftags&post=21072"}],"curies":[{"name":"wp","href":"https:\/\/api.w.org\/{rel}","templated":true}]}}