{"id":21122,"date":"2020-11-19T15:23:46","date_gmt":"2020-11-19T11:23:46","guid":{"rendered":"https:\/\/fedai.az\/?p=21122"},"modified":"2020-11-19T15:23:49","modified_gmt":"2020-11-19T11:23:49","slug":"hikm%c9%99t-haciyevd%c9%99n-yasi-65-d%c9%99n-yuxari-olan-s%c9%99xsl%c9%99rl%c9%99-bagli-aciqlama","status":"publish","type":"post","link":"https:\/\/fedai.az\/?p=21122","title":{"rendered":"Hikm\u0259t Hac\u0131yevd\u0259n ya\u015f\u0131 65-d\u0259n yuxar\u0131 olan \u015f\u0259xsl\u0259rl\u0259 ba\u011fl\u0131 A\u00c7IQLAMA"},"content":{"rendered":"\n<p><strong>\u201cYa\u015f\u0131 65-d\u0259n yuxar\u0131 olan v\u0259t\u0259nda\u015flardan xahi\u015f olunur ki, vacib olmayan t\u0259maslardan \u00e7\u0259kinsinl\u0259r\u201d.<\/strong><\/p>\n\n\n\n<p>Bunu Az\u0259rbaycan Prezidentinin k\u00f6m\u0259k\u00e7isi, Prezident Administrasiyas\u0131n\u0131n Xarici siyas\u0259t m\u0259s\u0259l\u0259l\u0259ri \u015f\u00f6b\u0259sinin m\u00fcdiri Hikm\u0259t Hac\u0131yev Nazirl\u0259r Kabineti yan\u0131nda Operativ Q\u0259rargah\u0131n bu g\u00fcn ke\u00e7iril\u0259n brifinqind\u0259 deyib.<\/p>\n\n\n\n<p>O vur\u011fulay\u0131b ki, v\u0259t\u0259nda\u015flar a\u00e7\u0131q v\u0259 qapal\u0131 yerl\u0259rd\u0259 maska taxmal\u0131d\u0131r: \u201cV\u0259t\u0259nda\u015flara eyni zamanda, ail\u0259 \u015f\u0259nlikl\u0259rind\u0259n v\u0259 dig\u0259r t\u0259dbirl\u0259rd\u0259n uzaq durmaq da t\u00f6vsiy\u0259 olunur. V\u0259t\u0259n m\u00fcharib\u0259sin\u0259 t\u00f6hf\u0259 verm\u0259k ist\u0259yiriks\u0259, qoyulan qaydalara \u0259m\u0259l etm\u0259liyik\u201d.<\/p>\n","protected":false},"excerpt":{"rendered":"<p>\u201cYa\u015f\u0131 65-d\u0259n yuxar\u0131 olan v\u0259t\u0259nda\u015flardan xahi\u015f olunur ki, vacib olmayan t\u0259maslardan \u00e7\u0259kinsinl\u0259r\u201d. Bunu Az\u0259rbaycan Prezidentinin k\u00f6m\u0259k\u00e7isi, Prezident Administrasiyas\u0131n\u0131n Xarici siyas\u0259t m\u0259s\u0259l\u0259l\u0259ri \u015f\u00f6b\u0259sinin m\u00fcdiri Hikm\u0259t<\/p>\n","protected":false},"author":2,"featured_media":21123,"comment_status":"closed","ping_status":"closed","sticky":false,"template":"","format":"standard","meta":{"footnotes":""},"categories":[12],"tags":[],"class_list":["post-21122","post","type-post","status-publish","format-standard","has-post-thumbnail","hentry","category-sosial"],"aioseo_notices":[],"_links":{"self":[{"href":"https:\/\/fedai.az\/index.php?rest_route=\/wp\/v2\/posts\/21122","targetHints":{"allow":["GET"]}}],"collection":[{"href":"https:\/\/fedai.az\/index.php?rest_route=\/wp\/v2\/posts"}],"about":[{"href":"https:\/\/fedai.az\/index.php?rest_route=\/wp\/v2\/types\/post"}],"author":[{"embeddable":true,"href":"https:\/\/fedai.az\/index.php?rest_route=\/wp\/v2\/users\/2"}],"replies":[{"embeddable":true,"href":"https:\/\/fedai.az\/index.php?rest_route=%2Fwp%2Fv2%2Fcomments&post=21122"}],"version-history":[{"count":1,"href":"https:\/\/fedai.az\/index.php?rest_route=\/wp\/v2\/posts\/21122\/revisions"}],"predecessor-version":[{"id":21124,"href":"https:\/\/fedai.az\/index.php?rest_route=\/wp\/v2\/posts\/21122\/revisions\/21124"}],"wp:featuredmedia":[{"embeddable":true,"href":"https:\/\/fedai.az\/index.php?rest_route=\/wp\/v2\/media\/21123"}],"wp:attachment":[{"href":"https:\/\/fedai.az\/index.php?rest_route=%2Fwp%2Fv2%2Fmedia&parent=21122"}],"wp:term":[{"taxonomy":"category","embeddable":true,"href":"https:\/\/fedai.az\/index.php?rest_route=%2Fwp%2Fv2%2Fcategories&post=21122"},{"taxonomy":"post_tag","embeddable":true,"href":"https:\/\/fedai.az\/index.php?rest_route=%2Fwp%2Fv2%2Ftags&post=21122"}],"curies":[{"name":"wp","href":"https:\/\/api.w.org\/{rel}","templated":true}]}}