{"id":21128,"date":"2020-11-20T00:53:34","date_gmt":"2020-11-19T20:53:34","guid":{"rendered":"https:\/\/fedai.az\/?p=21128"},"modified":"2020-11-20T00:53:38","modified_gmt":"2020-11-19T20:53:38","slug":"erm%c9%99nil%c9%99r-az%c9%99rbaycan-k%c9%99ndl%c9%99rini-kustar-usulla-hazirlanan-silahlardan-at%c9%99s%c9%99-tutub-video","status":"publish","type":"post","link":"https:\/\/fedai.az\/?p=21128","title":{"rendered":"Erm\u0259nil\u0259r Az\u0259rbaycan k\u0259ndl\u0259rini kustar \u00fcsulla haz\u0131rlanan silahlardan at\u0259\u015f\u0259 tutub &#8212; V\u0130DEO"},"content":{"rendered":"\n<p>Erm\u0259ni i\u015f\u011fal\u00e7\u0131 q\u00fcvv\u0259l\u0259ri Az\u0259rbaycan\u0131n dinc \u0259halisini at\u0259\u015f\u0259 tutmaq \u00fc\u00e7\u00fcn kustar \u00fcsulla haz\u0131rlanm\u0131\u015f&nbsp;silahlardan istifad\u0259 edirl\u0259r.&nbsp;<\/p>\n\n\n\n<p>Jurnalist H\u0259mid H\u0259midov \u00f6z \u201c<a href=\"https:\/\/t.me\/hhamidov\/\" target=\"_blank\" rel=\"noreferrer noopener\">Telegram<\/a>\u201d kanal\u0131nda F\u00fczuli rayonunun i\u015f\u011faldan azad olunmu\u015f \u0259razil\u0259rind\u0259 qura\u015fd\u0131r\u0131lm\u0131\u015f raket atan qur\u011funun videosunu n\u00fcmayi\u015f etdirib.&nbsp;<\/p>\n\n\n\n<p>Az\u0259rbaycan Respublikas\u0131 \u018frazil\u0259rinin Minalardan T\u0259mizl\u0259nm\u0259si \u00fczr\u0259 Milli Agentliyin (ANAMA) direktoru Q\u0259z\u0259nf\u0259r \u018fhm\u0259dov bildirib ki, bu silahla 240 mm-lik raketl\u0259r vasit\u0259sil\u0259 18 km m\u0259saf\u0259y\u0259 at\u0259\u015f a\u00e7\u0131l\u0131b. Silah is\u0259 Az\u0259rbaycan k\u0259ndl\u0259rin\u0259 tu\u015flan\u0131b.\u00a0(oxu.az)<\/p>\n\n\n\n<figure class=\"wp-block-embed-youtube wp-block-embed is-type-video is-provider-youtube wp-embed-aspect-16-9 wp-has-aspect-ratio\"><div class=\"wp-block-embed__wrapper\">\n<iframe loading=\"lazy\" title=\"Erm\u0259nil\u0259rin \u0259ld\u0259qay\u0131rma silah\u0131\" width=\"715\" height=\"402\" src=\"https:\/\/www.youtube.com\/embed\/2p2sAFVjM-k?feature=oembed\" frameborder=\"0\" allow=\"accelerometer; autoplay; clipboard-write; encrypted-media; gyroscope; picture-in-picture\" allowfullscreen><\/iframe>\n<\/div><\/figure>\n","protected":false},"excerpt":{"rendered":"<p>Erm\u0259ni i\u015f\u011fal\u00e7\u0131 q\u00fcvv\u0259l\u0259ri Az\u0259rbaycan\u0131n dinc \u0259halisini at\u0259\u015f\u0259 tutmaq \u00fc\u00e7\u00fcn kustar \u00fcsulla haz\u0131rlanm\u0131\u015f&nbsp;silahlardan istifad\u0259 edirl\u0259r.&nbsp; Jurnalist H\u0259mid H\u0259midov \u00f6z \u201cTelegram\u201d kanal\u0131nda F\u00fczuli rayonunun i\u015f\u011faldan azad<\/p>\n","protected":false},"author":2,"featured_media":21129,"comment_status":"closed","ping_status":"closed","sticky":false,"template":"","format":"standard","meta":{"footnotes":""},"categories":[4],"tags":[],"class_list":["post-21128","post","type-post","status-publish","format-standard","has-post-thumbnail","hentry","category-qarabag"],"aioseo_notices":[],"_links":{"self":[{"href":"https:\/\/fedai.az\/index.php?rest_route=\/wp\/v2\/posts\/21128","targetHints":{"allow":["GET"]}}],"collection":[{"href":"https:\/\/fedai.az\/index.php?rest_route=\/wp\/v2\/posts"}],"about":[{"href":"https:\/\/fedai.az\/index.php?rest_route=\/wp\/v2\/types\/post"}],"author":[{"embeddable":true,"href":"https:\/\/fedai.az\/index.php?rest_route=\/wp\/v2\/users\/2"}],"replies":[{"embeddable":true,"href":"https:\/\/fedai.az\/index.php?rest_route=%2Fwp%2Fv2%2Fcomments&post=21128"}],"version-history":[{"count":1,"href":"https:\/\/fedai.az\/index.php?rest_route=\/wp\/v2\/posts\/21128\/revisions"}],"predecessor-version":[{"id":21130,"href":"https:\/\/fedai.az\/index.php?rest_route=\/wp\/v2\/posts\/21128\/revisions\/21130"}],"wp:featuredmedia":[{"embeddable":true,"href":"https:\/\/fedai.az\/index.php?rest_route=\/wp\/v2\/media\/21129"}],"wp:attachment":[{"href":"https:\/\/fedai.az\/index.php?rest_route=%2Fwp%2Fv2%2Fmedia&parent=21128"}],"wp:term":[{"taxonomy":"category","embeddable":true,"href":"https:\/\/fedai.az\/index.php?rest_route=%2Fwp%2Fv2%2Fcategories&post=21128"},{"taxonomy":"post_tag","embeddable":true,"href":"https:\/\/fedai.az\/index.php?rest_route=%2Fwp%2Fv2%2Ftags&post=21128"}],"curies":[{"name":"wp","href":"https:\/\/api.w.org\/{rel}","templated":true}]}}