{"id":21132,"date":"2020-11-20T01:01:00","date_gmt":"2020-11-19T21:01:00","guid":{"rendered":"https:\/\/fedai.az\/?p=21132"},"modified":"2020-11-20T11:59:14","modified_gmt":"2020-11-20T07:59:14","slug":"k%c9%99lb%c9%99c%c9%99rd%c9%99-erm%c9%99nil%c9%99rin-tarix-istehsal-ed%c9%99n-sexi-askarlandi-fotolar","status":"publish","type":"post","link":"https:\/\/fedai.az\/?p=21132","title":{"rendered":"K\u0259lb\u0259c\u0259rd\u0259 erm\u0259nil\u0259rin \u201ctarix\u201d istehsal ed\u0259n sexi a\u015fkarland\u0131 \u2013 FOTOLAR"},"content":{"rendered":"\n<p><strong>K\u0259lb\u0259c\u0259r rayonu \u0259razisind\u0259 erm\u0259nil\u0259rin daha bir saxtakarl\u0131\u011f\u0131 \u00fcz\u0259 \u00e7\u0131x\u0131b.<\/strong><\/p>\n\n\n\n<p><br>Sfera.az x\u0259b\u0259r verir ki, bu yax\u0131nlarda K\u0259lb\u0259c\u0259r \u0259razisind\u0259 erm\u0259nil\u0259rin &#171;tarix\u201d istehsal ed\u0259n sexl\u0259ri a\u015fkarland\u0131qdan sonra b\u00fct\u00fcn m\u0259s\u0259l\u0259 ayd\u0131n olub.<br>H\u0259min bu sex-emalatxanada erm\u0259ni ustalar\u0131 \u00f6zl\u0259rin\u0259 &#171;q\u0259dim tarix\u201d yarad\u0131rlarm\u0131\u015f. Onlar da\u015flar\u0131n \u00fcz\u0259rind\u0259 q\u0259dim h\u0259rfl\u0259r, xa\u00e7 i\u015far\u0259l\u0259ri ovub, onu formaya sal\u0131rlar.<\/p>\n\n\n\n<p><br>Daha sonra bu &#171;s\u0259n\u0259t \u0259s\u0259rl\u0259ri\u201d bir m\u00fcdd\u0259t sirk\u0259 tur\u015fusunda saxlan\u0131l\u0131r. Tur\u015funun t\u0259sirind\u0259n r\u0259ngini d\u0259yi\u015f\u0259n da\u015flar k\u00f6hn\u0259 g\u00f6r\u00fcn\u00fc\u015f \u015f\u0259klin\u0259 d\u00fc\u015f\u00fcrl\u0259r.<br>Bel\u0259likl\u0259, haz\u0131rlanm\u0131\u015f da\u015flar q\u0131sa m\u00fcdd\u0259t \u0259rzind\u0259 &#171;qocalaraq\u201d tarixi n\u00fcm\u00fcn\u0259l\u0259r\u0259 d\u00f6n\u00fc\u015f\u00fcrl\u0259r.<\/p>\n\n\n\n<p><\/p>\n\n\n\n<p><br>Daha sonra Az\u0259rbaycan torpaqlar\u0131n\u0131n erm\u0259ni \u0259razisi olmaq iddialar\u0131n\u0131 d\u00fcnyaya hayq\u0131rmaq \u00fc\u00e7\u00fcn bu da\u015flar Qaraba\u011f \u0259razisind\u0259 basd\u0131r\u0131l\u0131r.<br>Onlar i\u015f\u011fal edilmi\u015f Az\u0259rbaycan \u0259razil\u0259rinin h\u0259r yerin\u0259 bu c\u00fcr s\u00fcni &#171;ya\u015fl\u0131\u201d abid\u0259l\u0259r yerl\u0259\u015fdirirdil\u0259r.<br><\/p>\n\n\n\n<p>Erm\u0259nil\u0259r \u00f6zl\u0259rin\u0259 saxta tarix yaratmaqla yetinm\u0259yib, 30 il i\u015f\u011fal alt\u0131nda saxlad\u0131qlar\u0131 Az\u0259rbaycan \u0259razil\u0259rind\u0259 d\u0259 \u00f6zl\u0259rin\u0259 &#171;tarix sexi\u201d idxal edibl\u0259r.<br>\u0130\u015f\u011fal alt\u0131nda olan torpaqlar\u0131m\u0131z azad olunduqdan sonra, erm\u0259ni vandalizmi il\u0259 yana\u015f\u0131, onlar\u0131n &#171;q\u0259dimliyi\u201d d\u0259 bir-bir i\u015f\u0131q \u00fcz\u00fcn\u0259 \u00e7\u0131xma\u011fa ba\u015flay\u0131b.&nbsp;<br>Son y\u00fczillikd\u0259 erm\u0259ni t\u0259bli\u011fat\u0131na baxsaq, erm\u0259ni saxtakarl\u0131\u011f\u0131n\u0131n q\u0259dim tarix\u0259 malik oldu\u011funa \u015fahid ola bil\u0259rik.<\/p>\n\n\n\n<p><br>Erm\u0259nil\u0259r Az\u0259rbaycan \u0259razisind\u0259 &#171;tarixin\u201d ticari istehsal sah\u0259sini yaratmaqla, bu torpaqlar\u0131n \u0259srl\u0259r boyu onlara m\u0259xsus oldu\u011funu s\u00fcbuta yetirm\u0259k ist\u0259yibl\u0259r.&nbsp;<\/p>\n\n\n\n<p><br>Erm\u0259ni \u00fczd\u0259niraq tarix\u00e7il\u0259rinin, yaxud tarix elmind\u0259n siyasi m\u0259qs\u0259dl\u0259 istifad\u0259 ed\u0259n \u015f\u0259xsl\u0259rin \u0259s\u0259rl\u0259rin\u0259 diqq\u0259t yetirdikd\u0259, Az\u0259rbaycan\u0131n ta q\u0259dimd\u0259n indiy\u0259 q\u0259d\u0259r olan tarixini v\u0259 xalq\u0131m\u0131z\u0131n yaratd\u0131\u011f\u0131 z\u0259ngin maddi v\u0259 m\u0259n\u0259vi m\u0259d\u0259niyy\u0259tini t\u0259hrif etdikl\u0259rin\u0259, t\u0259hrif etm\u0259kl\u0259 qalmay\u0131b, se\u00e7ib-se\u00e7m\u0259l\u0259yib, \u00f6z adlar\u0131na \u00e7\u0131xd\u0131qlar\u0131na rast g\u0259lirik.<\/p>\n\n\n\n<p><br>Erm\u0259ni saxtakarl\u0131\u011f\u0131n\u0131n k\u00f6k\u00fcn\u00fc q\u0259dim oldu\u011funu dem\u0259k olar ki, ham\u0131 \u015fahiddir. \u018fli q\u0259l\u0259m tutan h\u0259r erm\u0259ni bunu \u00f6z\u00fcn\u0259 bir missiya bilib, tarixl\u0259rin\u0259 bir q\u0259dimlik qatma\u011fa c\u0259hd g\u00f6st\u0259ribl\u0259r.<\/p>\n\n\n\n<p><br>1828-ci ild\u0259 I Nikolay\u0131n f\u0259rman\u0131 il\u0259 Az\u0259rbaycan \u0259razisind\u0259 olan Alban kils\u0259si erm\u0259ni Qriqoryan kils\u0259sin\u0259 tabe edildikd\u0259n d\u0259rhal sonra erm\u0259nil\u0259r t\u0259l\u0259m-t\u0259l\u0259sik f\u0259aliyy\u0259t\u0259 ke\u00e7irl\u0259r.<\/p>\n\n\n\n<p><br>Onlar albanlara m\u0259xsus tarixi v\u0259 m\u0259d\u0259ni abid\u0259l\u0259ri saxtala\u015fd\u0131raraq, onlar\u0131n erm\u0259ni xalq\u0131na m\u0259xsus olduqlar\u0131n\u0131 d\u00fcnyaya car \u00e7\u0259kirl\u0259r.<br>Bununla da onlara veril\u0259n f\u00fcrs\u0259td\u0259n \u00e7ox m\u0259har\u0259tl\u0259 istifad\u0259 edib, \u00f6zl\u0259rin\u0259 yeni tarix haz\u0131rlay\u0131rlar. Saxtala\u015fd\u0131r\u0131lan b\u00fct\u00fcn s\u0259n\u0259dl\u0259rin v\u0259 kitablar\u0131n \u0259sli is\u0259 yand\u0131r\u0131laraq, m\u0259hv edilir.<\/p>\n\n\n\n<p><br>Erm\u0259nil\u0259rin \u0259n \u00e7ox q\u0259dim d\u00f6vl\u0259t olmaqla ba\u011fl\u0131 uydurduqlar\u0131 yalanlar\u0131nda saxta m\u0259lumatlar var x\u00fcsusi &#171;g\u00fcc\u00fcn\u00fc\u201d qeyd etm\u0259k yerin\u0259 d\u00fc\u015f\u0259rdi.<br>Bu fiqurun erm\u0259nil\u0259rin 3000 il bundan \u0259vv\u0259l yarand\u0131\u011f\u0131 bar\u0259d\u0259ki iddialar\u0131nda b\u00f6y\u00fck rolu var. Erm\u0259ni tarix\u00e7il\u0259rinin yazd\u0131qlar\u0131na g\u00f6r\u0259, guya xa\u00e7 da\u015flar\u0131 301-ci ild\u0259 xristianl\u0131\u011f\u0131n q\u0259bul edilm\u0259si il\u0259 \u0259laq\u0259lidir.&nbsp;<\/p>\n\n\n\n<p><br>Onlar haqq\u0131nda xarici m\u0259tbuatda da yet\u0259rinc\u0259 m\u0259lumatlar var. Onlar\u0131n birind\u0259 bu bar\u0259d\u0259 qeyd olunur:<br>&#171;Erm\u0259nistanda da\u015f s\u0259n\u0259ti&nbsp; 12-13 \u0259srl\u0259r \u0259rzind\u0259 b\u00f6y\u00fck \u015f\u00f6hr\u0259t ustalar\u0131 Momik, Timot, Mxiter, Pofos v\u0259 dig\u0259rl\u0259ri t\u0259r\u0259find\u0259n \u0259ld\u0259 edildiyi d\u00f6vrd\u0259 y\u00fcks\u0259ldi\u201d.<\/p>\n\n\n\n<p><br>G\u00f6r\u00fcnd\u00fcy\u00fc kimi, erm\u0259nil\u0259r xarici m\u0259tbuatda g\u00fccl\u00fc t\u0259bli\u011fat i\u015fl\u0259ri apararaq, \u00f6z q\u0259dim tarixl\u0259rini s\u00fcbuta yetirm\u0259y\u0259 \u00e7al\u0131\u015f\u0131rlar.<br>Onlar bu planlar\u0131n\u0131 h\u0259yata ke\u00e7irm\u0259k \u00fc\u00e7\u00fcn ideoloji m\u00fchit yarad\u0131r, ictimai fikir formala\u015fd\u0131r\u0131rlar.<\/p>\n\n\n\n<p><br>\u0130ll\u0259r ke\u00e7dikc\u0259 bu yalan onlarda do\u011fru \u015f\u0259klin\u0259 d\u00fc\u015f\u0259r\u0259k, x\u0259st\u0259 t\u0259f\u0259kk\u00fcrl\u0259rind\u0259 iz burax\u0131b.<\/p>\n\n\n\n<p><br>N\u0259tic\u0259d\u0259 erm\u0259nil\u0259r \u00f6z uydurduqlar\u0131 yalanlar\u0131na cani- k\u00f6n\u00fcld\u0259n inanma\u011fa ba\u015flay\u0131blar.<\/p>\n\n\n\n<p>Bununla da bir xalq olaraq, \u00f6zl\u0259rind\u0259 &#171;erm\u0259ni \u015fezofreniyas\u0131n\u0131\u201d inki\u015faf etdiribl\u0259r.&nbsp;<\/p>\n\n\n\n<p><br>Xat\u0131rladaq ki, b\u0259zil\u0259rinin yar\u0131zarafatca dediyi bu x\u0259st\u0259lik 19-cu \u0259srin sonlar\u0131nda Alman alimi t\u0259r\u0259find\u0259n k\u0259\u015ff olunub.&nbsp;<\/p>\n\n\n\n<p><br>X\u0259st\u0259l\u0259rd\u0259n incim\u0259k olmaz&#8230;(sfera.az)<\/p>\n\n\n\n<figure class=\"wp-block-gallery columns-3 is-cropped wp-block-gallery-1 is-layout-flex wp-block-gallery-is-layout-flex\"><ul class=\"blocks-gallery-grid\"><li class=\"blocks-gallery-item\"><figure><img loading=\"lazy\" decoding=\"async\" width=\"960\" height=\"600\" src=\"https:\/\/fedai.az\/wp-content\/uploads\/2020\/11\/1605801808_ke5.jpg\" alt=\"\" data-id=\"21133\" data-link=\"https:\/\/fedai.az\/?attachment_id=21133\" class=\"wp-image-21133\" srcset=\"https:\/\/fedai.az\/wp-content\/uploads\/2020\/11\/1605801808_ke5.jpg 960w, https:\/\/fedai.az\/wp-content\/uploads\/2020\/11\/1605801808_ke5-300x188.jpg 300w, https:\/\/fedai.az\/wp-content\/uploads\/2020\/11\/1605801808_ke5-150x94.jpg 150w, https:\/\/fedai.az\/wp-content\/uploads\/2020\/11\/1605801808_ke5-768x480.jpg 768w, https:\/\/fedai.az\/wp-content\/uploads\/2020\/11\/1605801808_ke5-115x73.jpg 115w\" sizes=\"auto, (max-width: 960px) 100vw, 960px\" \/><\/figure><\/li><li class=\"blocks-gallery-item\"><figure><img loading=\"lazy\" decoding=\"async\" width=\"800\" height=\"600\" src=\"https:\/\/fedai.az\/wp-content\/uploads\/2020\/11\/1605801872_ke1.jpg\" alt=\"\" data-id=\"21134\" data-link=\"https:\/\/fedai.az\/?attachment_id=21134\" class=\"wp-image-21134\" srcset=\"https:\/\/fedai.az\/wp-content\/uploads\/2020\/11\/1605801872_ke1.jpg 800w, https:\/\/fedai.az\/wp-content\/uploads\/2020\/11\/1605801872_ke1-300x225.jpg 300w, https:\/\/fedai.az\/wp-content\/uploads\/2020\/11\/1605801872_ke1-150x113.jpg 150w, https:\/\/fedai.az\/wp-content\/uploads\/2020\/11\/1605801872_ke1-768x576.jpg 768w\" sizes=\"auto, (max-width: 800px) 100vw, 800px\" \/><\/figure><\/li><li class=\"blocks-gallery-item\"><figure><img loading=\"lazy\" decoding=\"async\" width=\"800\" height=\"600\" src=\"https:\/\/fedai.az\/wp-content\/uploads\/2020\/11\/1605801819_ke2.jpg\" alt=\"\" data-id=\"21135\" data-full-url=\"https:\/\/fedai.az\/wp-content\/uploads\/2020\/11\/1605801819_ke2.jpg\" data-link=\"https:\/\/fedai.az\/?attachment_id=21135\" class=\"wp-image-21135\" srcset=\"https:\/\/fedai.az\/wp-content\/uploads\/2020\/11\/1605801819_ke2.jpg 800w, https:\/\/fedai.az\/wp-content\/uploads\/2020\/11\/1605801819_ke2-300x225.jpg 300w, https:\/\/fedai.az\/wp-content\/uploads\/2020\/11\/1605801819_ke2-150x113.jpg 150w, https:\/\/fedai.az\/wp-content\/uploads\/2020\/11\/1605801819_ke2-768x576.jpg 768w\" sizes=\"auto, (max-width: 800px) 100vw, 800px\" \/><\/figure><\/li><\/ul><\/figure>\n","protected":false},"excerpt":{"rendered":"<p>K\u0259lb\u0259c\u0259r rayonu \u0259razisind\u0259 erm\u0259nil\u0259rin daha bir saxtakarl\u0131\u011f\u0131 \u00fcz\u0259 \u00e7\u0131x\u0131b. Sfera.az x\u0259b\u0259r verir ki, bu yax\u0131nlarda K\u0259lb\u0259c\u0259r \u0259razisind\u0259 erm\u0259nil\u0259rin &#171;tarix\u201d istehsal ed\u0259n sexl\u0259ri a\u015fkarland\u0131qdan sonra<\/p>\n","protected":false},"author":2,"featured_media":21136,"comment_status":"closed","ping_status":"closed","sticky":false,"template":"","format":"standard","meta":{"footnotes":""},"categories":[4],"tags":[],"class_list":["post-21132","post","type-post","status-publish","format-standard","has-post-thumbnail","hentry","category-qarabag"],"aioseo_notices":[],"_links":{"self":[{"href":"https:\/\/fedai.az\/index.php?rest_route=\/wp\/v2\/posts\/21132","targetHints":{"allow":["GET"]}}],"collection":[{"href":"https:\/\/fedai.az\/index.php?rest_route=\/wp\/v2\/posts"}],"about":[{"href":"https:\/\/fedai.az\/index.php?rest_route=\/wp\/v2\/types\/post"}],"author":[{"embeddable":true,"href":"https:\/\/fedai.az\/index.php?rest_route=\/wp\/v2\/users\/2"}],"replies":[{"embeddable":true,"href":"https:\/\/fedai.az\/index.php?rest_route=%2Fwp%2Fv2%2Fcomments&post=21132"}],"version-history":[{"count":2,"href":"https:\/\/fedai.az\/index.php?rest_route=\/wp\/v2\/posts\/21132\/revisions"}],"predecessor-version":[{"id":21175,"href":"https:\/\/fedai.az\/index.php?rest_route=\/wp\/v2\/posts\/21132\/revisions\/21175"}],"wp:featuredmedia":[{"embeddable":true,"href":"https:\/\/fedai.az\/index.php?rest_route=\/wp\/v2\/media\/21136"}],"wp:attachment":[{"href":"https:\/\/fedai.az\/index.php?rest_route=%2Fwp%2Fv2%2Fmedia&parent=21132"}],"wp:term":[{"taxonomy":"category","embeddable":true,"href":"https:\/\/fedai.az\/index.php?rest_route=%2Fwp%2Fv2%2Fcategories&post=21132"},{"taxonomy":"post_tag","embeddable":true,"href":"https:\/\/fedai.az\/index.php?rest_route=%2Fwp%2Fv2%2Ftags&post=21132"}],"curies":[{"name":"wp","href":"https:\/\/api.w.org\/{rel}","templated":true}]}}