{"id":21149,"date":"2020-11-20T01:31:55","date_gmt":"2020-11-19T21:31:55","guid":{"rendered":"https:\/\/fedai.az\/?p=21149"},"modified":"2020-11-20T01:52:33","modified_gmt":"2020-11-19T21:52:33","slug":"21149","status":"publish","type":"post","link":"https:\/\/fedai.az\/?p=21149","title":{"rendered":"Qaraba\u011fl\u0131lara evl\u0259ri Qaraba\u011fda tikm\u0259k zaman\u0131d\u0131r!"},"content":{"rendered":"\n<p><strong>Az\u0259rbaycan K\u0130V-l\u0259ri m\u0259lumat yay\u0131blar ki, D\u00f6vl\u0259t Sat\u0131nalmalar\u0131 elektron portal\u0131ndan \u0259ld\u0259 etdiyi m\u0259lumata \u0259sas\u0259n, Bak\u0131 \u015f\u0259h\u0259ri, Bin\u0259q\u0259di rayonu, Xocas\u0259n q\u0259s\u0259b\u0259si \u0259razisind\u0259 810 m\u0259cburi k\u00f6\u00e7k\u00fcn ail\u0259si \u00fc\u00e7\u00fcn z\u0259ruri sosial-texniki infrastrukturu olan yeni ya\u015fay\u0131\u015f m\u0259h\u0259ll\u0259sind\u0259 binalar\u0131n tikintisi v\u0259 m\u00fcvafiq infrastrukturun t\u0259min edilm\u0259si \u00fczr\u0259 11 \u015firk\u0259tl\u0259 \u0259m\u0259kda\u015fl\u0131q edil\u0259c\u0259k. \u00d6z\u00fc d\u0259 \u00fcmumi d\u0259y\u0259ri 55 milyon 431 min 379 manat!<\/strong><\/p>\n\n\n\n<p>Bundan ba\u015fqa x\u0259b\u0259rd\u0259 o da vur\u011fulan\u0131r ki, tenderl\u0259r \u00fczr\u0259 ya\u015fay\u0131\u015f m\u0259h\u0259ll\u0259sind\u0259 15 binan\u0131n tikintisi apar\u0131lacaq. \u00dcmumi tikinti i\u015fl\u0259rin\u0259 48 milyon 990,6 min manat s\u0259rf olunacaq. Tenderd\u0259 qalib olan \u015firk\u0259tl\u0259r bunlard\u0131r:<\/p>\n\n\n\n<p>\u201cAzman Holding\u201d MMC<\/p>\n\n\n\n<p>\u201cAkkord General Construction\u201d MMC<\/p>\n\n\n\n<p>\u201cM.Nazimo\u011flu\u201d MMC<\/p>\n\n\n\n<p>\u201cMinera\u201d MMC<\/p>\n\n\n\n<p>\u201cTuran.\u0130.O\u201d MMC<\/p>\n\n\n\n<p>\u201cAzertikinti-M\u201d MMC<\/p>\n\n\n\n<p>\u0130ndi bu yerd\u0259 K\u0259r\u0259mi a\u011flamaq tutmas\u0131n, n\u0259 etsin? Bu m\u0259nb\u0259y\u0259 istinad ed\u0259n saytlar is\u0259 b\u0259h-b\u0259hl\u0259 \u201cBak\u0131da m\u0259cburi k\u00f6\u00e7k\u00fcnl\u0259r \u00fc\u00e7\u00fcn yeni binalar tikil\u0259c\u0259k\u201d ba\u015fl\u0131\u011f\u0131 alt\u0131nda bu x\u0259b\u0259ri tirajlay\u0131blar. K\u0259nardan g\u00fcl\u00fcnc g\u00f6r\u00fcnm\u00fcr\u00fckm\u00fc?<\/p>\n\n\n\n<p>Olmazm\u0131 ki, 55 milyonu a\u015fan h\u0259min bu layih\u0259 Bak\u0131da yox, a\u011faclar\u0131n\u0131, evl\u0259rini h\u0259tta sanitar qov\u015faq avadanl\u0131qlar\u0131na kimi k\u00f6k\u00fcnd\u0259n \u00e7\u0131xar\u0131l\u0131b viran qoyulmu\u015f Qaraba\u011fda icra olunsun? Ax\u0131 olar. Onsuz da Bak\u0131da v\u0259 Ab\u015feronda m\u0259cburi k\u00f6\u00e7k\u00fcnl\u0259rin k\u00f6\u00e7\u00fcr\u00fclm\u0259si \u00fc\u00e7\u00fcn ucald\u0131lan kifay\u0259t q\u0259d\u0259r yar\u0131m\u00e7\u0131q binalar m\u00f6vcuddur. O binalar\u0131 \u0259vv\u0259lc\u0259 tamamalamaq laz\u0131md\u0131r, n\u0259inki o siyah\u0131ya daha \u0259lav\u0259 yar\u0131m\u00e7\u0131q binalar \u0259lav\u0259 etm\u0259k.<\/p>\n\n\n\n<p>Yuxar\u0131da ad\u0131 \u00e7\u0259kil\u0259n bu \u201cMMC\u201d-l\u0259rin ya d\u00f6vl\u0259tin i\u015f\u011faldan azad oluinmu\u015f torpaqlarda h\u0259yata ke\u00e7iril\u0259n sosial-iqtisadi planlardan x\u0259b\u0259rl\u0259ri yoxdur, ya da \u00f6zl\u0259rini bix\u0259b\u0259r kimi g\u00f6st\u0259rib \u201cd\u0259r\u0259 x\u0259lv\u0259t t\u00fclk\u00fc b\u0259y\u201d dey\u0259r\u0259k V\u0259t\u0259nimizin azadl\u0131\u011f\u0131 u\u011frunda apar\u0131lan II Qaraba\u011f m\u00fcharib\u0259sind\u0259n \u0259vv\u0259l planla\u015fd\u0131r\u0131lan bu layih\u0259ni tez-t\u0259l\u0259sik icra etm\u0259y\u0259 \u00e7al\u0131\u015f\u0131rlar ki art\u0131q \u201ci\u015f-i\u015fd\u0259n ke\u00e7mi\u015f\u201d olsun. Do\u011frudanm\u0131 bu MMC-l\u0259rin ba\u015f\u0131nda duranlardan he\u00e7 olmasa biri v\u0259t\u0259np\u0259rv\u0259r m\u00f6vqe v\u0259 can\u0131yanal\u0131q n\u00fcmayi\u015f etdir\u0259r\u0259k dil\u0259 g\u0259lib dey\u0259 bilmir ki, g\u0259lin bu layih\u0259ni Bak\u0131da yox, F\u00fczulid\u0259, Z\u0259ngilanda, Qubadl\u0131da, \u015eu\u015fada h\u0259yata ke\u00e7ir\u0259k?<\/p>\n\n\n\n<p> Y\u0259qin bu \u201cMMC\u201d-l\u0259r\u0259 hamilik ed\u0259n &#171;Qa\u00e7q\u0131nkom&#187; \u201ck\u00f6n\u00fcll\u00fcl\u00fck prinsipi\u201dni \u0259sas g\u0259tir\u0259r\u0259k onlar\u0131n Qaraba\u011fda f\u0259aliyy\u0259tini qada\u011fan edib?<\/p>\n\n\n\n<p>Bu layih\u0259ni AR Nazirl\u0259r Kabineti dayand\u0131rmal\u0131 v\u0259 yerini Qaraba\u011fda azad edilmi\u015f rayonlar\u0131m\u0131za salmal\u0131d\u0131r. Bu evl\u0259rin Ab\u015feron \u0259razisind\u0259 tikilm\u0259si yolverilm\u0259zdir v\u0259 m\u0259qs\u0259d\u0259uy\u011fun deyildir. Bel\u0259 \u00e7\u0131x\u0131r ki, m\u0259skunla\u015fma h\u0259l\u0259 d\u0259 Bak\u0131da apar\u0131l\u0131r. Kiml\u0259rs\u0259 ill\u0259rdir bu tikintil\u0259rd\u0259n pullar qazan\u0131rlar v\u0259 Bak\u0131da tikm\u0259k onlara daha rahat oldu\u011fu \u00fc\u00e7\u00fcn bu add\u0131m\u0131n at\u0131ld\u0131\u011f\u0131 i\u015fin g\u00f6r\u00fcn\u0259n t\u0259r\u0259fidir. Aidiyyatl\u0131 qurumlar bu m\u0259s\u0259l\u0259y\u0259 ayd\u0131nl\u0131q g\u0259tirm\u0259lidirl\u0259r&#8230;<\/p>\n\n\n\n<p><strong>Nurlan<\/strong><\/p>\n","protected":false},"excerpt":{"rendered":"<p>Az\u0259rbaycan K\u0130V-l\u0259ri m\u0259lumat yay\u0131blar ki, D\u00f6vl\u0259t Sat\u0131nalmalar\u0131 elektron portal\u0131ndan \u0259ld\u0259 etdiyi m\u0259lumata \u0259sas\u0259n, Bak\u0131 \u015f\u0259h\u0259ri, Bin\u0259q\u0259di rayonu, Xocas\u0259n q\u0259s\u0259b\u0259si \u0259razisind\u0259 810 m\u0259cburi k\u00f6\u00e7k\u00fcn ail\u0259si<\/p>\n","protected":false},"author":2,"featured_media":21150,"comment_status":"closed","ping_status":"closed","sticky":false,"template":"","format":"standard","meta":{"footnotes":""},"categories":[15],"tags":[],"class_list":["post-21149","post","type-post","status-publish","format-standard","has-post-thumbnail","hentry","category-atmaca"],"aioseo_notices":[],"_links":{"self":[{"href":"https:\/\/fedai.az\/index.php?rest_route=\/wp\/v2\/posts\/21149","targetHints":{"allow":["GET"]}}],"collection":[{"href":"https:\/\/fedai.az\/index.php?rest_route=\/wp\/v2\/posts"}],"about":[{"href":"https:\/\/fedai.az\/index.php?rest_route=\/wp\/v2\/types\/post"}],"author":[{"embeddable":true,"href":"https:\/\/fedai.az\/index.php?rest_route=\/wp\/v2\/users\/2"}],"replies":[{"embeddable":true,"href":"https:\/\/fedai.az\/index.php?rest_route=%2Fwp%2Fv2%2Fcomments&post=21149"}],"version-history":[{"count":3,"href":"https:\/\/fedai.az\/index.php?rest_route=\/wp\/v2\/posts\/21149\/revisions"}],"predecessor-version":[{"id":21156,"href":"https:\/\/fedai.az\/index.php?rest_route=\/wp\/v2\/posts\/21149\/revisions\/21156"}],"wp:featuredmedia":[{"embeddable":true,"href":"https:\/\/fedai.az\/index.php?rest_route=\/wp\/v2\/media\/21150"}],"wp:attachment":[{"href":"https:\/\/fedai.az\/index.php?rest_route=%2Fwp%2Fv2%2Fmedia&parent=21149"}],"wp:term":[{"taxonomy":"category","embeddable":true,"href":"https:\/\/fedai.az\/index.php?rest_route=%2Fwp%2Fv2%2Fcategories&post=21149"},{"taxonomy":"post_tag","embeddable":true,"href":"https:\/\/fedai.az\/index.php?rest_route=%2Fwp%2Fv2%2Ftags&post=21149"}],"curies":[{"name":"wp","href":"https:\/\/api.w.org\/{rel}","templated":true}]}}