{"id":21155,"date":"2020-11-20T02:11:10","date_gmt":"2020-11-19T22:11:10","guid":{"rendered":"https:\/\/fedai.az\/?p=21155"},"modified":"2020-11-20T11:54:15","modified_gmt":"2020-11-20T07:54:15","slug":"erm%c9%99nil%c9%99r-yer-uzun%c9%99-l%c9%99n%c9%99t-damgasi-olaraq-gond%c9%99ribl%c9%99r","status":"publish","type":"post","link":"https:\/\/fedai.az\/?p=21155","title":{"rendered":"Erm\u0259nil\u0259r Yer \u00fcz\u00fcn\u0259 l\u0259n\u0259t dam\u011fas\u0131 olaraq g\u00f6nd\u0259rilibl\u0259r"},"content":{"rendered":"\n<p><strong>10 noyabr 2020-ci il tarixind\u0259 elan edilmi\u015f b\u0259yanatla ba\u011fl\u0131, erm\u0259nil\u0259r Az\u0259rbaycan\u0131n i\u015f\u011fal etdikl\u0259ri K\u0259lb\u0259c\u0259r rayonu, A\u011fdam rayonu, Qazax rayonunun i\u015f\u011fal etdikl\u0259ri 7 k\u0259ndind\u0259n v\u0259 La\u00e7\u0131n rayonundan \u00e7\u0131xmal\u0131d\u0131rlar. <\/strong><\/p>\n\n\n\n<p>Bunun \u00fc\u00e7\u00fcn ilkin variant kimi erm\u0259nil\u0259rin 15 noyabr 2020-ci il tarixind\u0259, 02 aprel 1993-c\u00fc ild\u0259 i\u015f\u011fal etdikl\u0259ri K\u0259lb\u0259c\u0259r rayonundan \u00e7\u0131xmalar\u0131 g\u00f6st\u0259rilmi\u015fdir. Buna baxmayaraq bu m\u00fcdd\u0259t 25 noyabr 2020-ci il\u0259 q\u0259d\u0259r art\u0131r\u0131ld\u0131. Erm\u0259nil\u0259r 20 noyabr 2020-ci il tarixd\u0259 A\u011fdam rayonundan, 01 dekabr 2020-ci il tarixind\u0259 is\u0259 La\u00e7\u0131n rayonundan \u00e7\u0131xmal\u0131d\u0131rlar. Erm\u0259nil\u0259r-haylar\u0131n verdikl\u0259ri s\u00f6zl\u0259r he\u00e7 bir vaxt d\u00fcr\u00fcst olmur. Onlar\u0131n Az\u0259rbaycan-t\u00fcrk xalq\u0131n\u0131n d\u00fc\u015fm\u0259ni olmas\u0131n\u0131 biz h\u0259mi\u015f\u0259 d\u00fcnya xalqlar\u0131na g\u00f6st\u0259rm\u0259y\u0259 \u00e7al\u0131\u015fm\u0131\u015f\u0131q. G\u00f6st\u0259rm\u0259y\u0259 \u00e7al\u0131\u015fm\u0131\u015f\u0131q ki, bu mill\u0259t qara\u00e7\u0131, soy\u011fun\u00e7u, qani\u00e7\u0259n bir toplumdur. Lakin, \u00e7ox t\u0259\u0259ss\u00fcf edil\u0259si hald\u0131r ki, d\u00fcnya h\u0259l\u0259 d\u0259 bu qara\u00e7\u0131lar\u0131, ya\u015fama\u011fa haqq\u0131 olmayanlar\u0131 m\u00fcdafi\u0259 edir. Biz Fransan\u0131n prezidenti, deyil\u0259nl\u0259r\u0259 g\u00f6r\u0259 erm\u0259ni qar\u0131\u015f\u0131\u011f\u0131 olan Makronun Az\u0259rbaycan Silahl\u0131 Q\u00fcvv\u0259l\u0259rinin ke\u00e7irtdiyi \u015fanl\u0131 d\u00f6y\u00fc\u015f z\u0259f\u0259rl\u0259rind\u0259n t\u0259sirl\u0259ndiyini v\u0259 \u00f6z\u00fcn\u00fcn erm\u0259nil\u0259rin yan\u0131nda olmas\u0131n\u0131 bildirm\u0259sinin \u015fahidi olduq.<\/p>\n\n\n\n<p>Erm\u0259nil\u0259r i\u015f\u011fal etdikl\u0259ri Az\u0259rbaycan \u0259razil\u0259rind\u0259n \u00e7\u0131xark\u0259n yand\u0131rd\u0131qlar\u0131 evl\u0259ri, m\u0259kt\u0259b binalar\u0131n\u0131, me\u015f\u0259l\u0259ri, h\u0259tta ev heyvanlar\u0131n\u0131 k\u0259sm\u0259l\u0259rini, z\u0259h\u0259rl\u0259yib \u00f6ld\u00fcrd\u00fckl\u0259rini, \u0259sas\u0259n d\u0259 Az\u0259rbaycan insan\u0131na qism\u0259t olmamas\u0131n\u0131 ist\u0259diyinin \u015fahidi oluruq. Bu s\u0259hn\u0259l\u0259r\u0259 baxark\u0259n erm\u0259nil\u0259rin n\u0259 q\u0259d\u0259r qani\u00e7\u0259n, n\u0259 q\u0259d\u0259r zal\u0131m, h\u0259yas\u0131z olmalar\u0131n\u0131 \u0259yani \u015f\u0259kild\u0259 bir daha g\u00f6r\u00fcr\u00fck. Bunlara baxark\u0259n vaxt\u0131 il\u0259 ata babam\u0131n, r\u0259hm\u0259tlik Oruc l\u0259l\u0259min s\u00f6zl\u0259ri yad\u0131ma d\u00fc\u015f\u00fcr. M\u0259n, \u015e\u0259mkir rayonunun, Seyf\u0259li k\u0259ndind\u0259 d\u00f6\u011fulmu\u015fam. Bizim k\u0259ndin a\u015fa\u011f\u0131s\u0131nda, vaxt\u0131 il\u0259 almanlar ya\u015fam\u0131\u015fd\u0131rlar. H\u0259min yerl\u0259ri onlar\u0131n vaxt\u0131nda Seyf\u0259lil\u0259r &#171;nemis\u0259&#187; adland\u0131r\u0131rm\u0131\u015flar. Sonradan h\u0259min yer Lenink\u0259nd, ax\u0131rda is\u0259 \u00c7inarl\u0131 adlanma\u011fa ba\u015flad\u0131. L\u0259l\u0259m deyirdi ki, 1940-ci ill\u0259r idi. O, Nemis\u0259y\u0259 gedibmi\u015f. H\u0259min vaxt\u0131 bir alman\u0131n h\u0259y\u0259tind\u0259n ke\u00e7\u0259nd\u0259 orada a\u011flamaq s\u0259sini e\u015fidir v\u0259 i\u00e7\u0259ri girir. G\u00f6r\u00fcr ki, bir alman qad\u0131n\u0131 a\u011flayaraq \u00f6z h\u0259y\u0259tini s\u00fcp\u00fcr\u00fcr. H\u0259min qad\u0131ndan soru\u015fur: &#171;Frolin, niy\u0259 a\u011flay\u0131rsan?\u00bb. H\u0259min qad\u0131n, l\u0259l\u0259m\u0259 deyir ki, b\u0259s, bilmirs\u0259n, Oruc ki\u015fi bizi Qaza\u011f\u0131stan Respublikas\u0131na k\u00f6\u00e7\u00fcr\u00fcrl\u0259r. Onda L\u0259l\u0259m h\u0259min qad\u0131na deyir: &#171;\u0130ndi ki, sizi k\u00f6\u00e7\u00fcr\u00fcrl\u0259r, onda niy\u0259 h\u0259y\u0259ti s\u00fcp\u00fcr\u00fcrs\u0259n&#187;.<\/p>\n\n\n\n<p>Qad\u0131n L\u0259l\u0259m\u0259 deyir: &#171;M\u0259n ona g\u00f6r\u0259 h\u0259y\u0259t-bacan\u0131 s\u00fcp\u00fcr\u00fcr\u0259m ki, m\u0259n buradan k\u00f6\u00e7\u0259nd\u0259n sonra bura g\u0259l\u0259nl\u0259r dem\u0259sinl\u0259r ki, burada heyvan ya\u015fam\u0131\u015fd\u0131r, desinl\u0259r ki, burada insan ya\u015fam\u0131\u015fd\u0131r&#187;.<\/p>\n\n\n\n<p>Erm\u0259nil\u0259r haqq\u0131nda is\u0259, onlara n\u0259 des\u0259n d\u0259 yeri yoxdur. Onlar \u00f6z \u00e7irkin m\u0259qs\u0259dl\u0259rini h\u0259mi\u015f\u0259 h\u0259yata ke\u00e7irmi\u015fdirl\u0259r. \u0130ndi d\u0259 h\u0259yata ke\u00e7irm\u0259kd\u0259dirl\u0259r. Bu k\u00f6rp\u0259 qatill\u0259ri, meyidl\u0259r \u00fcz\u0259rind\u0259 nekrofillik ed\u0259nl\u0259r, b\u0259\u015f\u0259riyy\u0259t \u00fc\u00e7\u00fcn t\u0259hl\u00fck\u0259li olan b\u00fct\u00fcn \u0259m\u0259ll\u0259r\u0259 sahib bir y\u0131\u011fnaqd\u0131rlar. B\u00fct\u00fcn pislikl\u0259r\u0259 bais olan bu d\u00fc\u015fm\u0259nd\u0259n h\u0259r \u015fey g\u00f6zl\u0259m\u0259k olar. Sanki bu insanl\u0131q ad\u0131na l\u0259k\u0259 say\u0131lan toplumu, sanki Yer \u00fcz\u00fcn\u0259 l\u0259n\u0259t dam\u011fas\u0131 olaraq g\u00f6nd\u0259ribl\u0259r.<\/p>\n\n\n\n<p>Bizim b\u0259zi ekspertl\u0259rimiz erm\u0259nil\u0259r bar\u0259d\u0259 dan\u0131\u015fanda \u00f6zl\u0259rini el\u0259 apar\u0131rlar ki, guya insanla dan\u0131\u015f\u0131q apar\u0131rlar. Onlar d\u00fc\u015f\u00fcnm\u00fcrl\u0259r ki, hamil\u0259 qad\u0131n\u0131n qarn\u0131nda olan u\u015fa\u011f\u0131 \u00e7\u0131xar\u0131b x\u0259nc\u0259rl\u0259 do\u011frayanlar, Qaraba\u011f Az\u0259rbaycand\u0131r dey\u0259n m\u0259rd \u015e\u0259mkirli balas\u0131n\u0131n ba\u015f\u0131n\u0131, murdar o\u011flunun q\u0259brinin \u00fcst\u00fcnd\u0259 k\u0259s\u0259nl\u0259r, Xocal\u0131lar\u0131n qad\u0131n\u0131n\u0131, qocas\u0131n\u0131, k\u00f6rp\u0259sini soyq\u0131r\u0131ma m\u0259ruz qoyan bu erm\u0259nil\u0259r deyildimi?<\/p>\n\n\n\n<p>Biz, son V\u0259t\u0259n sava\u015f\u0131nda da bir daha g\u00f6rd\u00fck ki, \u00f6z i\u00e7\u0259rimizd\u0259 olan erm\u0259nil\u0259ri, PKK-ya sevgisi olanlar\u0131, Rusiyan\u0131n \u0259lalt\u0131lar\u0131n\u0131 V\u0259t\u0259n m\u00fcharib\u0259sind\u0259n uzaqla\u015fd\u0131rmaqla n\u0259l\u0259r\u0259 nail olduq. B\u00fct\u00fcn bunlara g\u00f6r\u0259 biz Ali Ba\u015f Komandan \u0130lham \u018fliyev\u0259 borcluyuq. <\/p>\n\n\n\n<p>M\u0259n inan\u0131ram ki, M\u00fcdafi\u0259 Nazirliyind\u0259, Daxili \u0130\u015fl\u0259r Nazirliyind\u0259, Fovq\u0259lad\u0259 Hallar Nazirliyind\u0259, h\u0259l\u0259 dem\u0259diyim n\u0259 q\u0259d\u0259r idar\u0259 v\u0259 m\u00fc\u0259ssis\u0259l\u0259rd\u0259 k\u00f6k salm\u0131\u015f erm\u0259ni xisl\u0259tl\u0259rind\u0259n t\u0259mizl\u0259nm\u0259kl\u0259 biz \u00e7ox \u015feyl\u0259r\u0259 nail olaca\u011f\u0131q.<\/p>\n\n\n\n<figure class=\"wp-block-image size-large is-resized\"><img loading=\"lazy\" decoding=\"async\" src=\"https:\/\/fedai.az\/wp-content\/uploads\/2020\/10\/20200922_144651-3-scaled.jpeg\" alt=\"\" class=\"wp-image-18712\" width=\"237\" height=\"177\"\/><\/figure>\n\n\n\n<p><strong>Abbas H\u00fcseynli<\/strong><\/p>\n\n\n\n<p><strong>AVMV\u0130B s\u0259drinin m\u00fcavini<\/strong><\/p>\n","protected":false},"excerpt":{"rendered":"<p>10 noyabr 2020-ci il tarixind\u0259 elan edilmi\u015f b\u0259yanatla ba\u011fl\u0131, erm\u0259nil\u0259r Az\u0259rbaycan\u0131n i\u015f\u011fal etdikl\u0259ri K\u0259lb\u0259c\u0259r rayonu, A\u011fdam rayonu, Qazax rayonunun i\u015f\u011fal etdikl\u0259ri 7 k\u0259ndind\u0259n v\u0259<\/p>\n","protected":false},"author":2,"featured_media":20746,"comment_status":"closed","ping_status":"closed","sticky":false,"template":"","format":"standard","meta":{"footnotes":""},"categories":[14],"tags":[],"class_list":["post-21155","post","type-post","status-publish","format-standard","has-post-thumbnail","hentry","category-kos"],"aioseo_notices":[],"_links":{"self":[{"href":"https:\/\/fedai.az\/index.php?rest_route=\/wp\/v2\/posts\/21155","targetHints":{"allow":["GET"]}}],"collection":[{"href":"https:\/\/fedai.az\/index.php?rest_route=\/wp\/v2\/posts"}],"about":[{"href":"https:\/\/fedai.az\/index.php?rest_route=\/wp\/v2\/types\/post"}],"author":[{"embeddable":true,"href":"https:\/\/fedai.az\/index.php?rest_route=\/wp\/v2\/users\/2"}],"replies":[{"embeddable":true,"href":"https:\/\/fedai.az\/index.php?rest_route=%2Fwp%2Fv2%2Fcomments&post=21155"}],"version-history":[{"count":2,"href":"https:\/\/fedai.az\/index.php?rest_route=\/wp\/v2\/posts\/21155\/revisions"}],"predecessor-version":[{"id":21174,"href":"https:\/\/fedai.az\/index.php?rest_route=\/wp\/v2\/posts\/21155\/revisions\/21174"}],"wp:featuredmedia":[{"embeddable":true,"href":"https:\/\/fedai.az\/index.php?rest_route=\/wp\/v2\/media\/20746"}],"wp:attachment":[{"href":"https:\/\/fedai.az\/index.php?rest_route=%2Fwp%2Fv2%2Fmedia&parent=21155"}],"wp:term":[{"taxonomy":"category","embeddable":true,"href":"https:\/\/fedai.az\/index.php?rest_route=%2Fwp%2Fv2%2Fcategories&post=21155"},{"taxonomy":"post_tag","embeddable":true,"href":"https:\/\/fedai.az\/index.php?rest_route=%2Fwp%2Fv2%2Ftags&post=21155"}],"curies":[{"name":"wp","href":"https:\/\/api.w.org\/{rel}","templated":true}]}}