{"id":21512,"date":"2020-11-25T00:47:28","date_gmt":"2020-11-24T20:47:28","guid":{"rendered":"https:\/\/fedai.az\/?p=21512"},"modified":"2020-11-25T00:47:32","modified_gmt":"2020-11-24T20:47:32","slug":"ilham-%c9%99liyev-agdam-istiqam%c9%99tind%c9%99-boyuk-h%c9%99rbi-birl%c9%99sm%c9%99-saxlamisdiq-ki-dusm%c9%99nin-h%c9%99rbi-quvv%c9%99l%c9%99ri-d%c9%99-burada-qalsin-basqa-yer%c9%99-getm%c9%99sin","status":"publish","type":"post","link":"https:\/\/fedai.az\/?p=21512","title":{"rendered":"\u0130lham \u018fliyev: &#171;A\u011fdam istiqam\u0259tind\u0259 b\u00f6y\u00fck h\u0259rbi birl\u0259\u015fm\u0259 saxlam\u0131\u015fd\u0131q ki, d\u00fc\u015fm\u0259nin h\u0259rbi q\u00fcvv\u0259l\u0259ri d\u0259 burada qals\u0131n, ba\u015fqa yer\u0259 getm\u0259sin&#187;"},"content":{"rendered":"\n<p><strong>&#171;Bax, b\u00fct\u00fcn bu amill\u0259r bizim q\u0259l\u0259b\u0259mizi \u015f\u0259rtl\u0259ndirdi. M\u0259n bir daha qeyd etm\u0259k ist\u0259yir\u0259m ki, a\u011fdaml\u0131lar bu g\u00fcn\u00fc uzun ill\u0259r \u0259rzind\u0259 &#8212; 30 il\u0259 yax\u0131n idi g\u00f6zl\u0259yirdil\u0259r. Eyni zamanda, \u0130kinci Qaraba\u011f m\u00fcharib\u0259si zaman\u0131 da g\u00f6zl\u0259yirdil\u0259r. M\u0259n bilir\u0259m v\u0259 hiss edir\u0259m ki, bizim \u015f\u0259h\u0259rl\u0259rimiz, rayonlar\u0131m\u0131z, k\u0259ndl\u0259rimiz i\u015f\u011faldan azad olunduqca a\u011fdaml\u0131lar da fikirl\u0259\u015firdil\u0259r ki, n\u0259 vaxt onlar\u0131n k\u0259ndl\u0259ri, A\u011fdam \u015f\u0259h\u0259ri azad olunacaq. C\u0259bray\u0131l azad olundu, F\u00fczuli azad olundu, Hadrut azad olundu, Z\u0259ngilan, Qubadl\u0131, Suqovu\u015fan, \u015eu\u015fa azad olundu v\u0259 y\u0259qin ki, a\u011fdaml\u0131lar fikirl\u0259\u015firdil\u0259r ki, n\u0259 \u00fc\u00e7\u00fcn A\u011fdam azad olunmur?&#187;<\/strong><\/p>\n\n\n\n<p><a href=\"https:\/\/report.az\/qarabag\/ilham-eliyev-agdam-istiqametinde-boyuk-herbi-birlesme-saxlamisdiq-ki-dusmenin-herbi-quvveleri-de-burada-qalsin-basqa-yere-getmesin\/\" target=\"_blank\" rel=\"noreferrer noopener\">\u201cReport\u201d<\/a>&nbsp;x\u0259b\u0259r verir ki, bunu noyabr\u0131n 23-d\u0259 i\u015f\u011faldan azad olunmu\u015f A\u011fdam \u015f\u0259h\u0259rin\u0259 s\u0259f\u0259r ed\u0259n Az\u0259rbaycan Respublikas\u0131n\u0131n Prezidenti, Silahl\u0131 Q\u00fcvv\u0259l\u0259rin M\u00fcz\u0259ff\u0259r Ali Ba\u015f Komandan\u0131 \u0130lham \u018fliyev deyib.<\/p>\n\n\n\n<p>&#171;\u0130ndi m\u0259n bunu dey\u0259 bil\u0259r\u0259m. Amma m\u0259n ist\u0259yirdim, bunu hans\u0131sa formada a\u011fdaml\u0131lara \u00e7atd\u0131r\u0131m, amma onlar da ba\u015fa d\u00fc\u015f\u00fcrl\u0259r ki, m\u00fcharib\u0259 d\u00f6vr\u00fcnd\u0259 bunu ed\u0259 bilm\u0259zdim. Burada be\u015f m\u00fcdafi\u0259 x\u0259tti var. D\u00fc\u015fm\u0259n bizi buradan g\u00f6zl\u0259yirdi. Biz imkan ver\u0259 bilm\u0259zdik ki, d\u00fc\u015fm\u0259nin g\u00f6zl\u0259diyi yerd\u0259n h\u00fccuma ke\u00e7\u0259k. Biz bu istiqam\u0259td\u0259 kifay\u0259t q\u0259d\u0259r b\u00f6y\u00fck h\u0259rbi birl\u0259\u015fm\u0259 saxlam\u0131\u015fd\u0131q ki, d\u00fc\u015fm\u0259nin h\u0259rbi q\u00fcvv\u0259l\u0259ri d\u0259 burada qals\u0131n, ba\u015fqa yer\u0259 getm\u0259sin. F\u00fczulini, Hadrutu, Xocav\u0259nd rayonunun b\u00f6y\u00fck hiss\u0259sini v\u0259 \u015eu\u015fan\u0131 azad ed\u0259nd\u0259n sonra t\u0259bii ki, biz art\u0131q A\u011fdam \u015f\u0259h\u0259rin\u0259 istiqam\u0259t g\u00f6t\u00fcrm\u00fc\u015fd\u00fck v\u0259 \u0259mr verilmi\u015fdi ki, n\u00f6vb\u0259ti istiqam\u0259t A\u011fdamd\u0131r. D\u00fc\u015fm\u0259n d\u0259 bilir v\u0259 art\u0131q etiraf edir ki, \u0259g\u0259r onlar torpaqlar\u0131m\u0131z\u0131n azad edilm\u0259si il\u0259 ba\u011fl\u0131 m\u0259nim \u015f\u0259rtl\u0259rimi q\u0259bul etm\u0259s\u0259ydil\u0259r, burada m\u0259hv olacaqd\u0131lar. \u00c7\u00fcnki biz A\u011fdama g\u0259lirdik&#187;, &#8212; Prezident bildirib<\/p>\n","protected":false},"excerpt":{"rendered":"<p>&#171;Bax, b\u00fct\u00fcn bu amill\u0259r bizim q\u0259l\u0259b\u0259mizi \u015f\u0259rtl\u0259ndirdi. M\u0259n bir daha qeyd etm\u0259k ist\u0259yir\u0259m ki, a\u011fdaml\u0131lar bu g\u00fcn\u00fc uzun ill\u0259r \u0259rzind\u0259 &#8212; 30 il\u0259 yax\u0131n<\/p>\n","protected":false},"author":2,"featured_media":21513,"comment_status":"closed","ping_status":"closed","sticky":false,"template":"","format":"standard","meta":{"footnotes":""},"categories":[1],"tags":[],"class_list":["post-21512","post","type-post","status-publish","format-standard","has-post-thumbnail","hentry","category-siyast"],"aioseo_notices":[],"_links":{"self":[{"href":"https:\/\/fedai.az\/index.php?rest_route=\/wp\/v2\/posts\/21512","targetHints":{"allow":["GET"]}}],"collection":[{"href":"https:\/\/fedai.az\/index.php?rest_route=\/wp\/v2\/posts"}],"about":[{"href":"https:\/\/fedai.az\/index.php?rest_route=\/wp\/v2\/types\/post"}],"author":[{"embeddable":true,"href":"https:\/\/fedai.az\/index.php?rest_route=\/wp\/v2\/users\/2"}],"replies":[{"embeddable":true,"href":"https:\/\/fedai.az\/index.php?rest_route=%2Fwp%2Fv2%2Fcomments&post=21512"}],"version-history":[{"count":1,"href":"https:\/\/fedai.az\/index.php?rest_route=\/wp\/v2\/posts\/21512\/revisions"}],"predecessor-version":[{"id":21514,"href":"https:\/\/fedai.az\/index.php?rest_route=\/wp\/v2\/posts\/21512\/revisions\/21514"}],"wp:featuredmedia":[{"embeddable":true,"href":"https:\/\/fedai.az\/index.php?rest_route=\/wp\/v2\/media\/21513"}],"wp:attachment":[{"href":"https:\/\/fedai.az\/index.php?rest_route=%2Fwp%2Fv2%2Fmedia&parent=21512"}],"wp:term":[{"taxonomy":"category","embeddable":true,"href":"https:\/\/fedai.az\/index.php?rest_route=%2Fwp%2Fv2%2Fcategories&post=21512"},{"taxonomy":"post_tag","embeddable":true,"href":"https:\/\/fedai.az\/index.php?rest_route=%2Fwp%2Fv2%2Ftags&post=21512"}],"curies":[{"name":"wp","href":"https:\/\/api.w.org\/{rel}","templated":true}]}}