{"id":21515,"date":"2020-11-25T00:51:56","date_gmt":"2020-11-24T20:51:56","guid":{"rendered":"https:\/\/fedai.az\/?p=21515"},"modified":"2020-11-25T00:52:03","modified_gmt":"2020-11-24T20:52:03","slug":"k%c9%99lb%c9%99c%c9%99rin-girisind%c9%99-olan-artsax-sozu-goturuldu","status":"publish","type":"post","link":"https:\/\/fedai.az\/?p=21515","title":{"rendered":"K\u0259lb\u0259c\u0259rin giri\u015find\u0259 olan &#171;Artsax&#187; s\u00f6z\u00fc g\u00f6t\u00fcr\u00fcld\u00fc"},"content":{"rendered":"\n<p>Az\u0259rbaycan\u0131n tarixi \u0259razisi olan K\u0259lb\u0259c\u0259rin i\u015f\u011faldan azad edilm\u0259si prosesi ba\u015fa \u00e7atmaq \u00fczr\u0259dir.<\/p>\n\n\n\n<p>Noyabr\u0131n 25-d\u0259 t\u0259hvil verilm\u0259si n\u0259z\u0259rd\u0259 tutulan \u015f\u0259h\u0259rin i\u015f\u011faldan azad edilm\u0259si \u00fc\u00e7\u00fcn \u0259lav\u0259 veril\u0259n vaxt sabah ba\u015fa \u00e7at\u0131r.<\/p>\n\n\n\n<p>Xat\u0131rladaq ki, Erm\u0259nistan\u0131 t\u0259r\u0259finin xahi\u015fi il\u0259 K\u0259lb\u0259c\u0259rin bo\u015fald\u0131lmas\u0131 il\u0259 ba\u011fl\u0131 \u0259lav\u0259 10 g\u00fcn vaxt verilmi\u015fdi.<\/p>\n\n\n\n<p>Art\u0131q K\u0259lb\u0259c\u0259rin giri\u015find\u0259 olan &#171;Artsaxa xo\u015f g\u0259lmisiniz&#187; yaz\u0131s\u0131 g\u00f6t\u00fcr\u00fcl\u00fcb v\u0259 Vardenis-K\u0259lb\u0259c\u0259r yolu ba\u011flan\u0131b.<\/p>\n\n\n\n<figure class=\"wp-block-image size-large\"><img loading=\"lazy\" decoding=\"async\" width=\"800\" height=\"550\" src=\"https:\/\/fedai.az\/wp-content\/uploads\/2020\/11\/1606217090_emykfp0wmaafp0e.jpg\" alt=\"\" class=\"wp-image-21516\" srcset=\"https:\/\/fedai.az\/wp-content\/uploads\/2020\/11\/1606217090_emykfp0wmaafp0e.jpg 800w, https:\/\/fedai.az\/wp-content\/uploads\/2020\/11\/1606217090_emykfp0wmaafp0e-300x206.jpg 300w, https:\/\/fedai.az\/wp-content\/uploads\/2020\/11\/1606217090_emykfp0wmaafp0e-150x103.jpg 150w, https:\/\/fedai.az\/wp-content\/uploads\/2020\/11\/1606217090_emykfp0wmaafp0e-768x528.jpg 768w\" sizes=\"auto, (max-width: 800px) 100vw, 800px\" \/><\/figure>\n","protected":false},"excerpt":{"rendered":"<p>Az\u0259rbaycan\u0131n tarixi \u0259razisi olan K\u0259lb\u0259c\u0259rin i\u015f\u011faldan azad edilm\u0259si prosesi ba\u015fa \u00e7atmaq \u00fczr\u0259dir. Noyabr\u0131n 25-d\u0259 t\u0259hvil verilm\u0259si n\u0259z\u0259rd\u0259 tutulan \u015f\u0259h\u0259rin i\u015f\u011faldan azad edilm\u0259si \u00fc\u00e7\u00fcn \u0259lav\u0259<\/p>\n","protected":false},"author":2,"featured_media":21517,"comment_status":"closed","ping_status":"closed","sticky":false,"template":"","format":"standard","meta":{"footnotes":""},"categories":[1],"tags":[],"class_list":["post-21515","post","type-post","status-publish","format-standard","has-post-thumbnail","hentry","category-siyast"],"aioseo_notices":[],"_links":{"self":[{"href":"https:\/\/fedai.az\/index.php?rest_route=\/wp\/v2\/posts\/21515","targetHints":{"allow":["GET"]}}],"collection":[{"href":"https:\/\/fedai.az\/index.php?rest_route=\/wp\/v2\/posts"}],"about":[{"href":"https:\/\/fedai.az\/index.php?rest_route=\/wp\/v2\/types\/post"}],"author":[{"embeddable":true,"href":"https:\/\/fedai.az\/index.php?rest_route=\/wp\/v2\/users\/2"}],"replies":[{"embeddable":true,"href":"https:\/\/fedai.az\/index.php?rest_route=%2Fwp%2Fv2%2Fcomments&post=21515"}],"version-history":[{"count":1,"href":"https:\/\/fedai.az\/index.php?rest_route=\/wp\/v2\/posts\/21515\/revisions"}],"predecessor-version":[{"id":21518,"href":"https:\/\/fedai.az\/index.php?rest_route=\/wp\/v2\/posts\/21515\/revisions\/21518"}],"wp:featuredmedia":[{"embeddable":true,"href":"https:\/\/fedai.az\/index.php?rest_route=\/wp\/v2\/media\/21517"}],"wp:attachment":[{"href":"https:\/\/fedai.az\/index.php?rest_route=%2Fwp%2Fv2%2Fmedia&parent=21515"}],"wp:term":[{"taxonomy":"category","embeddable":true,"href":"https:\/\/fedai.az\/index.php?rest_route=%2Fwp%2Fv2%2Fcategories&post=21515"},{"taxonomy":"post_tag","embeddable":true,"href":"https:\/\/fedai.az\/index.php?rest_route=%2Fwp%2Fv2%2Ftags&post=21515"}],"curies":[{"name":"wp","href":"https:\/\/api.w.org\/{rel}","templated":true}]}}