{"id":21519,"date":"2020-11-25T00:54:02","date_gmt":"2020-11-24T20:54:02","guid":{"rendered":"https:\/\/fedai.az\/?p=21519"},"modified":"2020-11-25T00:54:04","modified_gmt":"2020-11-24T20:54:04","slug":"turkiy%c9%99-avropa-ittifaqina-nota-verib","status":"publish","type":"post","link":"https:\/\/fedai.az\/?p=21519","title":{"rendered":"T\u00fcrkiy\u0259  Avropa \u0130ttifaq\u0131na nota verib"},"content":{"rendered":"\n<p><strong>T\u00fcrkiy\u0259 Xarici \u0130\u015fl\u0259r Nazirliyi Almaniya, \u0130taliya v\u0259 Avropa \u0130ttifaq\u0131na nota verib.<\/strong><\/p>\n\n\n\n<p><strong>Oxu24.com<\/strong>&nbsp;-un&nbsp; x\u0259b\u0259rin\u0259 g\u00f6r\u0259, bu bar\u0259d\u0259 T\u00fcrkiy\u0259 Xarici \u0130\u015fl\u0259r Nazirliyind\u0259n (X\u0130N) m\u0259lumat verilib.<\/p>\n\n\n\n<p>Qeyd olunub ki, Avropa \u0130ttifaq\u0131n\u0131n, \u0130taliyan\u0131n Ankaradak\u0131 s\u0259firi v\u0259 Almaniyan\u0131n Ankaradak\u0131 m\u00fcv\u0259qq\u0259ti i\u015fl\u0259r v\u0259kili (Almaniyan\u0131n T\u00fcrkiy\u0259d\u0259ki s\u0259firi Ankaradan k\u0259narda oldu\u011fu \u00fc\u00e7\u00fcn) T\u00fcrkiy\u0259nin Xarici \u0130\u015fl\u0259r nazirinin m\u00fcavini Sedat \u00d6nal t\u0259r\u0259find\u0259n X\u0130N-\u0259 \u00e7a\u011f\u0131r\u0131l\u0131b.<\/p>\n\n\n\n<p>\u201cT\u00fcrkiy\u0259nin a\u00e7\u0131q icaz\u0259si olmadan biz\u0259 m\u0259xsus \u201cRoseline A\u201d ticar\u0259t g\u0259misin\u0259 \u201c\u0130rini \u0259m\u0259liyyat\u0131\u201d \u00e7\u0259r\u00e7iv\u0259sind\u0259 minib axtar\u0131\u015f apar\u0131lmas\u0131 hadis\u0259sin\u0259 etiraz edildi.<\/p>\n\n\n\n<p>Bununla ba\u011fl\u0131 \u0259laq\u0259dar \u00f6lk\u0259l\u0259r\u0259 nota verildi. Notada hadis\u0259nin beyn\u0259lxalq h\u00fcquqa zidd oldu\u011fu v\u0259 t\u0259zminat h\u00fcquqlar\u0131m\u0131z\u0131n da qorundu\u011fu qeyd edildi\u201d, dey\u0259 T\u00fcrkiy\u0259 X\u0130N-d\u0259n veril\u0259n a\u00e7\u0131qlamada bildirilib.&nbsp;<\/p>\n\n\n\n<p>Qeyd ed\u0259k ki, d\u00fcn\u0259n Aral\u0131q d\u0259nizi vasit\u0259sil\u0259 Liviyaya \u0259rzaq, boya v\u0259 bu kimi m\u0259hsullar aparan T\u00fcrkiy\u0259y\u0259 m\u0259xsus ticar\u0259t g\u0259misind\u0259 kapitan\u0131 yunan olan Almaniyaya m\u0259xsus \u201cHamburq\u201d g\u0259misinin h\u0259rbi hey\u0259ti beyn\u0259lxalq d\u0259niz qanunlar\u0131na zidd olaraq axtar\u0131\u015f apar\u0131b.<\/p>\n","protected":false},"excerpt":{"rendered":"<p>T\u00fcrkiy\u0259 Xarici \u0130\u015fl\u0259r Nazirliyi Almaniya, \u0130taliya v\u0259 Avropa \u0130ttifaq\u0131na nota verib. Oxu24.com&nbsp;-un&nbsp; x\u0259b\u0259rin\u0259 g\u00f6r\u0259, bu bar\u0259d\u0259 T\u00fcrkiy\u0259 Xarici \u0130\u015fl\u0259r Nazirliyind\u0259n (X\u0130N) m\u0259lumat verilib. Qeyd<\/p>\n","protected":false},"author":2,"featured_media":21520,"comment_status":"closed","ping_status":"closed","sticky":false,"template":"","format":"standard","meta":{"footnotes":""},"categories":[13],"tags":[],"class_list":["post-21519","post","type-post","status-publish","format-standard","has-post-thumbnail","hentry","category-xarici"],"aioseo_notices":[],"_links":{"self":[{"href":"https:\/\/fedai.az\/index.php?rest_route=\/wp\/v2\/posts\/21519","targetHints":{"allow":["GET"]}}],"collection":[{"href":"https:\/\/fedai.az\/index.php?rest_route=\/wp\/v2\/posts"}],"about":[{"href":"https:\/\/fedai.az\/index.php?rest_route=\/wp\/v2\/types\/post"}],"author":[{"embeddable":true,"href":"https:\/\/fedai.az\/index.php?rest_route=\/wp\/v2\/users\/2"}],"replies":[{"embeddable":true,"href":"https:\/\/fedai.az\/index.php?rest_route=%2Fwp%2Fv2%2Fcomments&post=21519"}],"version-history":[{"count":1,"href":"https:\/\/fedai.az\/index.php?rest_route=\/wp\/v2\/posts\/21519\/revisions"}],"predecessor-version":[{"id":21521,"href":"https:\/\/fedai.az\/index.php?rest_route=\/wp\/v2\/posts\/21519\/revisions\/21521"}],"wp:featuredmedia":[{"embeddable":true,"href":"https:\/\/fedai.az\/index.php?rest_route=\/wp\/v2\/media\/21520"}],"wp:attachment":[{"href":"https:\/\/fedai.az\/index.php?rest_route=%2Fwp%2Fv2%2Fmedia&parent=21519"}],"wp:term":[{"taxonomy":"category","embeddable":true,"href":"https:\/\/fedai.az\/index.php?rest_route=%2Fwp%2Fv2%2Fcategories&post=21519"},{"taxonomy":"post_tag","embeddable":true,"href":"https:\/\/fedai.az\/index.php?rest_route=%2Fwp%2Fv2%2Ftags&post=21519"}],"curies":[{"name":"wp","href":"https:\/\/api.w.org\/{rel}","templated":true}]}}