{"id":21522,"date":"2020-11-25T01:01:02","date_gmt":"2020-11-24T21:01:02","guid":{"rendered":"https:\/\/fedai.az\/?p=21522"},"modified":"2020-11-25T01:01:08","modified_gmt":"2020-11-24T21:01:08","slug":"putind%c9%99n-qarabag-aciqlamasi","status":"publish","type":"post","link":"https:\/\/fedai.az\/?p=21522","title":{"rendered":"Putind\u0259n Qaraba\u011f a\u00e7\u0131qlamas\u0131"},"content":{"rendered":"\n<p><strong>Qaraba\u011fdak\u0131 v\u0259ziyy\u0259t sabitl\u0259\u015fir.<\/strong><\/p>\n\n\n\n<p>Bunu Rusiya Prezidenti Vladimir Putin xarici d\u00f6vl\u0259tl\u0259rin s\u0259firl\u0259rinin etimadnam\u0259l\u0259rini t\u0259qdimetm\u0259 m\u0259rasimind\u0259 deyib.<\/p>\n\n\n\n<p>&#171;Da\u011fl\u0131q Qaraba\u011fdak\u0131 dost Az\u0259rbaycan\u0131m\u0131z\u0131n v\u0259 Erm\u0259nistan\u0131n v\u0259t\u0259nda\u015flar\u0131n\u0131n \u00f6l\u00fcm\u00fc il\u0259 n\u0259tic\u0259l\u0259n\u0259n h\u0259rbi \u0259m\u0259liyyatlar\u0131n dayand\u0131r\u0131lmas\u0131 \u00fc\u00e7\u00fcn g\u00fccl\u00fc s\u0259yl\u0259r g\u00f6st\u0259rdik. Eyni zamanda, AT\u018fT-in Minsk Qrupunda, x\u00fcsus\u0259n h\u0259ms\u0259drl\u0259r &#8212; Rusiya, AB\u015e v\u0259 Fransa aras\u0131nda \u0259ld\u0259 olunan \u0259sas raz\u0131la\u015fmalar\u0131 izl\u0259dik. \u018fld\u0259 edil\u0259n \u0259sas \u015fey qan t\u00f6k\u00fclm\u0259sini dayand\u0131rmaq, Rusiya, Az\u0259rbaycan prezidentl\u0259rinin v\u0259 Erm\u0259nistan ba\u015f nazirinin \u00fc\u00e7t\u0259r\u0259fli b\u0259yanat\u0131ndak\u0131 bar\u0131\u015f\u0131\u011fa nail olmaqd\u0131r&#187;.<\/p>\n\n\n\n<p>Onun s\u00f6zl\u0259rin\u0259 g\u00f6r\u0259, Rusiya beyn\u0259lxalq t\u0259\u015fkilatlar\u0131n Qaraba\u011fda m\u0259skunla\u015fma prosesind\u0259ki i\u015ftirak\u0131na \u00fcmid b\u0259sl\u0259yir.<\/p>\n","protected":false},"excerpt":{"rendered":"<p>Qaraba\u011fdak\u0131 v\u0259ziyy\u0259t sabitl\u0259\u015fir. Bunu Rusiya Prezidenti Vladimir Putin xarici d\u00f6vl\u0259tl\u0259rin s\u0259firl\u0259rinin etimadnam\u0259l\u0259rini t\u0259qdimetm\u0259 m\u0259rasimind\u0259 deyib. &#171;Da\u011fl\u0131q Qaraba\u011fdak\u0131 dost Az\u0259rbaycan\u0131m\u0131z\u0131n v\u0259 Erm\u0259nistan\u0131n v\u0259t\u0259nda\u015flar\u0131n\u0131n \u00f6l\u00fcm\u00fc il\u0259<\/p>\n","protected":false},"author":2,"featured_media":21523,"comment_status":"closed","ping_status":"closed","sticky":false,"template":"","format":"standard","meta":{"footnotes":""},"categories":[1],"tags":[],"class_list":["post-21522","post","type-post","status-publish","format-standard","has-post-thumbnail","hentry","category-siyast"],"aioseo_notices":[],"_links":{"self":[{"href":"https:\/\/fedai.az\/index.php?rest_route=\/wp\/v2\/posts\/21522","targetHints":{"allow":["GET"]}}],"collection":[{"href":"https:\/\/fedai.az\/index.php?rest_route=\/wp\/v2\/posts"}],"about":[{"href":"https:\/\/fedai.az\/index.php?rest_route=\/wp\/v2\/types\/post"}],"author":[{"embeddable":true,"href":"https:\/\/fedai.az\/index.php?rest_route=\/wp\/v2\/users\/2"}],"replies":[{"embeddable":true,"href":"https:\/\/fedai.az\/index.php?rest_route=%2Fwp%2Fv2%2Fcomments&post=21522"}],"version-history":[{"count":1,"href":"https:\/\/fedai.az\/index.php?rest_route=\/wp\/v2\/posts\/21522\/revisions"}],"predecessor-version":[{"id":21524,"href":"https:\/\/fedai.az\/index.php?rest_route=\/wp\/v2\/posts\/21522\/revisions\/21524"}],"wp:featuredmedia":[{"embeddable":true,"href":"https:\/\/fedai.az\/index.php?rest_route=\/wp\/v2\/media\/21523"}],"wp:attachment":[{"href":"https:\/\/fedai.az\/index.php?rest_route=%2Fwp%2Fv2%2Fmedia&parent=21522"}],"wp:term":[{"taxonomy":"category","embeddable":true,"href":"https:\/\/fedai.az\/index.php?rest_route=%2Fwp%2Fv2%2Fcategories&post=21522"},{"taxonomy":"post_tag","embeddable":true,"href":"https:\/\/fedai.az\/index.php?rest_route=%2Fwp%2Fv2%2Ftags&post=21522"}],"curies":[{"name":"wp","href":"https:\/\/api.w.org\/{rel}","templated":true}]}}