{"id":21525,"date":"2020-11-25T01:06:26","date_gmt":"2020-11-24T21:06:26","guid":{"rendered":"https:\/\/fedai.az\/?p=21525"},"modified":"2020-11-25T01:06:29","modified_gmt":"2020-11-24T21:06:29","slug":"qarabag-%c9%99razisind%c9%99ki-67-m%c9%99scidd%c9%99n-63-u-yerl%c9%99-yeksan-edilib-birg%c9%99-b%c9%99yanat","status":"publish","type":"post","link":"https:\/\/fedai.az\/?p=21525","title":{"rendered":"Qaraba\u011f \u0259razisind\u0259ki 67 m\u0259scidd\u0259n 63-\u00fc yerl\u0259-yeksan edilib &#8212; Birg\u0259 b\u0259yanat"},"content":{"rendered":"\n<p><strong>Az\u0259rbaycandak\u0131 dini konfessiyalar\u0131n r\u0259hb\u0259rl\u0259ri Qaraba\u011fda erm\u0259ni vandallar t\u0259r\u0259find\u0259n da\u011f\u0131d\u0131lan v\u0259 z\u0259r\u0259r vurulan dini abid\u0259l\u0259rimizl\u0259 ba\u011fl\u0131 birg\u0259 b\u0259yanat veribl\u0259r.<\/strong><\/p>\n\n\n\n<p><br>Qafqaz M\u00fcs\u0259lmanlar\u0131 \u0130dar\u0259sinin m\u0259tbuat xidm\u0259tind\u0259n Sfera.az-a daxil olan b\u0259yanat\u0131n m\u0259tnini t\u0259qdim edirik:<\/p>\n\n\n\n<p><br>&#171;Biz, Az\u0259rbaycandak\u0131 m\u00fcs\u0259lman, pravoslav, Alban-udi v\u0259 y\u0259hudi dini konfessiyalar\u0131n\u0131n r\u0259hb\u0259rl\u0259ri dindarlar\u0131n arzu v\u0259 irad\u0259sini ifad\u0259 ed\u0259r\u0259k xarici \u00f6lk\u0259l\u0259rin d\u00f6vl\u0259t v\u0259 h\u00f6kum\u0259t ba\u015f\u00e7\u0131lar\u0131na, beyn\u0259lxalq t\u0259\u015fkilatlar\u0131n r\u0259hb\u0259rl\u0259rin\u0259, dini liderl\u0259r\u0259 v\u0259 d\u00fcnya ictimaiyy\u0259tin\u0259 m\u00fcraci\u0259t edirik.<\/p>\n\n\n\n<p><br>Bu g\u00fcnl\u0259rd\u0259 \u00f6z \u0259razi b\u00fct\u00f6vl\u00fcy\u00fcn\u00fc b\u0259rpa etm\u0259k u\u011frunda 30 illik m\u00fccadil\u0259d\u0259n sonra Az\u0259rbaycan\u0131n \u00fc\u00e7r\u0259ngli d\u00f6vl\u0259t bayra\u011f\u0131n\u0131n Qaraba\u011f torpaqlar\u0131 \u00fcz\u0259rind\u0259 yenid\u0259n dal\u011falanmas\u0131 \u00e7oxmill\u0259tli v\u0259 \u00e7oxkonfessiyal\u0131 \u00f6lk\u0259mizd\u0259 tarixi \u0259dal\u0259t v\u0259 istiqrar\u0131n q\u0259l\u0259b\u0259si anlam\u0131n\u0131 verir. Az\u0259rbaycan d\u00f6vl\u0259ti v\u0259 onun Prezidenti Zati-alil\u0259ri c\u0259nab \u0130lham \u018fliyev s\u00fclhsev\u0259r siyas\u0259t yerid\u0259r\u0259k, uzun ill\u0259r \u0259rzind\u0259 Erm\u0259nistan-Az\u0259rbaycan Da\u011fl\u0131q Qaraba\u011f m\u00fcnaqi\u015f\u0259sinin beyn\u0259lxalq h\u00fcquq v\u0259 beyn\u0259lxalq t\u0259\u015fkilatlar\u0131n q\u0259rar v\u0259 q\u0259tnam\u0259l\u0259ri \u0259sas\u0131nda s\u00fclh yolu il\u0259 h\u0259llind\u0259 ard\u0131c\u0131ll\u0131q n\u00fcmayi\u015f etdirirdi. Bu ill\u0259r \u0259rzind\u0259 siyasi dan\u0131\u015f\u0131qlar n\u0259tic\u0259 verm\u0259di, Erm\u0259nistan silahl\u0131 q\u00fcvv\u0259l\u0259rinin Az\u0259rbaycan \u0259razil\u0259rind\u0259n qeyd-\u015f\u0259rtsiz \u00e7\u0131xar\u0131lmas\u0131n\u0131 t\u0259l\u0259b ed\u0259n BMT q\u0259tnam\u0259l\u0259ri yerin\u0259 yetirilm\u0259di. Erm\u0259nistan t\u0259r\u0259finin n\u00f6vb\u0259ti h\u0259rbi t\u0259xribatlar\u0131n\u0131n qar\u015f\u0131s\u0131n\u0131 almaq m\u0259cburiyy\u0259tind\u0259 qalan Az\u0259rbaycan xalq\u0131 \u00f6z \u0259razi b\u00fct\u00f6vl\u00fcy\u00fcn\u00fc b\u0259rpa etm\u0259k u\u011frunda V\u0259t\u0259n m\u00fcharib\u0259sin\u0259 qalxd\u0131 v\u0259 bu sava\u015f beyn\u0259lxalq h\u00fcququn v\u0259 \u0259dal\u0259tin t\u0259nt\u0259n\u0259si il\u0259 n\u0259tic\u0259l\u0259ndi. \u00d6lk\u0259mizin \u0259razi b\u00fct\u00f6vl\u00fcy\u00fc u\u011frunda \u015f\u0259hid olanlar aras\u0131nda m\u00fcs\u0259lmanlarla yana\u015f\u0131 xristian v\u0259 y\u0259hudil\u0259r d\u0259 vard\u0131r.<\/p>\n\n\n\n<p><br>Lakin d\u00fcnya ictimaiyy\u0259ti bilm\u0259lidir ki, Erm\u0259nistan Az\u0259rbaycana qar\u015f\u0131 t\u0259kc\u0259 etnik t\u0259mizl\u0259m\u0259, soyq\u0131r\u0131m\u0131 v\u0259 i\u015f\u011fal deyil, uzun ill\u0259r \u0259rzind\u0259 \u00f6lk\u0259mizin \u00f6z m\u00fcxt\u0259lifliyi il\u0259 f\u0259rql\u0259n\u0259n m\u0259d\u0259ni v\u0259 m\u0259n\u0259vi irsin\u0259 qar\u015f\u0131 t\u0259cav\u00fcz siyas\u0259ti yeridib. Erm\u0259nistan\u0131n monoetnikliy\u0259 s\u00f6yk\u0259n\u0259n d\u00f6vl\u0259t siyas\u0259ti onun i\u015f\u011fal etdiyi \u0259razil\u0259rd\u0259 d\u0259 yaln\u0131z erm\u0259ni izi yaratma\u011fa xidm\u0259t edib. Dig\u0259r xalqlara v\u0259 dinl\u0259r\u0259 qar\u015f\u0131 d\u00f6z\u00fcms\u00fczl\u00fckl\u0259 s\u0259ciyy\u0259l\u0259n\u0259n c\u0259miyy\u0259t yaratm\u0131\u015f Erm\u0259nistan \u00e7oxmill\u0259tli v\u0259 \u00e7oxkonfessiyal\u0131 Az\u0259rbaycan\u0131n i\u015f\u011fal alt\u0131nda olan \u0259razil\u0259rind\u0259 tarix\u0259n m\u00f6vcud olmu\u015f q\u0259dim alban, pravoslav, m\u00fcs\u0259lman dini v\u0259 m\u0259d\u0259ni irsini tamamil\u0259 silm\u0259y\u0259 \u00e7al\u0131\u015f\u0131b. M\u0259d\u0259ni-m\u0259n\u0259vi irs n\u00fcmun\u0259l\u0259rimizi ya tamamil\u0259 da\u011f\u0131d\u0131b, ya da tarixini v\u0259 m\u0259n\u015f\u0259yini saxtala\u015fd\u0131raraq \u00f6z\u00fcn\u00fcnkil\u0259\u015fdirib \u2013 erm\u0259nil\u0259\u015fdirib, qriqoryanla\u015fd\u0131r\u0131b.<\/p>\n\n\n\n<p><br>Erm\u0259nistandan f\u0259rqli olaraq Az\u0259rbaycanda, paytaxt Bak\u0131da v\u0259 m\u00fcxt\u0259lif b\u00f6lg\u0259l\u0259rd\u0259 minl\u0259rl\u0259 erm\u0259ni \u0259silli v\u0259t\u0259nda\u015f \u0259min-amanl\u0131q \u015f\u0259raitind\u0259 ya\u015fay\u0131r, Bak\u0131n\u0131n m\u0259rk\u0259zind\u0259 erm\u0259ni kils\u0259si v\u0259 onun kitabxanas\u0131 d\u00f6vl\u0259t t\u0259r\u0259find\u0259n abadla\u015fd\u0131r\u0131laraq qorunur. Az\u0259rbaycan\u0131n i\u015f\u011fal olunmu\u015f \u0259razil\u0259rind\u0259 is\u0259 m\u0259scid, m\u0259b\u0259d v\u0259 m\u0259zarl\u0131qlar, tarixi abid\u0259l\u0259r, muzeyl\u0259r, kitabxanalar da\u011f\u0131d\u0131l\u0131b v\u0259 talan edilib, Qafqaz Albaniyas\u0131na m\u0259xsus xristian m\u0259b\u0259dl\u0259ri v\u0259 rus pravoslav kils\u0259l\u0259ri qriqoriyanla\u015fd\u0131r\u0131l\u0131b, m\u0259scidl\u0259r t\u00f6vl\u0259y\u0259 \u00e7evril\u0259r\u0259k \u0130slam dinind\u0259 haram say\u0131lan heyvanlar\u0131n saxlan\u0131lmas\u0131 kimi misli g\u00f6r\u00fcnm\u0259mi\u015f h\u0259qar\u0259t \u0259m\u0259ll\u0259rin\u0259 m\u0259ruz qal\u0131b. Qaraba\u011f \u0259razisind\u0259 m\u00f6vcud olan 67 m\u0259scidd\u0259n 63-\u00fc yerl\u0259-yeksan edilib, qalan 3 m\u0259scid\u0259 is\u0259 ciddi z\u0259r\u0259r vurulub. Erm\u0259nistan \u00f6z \u0259razisind\u0259 yerl\u0259\u015f\u0259n tarixi Az\u0259rbaycan dini abid\u0259l\u0259rini \u2013 \u0130r\u0259van &#171;\u015eah Abbas\u201d, &#171;S\u0259rdar\u201d, &#171;Hac\u0131 Novruz \u018fli\u201d v\u0259 dig\u0259r m\u0259scidl\u0259ri tamamil\u0259 u\u00e7urub, G\u00f6y m\u0259scidin arxitektura x\u00fcsusiyy\u0259tl\u0259rini d\u0259yi\u015f\u0259r\u0259k \u00f6zg\u0259ninkil\u0259\u015fdirib. Yaln\u0131z m\u00fcs\u0259lman m\u0259scidl\u0259rini m\u0259hv etm\u0259kl\u0259 kifay\u0259tl\u0259nm\u0259y\u0259n Erm\u0259nistan \u015eu\u015fadak\u0131 \u0130oann Predte\u00e7a pravoslav kils\u0259sini, dig\u0259r b\u00f6lg\u0259l\u0259rd\u0259ki Alban-udi m\u0259b\u0259dl\u0259rini q\u0259sb ed\u0259r\u0259k qriqoryanla\u015fd\u0131r\u0131b, Xocav\u0259nd pravoslav kils\u0259sini tamamil\u0259 da\u011f\u0131d\u0131b. T\u0259cav\u00fczkar d\u00f6vl\u0259tin bu c\u00fcr vandal \u0259m\u0259ll\u0259r\u0259 \u0259l atmaqda \u0259sas m\u0259qs\u0259di &#171;b\u00f6y\u00fck Erm\u0259nistan\u201d yaratmaq x\u00fclyas\u0131 il\u0259 bizim minillikl\u0259r \u0259rzind\u0259 ya\u015fad\u0131\u011f\u0131m\u0131z torpaqlarda h\u0259m tarixi ke\u00e7mi\u015fimizi, h\u0259m d\u0259 m\u0259n\u0259vi yadda\u015f\u0131m\u0131z\u0131 m\u0259hv etm\u0259k olub.<br>\u0130ll\u0259rl\u0259 \u00f6z t\u0259cav\u00fczkar siyas\u0259tini davam etdir\u0259n Erm\u0259nistan rejimi beyn\u0259lxalq h\u00fcquq v\u0259 beyn\u0259lxalq humanitar h\u00fcquq normalar\u0131na he\u00e7 bir m\u0259h\u0259l qoymay\u0131b, i\u015f\u011fal etdiyi torpaqlarda yan\u011f\u0131nlar, fosforlu bombalar, z\u0259h\u0259rli madd\u0259l\u0259r v\u0259 minalar vasit\u0259sil\u0259 ekoloji cinay\u0259tl\u0259r t\u00f6r\u0259dib. Bu g\u00fcn onlar\u0131n Az\u0259rbaycan \u0259razil\u0259rind\u0259n \u00e7\u0131xark\u0259n t\u00f6r\u0259tdikl\u0259ri v\u0259h\u015filikl\u0259r, maddi-m\u0259n\u0259vi s\u0259rv\u0259tl\u0259rin talan edilm\u0259si, s\u0259n\u0259t \u0259s\u0259rl\u0259rinin o\u011furlanmas\u0131, me\u015f\u0259l\u0259r\u0259 v\u0259 m\u00fclki obyektl\u0259r\u0259 od vurulmas\u0131 kimi real faktlar d\u00fcnya medias\u0131 t\u0259r\u0259find\u0259n geni\u015f i\u015f\u0131qland\u0131r\u0131l\u0131r.<\/p>\n\n\n\n<p><br>Erm\u0259nistan\u0131n \u00e7oxmill\u0259tli v\u0259 \u00e7oxkonfessiyal\u0131 Az\u0259rbaycan xalq\u0131n\u0131n dini v\u0259 m\u0259d\u0259ni irsinin m\u0259hv edilm\u0259si v\u0259 saxtala\u015fd\u0131r\u0131lmas\u0131na y\u00f6n\u0259lmi\u015f \u0259m\u0259ll\u0259ri beyn\u0259lxalq humanitar h\u00fcquq, o c\u00fcml\u0259d\u0259n Cenevr\u0259 Konvensiyalar\u0131n\u0131n a\u00e7\u0131q-a\u015fkar pozulmas\u0131 il\u0259 yana\u015f\u0131, b\u00fct\u00fcn b\u0259\u015f\u0259r m\u0259d\u0259niyy\u0259tin\u0259 v\u0259 \u00fcmumd\u00fcnya \u0259h\u0259miyy\u0259tli irsin\u0259 qar\u015f\u0131 t\u0259cav\u00fczd\u00fcr.<\/p>\n\n\n\n<p><br>Multikultural \u0259n\u0259n\u0259l\u0259r\u0259 sadiq olan Az\u0259rbaycan H\u00f6kum\u0259ti m\u0259d\u0259ni-m\u0259n\u0259vi d\u0259y\u0259rl\u0259rin qorunmas\u0131 siyas\u0259tini prioritet istiqam\u0259t kimi d\u0259y\u0259rl\u0259ndirir v\u0259 n\u0259inki \u00f6lk\u0259 daxilind\u0259, h\u0259tta d\u00fcnyan\u0131n m\u00fcxt\u0259lif b\u00f6lg\u0259l\u0259rind\u0259, o c\u00fcml\u0259d\u0259n Vatikanda, Fransada, Bolqar\u0131standa, Serbiyada tarixi abid\u0259l\u0259rin, m\u0259scid v\u0259 kils\u0259l\u0259rin b\u0259rpas\u0131na \u0259v\u0259zsiz t\u00f6hf\u0259l\u0259r verir. D\u00fcnyan\u0131n multikulturalizm m\u0259rk\u0259zl\u0259rind\u0259n biri kimi tan\u0131nan Az\u0259rbaycan sivilizasiyalararas\u0131 v\u0259 dinl\u0259raras\u0131 dialoqu t\u0259\u015fviq ed\u0259n bir s\u0131ra n\u00fcfuzlu beyn\u0259lxalq t\u0259dbirl\u0259r\u0259, o c\u00fcml\u0259d\u0259n 2019-cu ilin noyabr ay\u0131nda D\u00fcnya dini liderl\u0259rinin II Bak\u0131 sammitin\u0259 ev sahibliyi edib. 2016-c\u0131 ilin oktyabr ay\u0131nda Az\u0259rbaycana s\u0259f\u0259r ed\u0259n Roma Papas\u0131 Fransisk \u00f6lk\u0259mizd\u0259 m\u00fcxt\u0259lif m\u0259d\u0259niyy\u0259tl\u0259r v\u0259 dini konfessiyalar aras\u0131nda \u0259m\u0259kda\u015fl\u0131q v\u0259 dialoqu y\u00fcks\u0259k qiym\u0259tl\u0259ndirib.<\/p>\n\n\n\n<p>Haz\u0131rda Erm\u0259nistan Az\u0259rbaycana qar\u015f\u0131 dini m\u00f6vzuda yalan t\u0259bli\u011fat apar\u0131r, i\u015f\u011faldan azad olunmu\u015f \u0259razil\u0259rimizd\u0259 dini-m\u0259d\u0259ni abid\u0259l\u0259rin guya Az\u0259rbaycan t\u0259r\u0259find\u0259n da\u011f\u0131d\u0131lmas\u0131na y\u00f6n\u0259l\u0259n add\u0131mlar\u0131n at\u0131ld\u0131\u011f\u0131n\u0131 iddia edir, \u00f6z t\u0259xribat\u0131n\u0131 \u00f6lk\u0259mizin ad\u0131na yazma\u011fa c\u0259hd g\u00f6st\u0259rir. Bu q\u0259d\u0259r real faktlar\u0131n m\u00fcqabilind\u0259 t\u0259cav\u00fczkar Erm\u0259nistan\u0131n davaml\u0131 riyakar \u00e7\u0131x\u0131\u015flar\u0131, feyk x\u0259b\u0259rl\u0259ri, \u00f6z\u00fcn\u00fc m\u0259zlum g\u00f6st\u0259r\u0259n yalan informasiyalar\u0131 Az\u0259rbaycan v\u0259t\u0259nda\u015flar\u0131n\u0131n, tolerant, multikultural \u00f6lk\u0259d\u0259 ya\u015fayan b\u00fct\u00fcn dini konfessiya n\u00fcmay\u0259nd\u0259l\u0259rinin haql\u0131 q\u0259z\u0259bin\u0259 s\u0259b\u0259b olur.<\/p>\n\n\n\n<p><br>Az\u0259rbaycan\u0131n d\u00f6vl\u0259t ba\u015f\u00e7\u0131s\u0131 \u00f6z m\u00fcraci\u0259t v\u0259 m\u00fcsahib\u0259l\u0259rind\u0259 d\u0259f\u0259l\u0259rl\u0259 b\u0259yan edib ki, Az\u0259rbaycan\u0131n dig\u0259r \u0259razil\u0259rind\u0259 oldu\u011fu kimi i\u015f\u011faldan azad olunmu\u015f torpaqlarda da b\u00fct\u00fcn dini v\u0259 m\u0259d\u0259ni abid\u0259l\u0259r, ibad\u0259t evl\u0259ri b\u0259rpa edil\u0259c\u0259k, h\u0259r bir insan\u0131n inanc\u0131na h\u00f6rm\u0259tl\u0259 yana\u015f\u0131lacaq, s\u00fclh \u015f\u0259raitind\u0259 birg\u0259ya\u015fay\u0131\u015f t\u0259min olunacaqd\u0131r. Tarix boyu Az\u0259rbaycanda firavan ya\u015fayan v\u0259 \u00f6z dini ayinl\u0259rini s\u0259rb\u0259st \u015f\u0259kild\u0259 yerin\u0259 yetir\u0259n xristian pravoslav, katolik, Da\u011f y\u0259hudil\u0259ri, Alban-udi xristian, a\u015fkenazi-Avropa y\u0259hudil\u0259ri v\u0259 dig\u0259r dini icmalar\u0131n\u0131n r\u0259hb\u0259rl\u0259ri olaraq Az\u0259rbaycan\u0131n bu s\u00fclhp\u0259rv\u0259r siyas\u0259tini d\u0259st\u0259kl\u0259yir, tariximizin v\u0259 m\u0259d\u0259niyy\u0259timizin b\u0259rpas\u0131 sah\u0259sind\u0259 g\u00f6r\u00fcl\u0259c\u0259k m\u00f6ht\u0259\u015f\u0259m quruculuq i\u015fl\u0259rin\u0259 xeyir-dualar veririk.<\/p>\n\n\n\n<p><br>Biz, Az\u0259rbaycandak\u0131 dini konfessiya r\u0259hb\u0259rl\u0259ri xarici \u00f6lk\u0259l\u0259rin d\u00f6vl\u0259t v\u0259 h\u00f6kum\u0259t ba\u015f\u00e7\u0131lar\u0131na, beyn\u0259lxalq t\u0259\u015fkilatlar\u0131n r\u0259hb\u0259rl\u0259rin\u0259, dini liderl\u0259r\u0259 v\u0259 d\u00fcnya ictimaiyy\u0259tin\u0259 m\u00fcraci\u0259t ed\u0259r\u0259k, onlar\u0131 \u00f6lk\u0259mizd\u0259 v\u0259 ya\u015fad\u0131\u011f\u0131m\u0131z b\u00f6lg\u0259d\u0259 s\u00fclh, \u0259min-amanl\u0131q v\u0259 birg\u0259ya\u015fay\u0131\u015f\u0131n b\u0259rq\u0259rar olmas\u0131na d\u0259st\u0259k verm\u0259y\u0259 \u00e7a\u011f\u0131r\u0131r\u0131q!<\/p>\n\n\n\n<p><br><strong>\u015eeyx\u00fclislam Allah\u015f\u00fck\u00fcr PA\u015eAZAD\u018f<\/strong><br>Qafqaz M\u00fcs\u0259lmanlar\u0131 \u0130dar\u0259sinin s\u0259dri<br><strong>ALEKSANDR<\/strong><br>Bak\u0131 v\u0259 Az\u0259rbaycan Arxiyepiskopu<br><strong>Melih YEVDAYEV<\/strong><br>Az\u0259rbaycandak\u0131 Da\u011f y\u0259hudil\u0259ri icmas\u0131n\u0131n r\u0259hb\u0259ri<br><strong>Aleksandr \u015eAROVSK\u0130<\/strong><br>Bak\u0131dak\u0131 Avropa y\u0259hudil\u0259ri icmas\u0131n\u0131n r\u0259hb\u0259ri<br><strong>\u015eneor SEQAL<\/strong><br>Az\u0259rbaycan a\u015fkenazi y\u0259hudil\u0259rinin ba\u015f ravvini<br><strong>Robert MOB\u0130L\u0130<\/strong><br>Alban-udi icmas\u0131n\u0131n r\u0259hb\u0259ri<\/p>\n","protected":false},"excerpt":{"rendered":"<p>Az\u0259rbaycandak\u0131 dini konfessiyalar\u0131n r\u0259hb\u0259rl\u0259ri Qaraba\u011fda erm\u0259ni vandallar t\u0259r\u0259find\u0259n da\u011f\u0131d\u0131lan v\u0259 z\u0259r\u0259r vurulan dini abid\u0259l\u0259rimizl\u0259 ba\u011fl\u0131 birg\u0259 b\u0259yanat veribl\u0259r. Qafqaz M\u00fcs\u0259lmanlar\u0131 \u0130dar\u0259sinin m\u0259tbuat xidm\u0259tind\u0259n Sfera.az-a<\/p>\n","protected":false},"author":2,"featured_media":21526,"comment_status":"closed","ping_status":"closed","sticky":false,"template":"","format":"standard","meta":{"footnotes":""},"categories":[4],"tags":[],"class_list":["post-21525","post","type-post","status-publish","format-standard","has-post-thumbnail","hentry","category-qarabag"],"aioseo_notices":[],"_links":{"self":[{"href":"https:\/\/fedai.az\/index.php?rest_route=\/wp\/v2\/posts\/21525","targetHints":{"allow":["GET"]}}],"collection":[{"href":"https:\/\/fedai.az\/index.php?rest_route=\/wp\/v2\/posts"}],"about":[{"href":"https:\/\/fedai.az\/index.php?rest_route=\/wp\/v2\/types\/post"}],"author":[{"embeddable":true,"href":"https:\/\/fedai.az\/index.php?rest_route=\/wp\/v2\/users\/2"}],"replies":[{"embeddable":true,"href":"https:\/\/fedai.az\/index.php?rest_route=%2Fwp%2Fv2%2Fcomments&post=21525"}],"version-history":[{"count":1,"href":"https:\/\/fedai.az\/index.php?rest_route=\/wp\/v2\/posts\/21525\/revisions"}],"predecessor-version":[{"id":21527,"href":"https:\/\/fedai.az\/index.php?rest_route=\/wp\/v2\/posts\/21525\/revisions\/21527"}],"wp:featuredmedia":[{"embeddable":true,"href":"https:\/\/fedai.az\/index.php?rest_route=\/wp\/v2\/media\/21526"}],"wp:attachment":[{"href":"https:\/\/fedai.az\/index.php?rest_route=%2Fwp%2Fv2%2Fmedia&parent=21525"}],"wp:term":[{"taxonomy":"category","embeddable":true,"href":"https:\/\/fedai.az\/index.php?rest_route=%2Fwp%2Fv2%2Fcategories&post=21525"},{"taxonomy":"post_tag","embeddable":true,"href":"https:\/\/fedai.az\/index.php?rest_route=%2Fwp%2Fv2%2Ftags&post=21525"}],"curies":[{"name":"wp","href":"https:\/\/api.w.org\/{rel}","templated":true}]}}