{"id":21528,"date":"2020-11-25T01:09:34","date_gmt":"2020-11-24T21:09:34","guid":{"rendered":"https:\/\/fedai.az\/?p=21528"},"modified":"2020-11-25T01:09:35","modified_gmt":"2020-11-24T21:09:35","slug":"lavrovdan-qarabagdaki-durumla-bagli-aciqlama","status":"publish","type":"post","link":"https:\/\/fedai.az\/?p=21528","title":{"rendered":"Lavrovdan Qaraba\u011fdak\u0131 durumla ba\u011fl\u0131 A\u00c7IQLAMA"},"content":{"rendered":"\n<p><strong>\u201cRusiya Federasiyas\u0131, Az\u0259rbaycan v\u0259 Erm\u0259nistan liderl\u0259rinin i\u015ftirak\u0131 il\u0259 Da\u011fl\u0131q Qaraba\u011fla ba\u011fl\u0131 \u0259ld\u0259 edilmi\u015f \u00fc\u00e7t\u0259r\u0259fli raz\u0131la\u015fman\u0131n funksionall\u0131\u011f\u0131 h\u0259r g\u00fcn t\u0259sdiql\u0259nir, b\u00f6lg\u0259d\u0259ki at\u0259\u015fk\u0259s\u0259 tam \u0259m\u0259l olunur\u201d.<\/strong><\/p>\n\n\n\n<p>Bu s\u00f6zl\u0259ri Rusiyan\u0131n Xarici \u0130\u015fl\u0259r naziri Sergey Lavrov deyib.<\/p>\n\n\n\n<p>O, Az\u0259rbaycan, Rusiya v\u0259 Erm\u0259nistan t\u0259r\u0259find\u0259n imzalanan sazi\u015fin b\u00fct\u00fcn \u00f6hd\u0259likl\u0259rin\u0259 \u0259m\u0259l edildiyini vur\u011fulay\u0131b.<\/p>\n\n\n\n<p>\u201cRusiya s\u00fclhm\u0259raml\u0131lar\u0131 f\u0259al \u015f\u0259kild\u0259 v\u0259 \u0259n q\u0131sa m\u00fcdd\u0259td\u0259 m\u00fcvafiq \u0259m\u0259liyyatlar h\u0259yata ke\u00e7irdi, h\u0259m erm\u0259ni, h\u0259m d\u0259 Az\u0259rbaycan icmalar\u0131 il\u0259 s\u0131x \u0259m\u0259kda\u015fl\u0131q edir v\u0259 humanitar probleml\u0259rin h\u0259llin\u0259 k\u00f6m\u0259k g\u00f6st\u0259rirl\u0259r\u201d, \u2013 dey\u0259 Rusiya Federasiyas\u0131 X\u0130N r\u0259hb\u0259ri vur\u011fulay\u0131b.<\/p>\n","protected":false},"excerpt":{"rendered":"<p>\u201cRusiya Federasiyas\u0131, Az\u0259rbaycan v\u0259 Erm\u0259nistan liderl\u0259rinin i\u015ftirak\u0131 il\u0259 Da\u011fl\u0131q Qaraba\u011fla ba\u011fl\u0131 \u0259ld\u0259 edilmi\u015f \u00fc\u00e7t\u0259r\u0259fli raz\u0131la\u015fman\u0131n funksionall\u0131\u011f\u0131 h\u0259r g\u00fcn t\u0259sdiql\u0259nir, b\u00f6lg\u0259d\u0259ki at\u0259\u015fk\u0259s\u0259 tam \u0259m\u0259l olunur\u201d.<\/p>\n","protected":false},"author":2,"featured_media":21529,"comment_status":"closed","ping_status":"closed","sticky":false,"template":"","format":"standard","meta":{"footnotes":""},"categories":[1],"tags":[],"class_list":["post-21528","post","type-post","status-publish","format-standard","has-post-thumbnail","hentry","category-siyast"],"aioseo_notices":[],"_links":{"self":[{"href":"https:\/\/fedai.az\/index.php?rest_route=\/wp\/v2\/posts\/21528","targetHints":{"allow":["GET"]}}],"collection":[{"href":"https:\/\/fedai.az\/index.php?rest_route=\/wp\/v2\/posts"}],"about":[{"href":"https:\/\/fedai.az\/index.php?rest_route=\/wp\/v2\/types\/post"}],"author":[{"embeddable":true,"href":"https:\/\/fedai.az\/index.php?rest_route=\/wp\/v2\/users\/2"}],"replies":[{"embeddable":true,"href":"https:\/\/fedai.az\/index.php?rest_route=%2Fwp%2Fv2%2Fcomments&post=21528"}],"version-history":[{"count":1,"href":"https:\/\/fedai.az\/index.php?rest_route=\/wp\/v2\/posts\/21528\/revisions"}],"predecessor-version":[{"id":21530,"href":"https:\/\/fedai.az\/index.php?rest_route=\/wp\/v2\/posts\/21528\/revisions\/21530"}],"wp:featuredmedia":[{"embeddable":true,"href":"https:\/\/fedai.az\/index.php?rest_route=\/wp\/v2\/media\/21529"}],"wp:attachment":[{"href":"https:\/\/fedai.az\/index.php?rest_route=%2Fwp%2Fv2%2Fmedia&parent=21528"}],"wp:term":[{"taxonomy":"category","embeddable":true,"href":"https:\/\/fedai.az\/index.php?rest_route=%2Fwp%2Fv2%2Fcategories&post=21528"},{"taxonomy":"post_tag","embeddable":true,"href":"https:\/\/fedai.az\/index.php?rest_route=%2Fwp%2Fv2%2Ftags&post=21528"}],"curies":[{"name":"wp","href":"https:\/\/api.w.org\/{rel}","templated":true}]}}