{"id":21531,"date":"2020-11-25T01:16:33","date_gmt":"2020-11-24T21:16:33","guid":{"rendered":"https:\/\/fedai.az\/?p=21531"},"modified":"2020-11-25T01:16:34","modified_gmt":"2020-11-24T21:16:34","slug":"lavrovun-erm%c9%99nistana-n%c9%99-ucun-g%c9%99ldiyi-uz%c9%99-cixdi","status":"publish","type":"post","link":"https:\/\/fedai.az\/?p=21531","title":{"rendered":"Lavrovun Erm\u0259nistana n\u0259 \u00fc\u00e7\u00fcn g\u0259ldiyi \u00dcZ\u018f \u00c7IXDI"},"content":{"rendered":"\n<p><strong>Lavrov \u0130r\u0259vana Pa\u015finyan v\u0259 S\u0259rkisyandan kapitulyasiyan\u0131 \u015f\u0259xs\u0259n q\u0259bul etm\u0259k \u00fc\u00e7\u00fcn g\u0259lmi\u015fdi.<\/strong><\/p>\n\n\n\n<p>\u00a0<a href=\"https:\/\/axar.az\/\" target=\"_blank\" rel=\"noreferrer noopener\">Axar.az<\/a> x\u0259b\u0259r verir ki, bu iddia il\u0259 \u201cLragir.am\u201d sayt\u0131 \u00e7\u0131x\u0131\u015f edib.<\/p>\n\n\n\n<p>\u201cParalel olaraq Moskvada t\u0259bli\u011fat s\u0259viyy\u0259sind\u0259 m\u0259suliyy\u0259tin erm\u0259nil\u0259rin \u00fcz\u0259rin\u0259 at\u0131lmas\u0131 davam edir. \u015e\u0259xs\u0259n Prezident Putin art\u0131q bir ne\u00e7\u0259 d\u0259f\u0259 Erm\u0259nistan\u0131 q\u0131nay\u0131b ki, onun Qaraba\u011f\u0131 tan\u0131mamas\u0131na g\u00f6r\u0259 o, Qaraba\u011f\u0131 Az\u0259rbaycan \u0259razisi say\u0131r, KTMT is\u0259 buran\u0131 m\u0259suliyy\u0259t zonas\u0131 saymad\u0131\u011f\u0131 \u00fc\u00e7\u00fcn k\u00f6m\u0259k ed\u0259 bilm\u0259yib. \u201cQaraba\u011f prezidentinin m\u00fc\u015faviri\u201d v\u0259zif\u0259sini tutan \u015f\u0259xs is\u0259 b\u0259yan edir ki, Qaraba\u011f\u0131n beyn\u0259lxalq al\u0259m t\u0259r\u0259find\u0259n tan\u0131nmas\u0131 Rusiyan\u0131n maraqlar\u0131na ziddir v\u0259 ona qar\u015f\u0131 sui-q\u0259sddir. B\u00f6y\u00fck ehtimalla Moskva T\u00fcrkiy\u0259 il\u0259 birg\u0259 sentyabr m\u00fcharib\u0259sini planlayaraq realla\u015fd\u0131r\u0131b ki, Lavrov plan\u0131n\u0131 h\u0259yata ke\u00e7irsin\u201d, \u2013 dey\u0259 m\u0259qal\u0259d\u0259 iddia edilib.<\/p>\n\n\n\n<p>Sayt, h\u0259m\u00e7inin Moskvan\u0131n bunun vasit\u0259sil\u0259 Erm\u0259nistana Ankara il\u0259 birba\u015fa dialoq ba\u015flatmaqdan ba\u015fqa \u015fans qoymad\u0131\u011f\u0131n\u0131 bildirib.<\/p>\n\n\n\n<p>M\u0259qal\u0259d\u0259 qeyd edilib ki, son m\u00fcharib\u0259d\u0259n sonra Erm\u0259nistan \u00fc\u00e7\u00fcn KTMT art\u0131q yoxdur.<\/p>\n","protected":false},"excerpt":{"rendered":"<p>Lavrov \u0130r\u0259vana Pa\u015finyan v\u0259 S\u0259rkisyandan kapitulyasiyan\u0131 \u015f\u0259xs\u0259n q\u0259bul etm\u0259k \u00fc\u00e7\u00fcn g\u0259lmi\u015fdi. \u00a0Axar.az x\u0259b\u0259r verir ki, bu iddia il\u0259 \u201cLragir.am\u201d sayt\u0131 \u00e7\u0131x\u0131\u015f edib. \u201cParalel olaraq<\/p>\n","protected":false},"author":2,"featured_media":21532,"comment_status":"closed","ping_status":"closed","sticky":false,"template":"","format":"standard","meta":{"footnotes":""},"categories":[1],"tags":[],"class_list":["post-21531","post","type-post","status-publish","format-standard","has-post-thumbnail","hentry","category-siyast"],"aioseo_notices":[],"_links":{"self":[{"href":"https:\/\/fedai.az\/index.php?rest_route=\/wp\/v2\/posts\/21531","targetHints":{"allow":["GET"]}}],"collection":[{"href":"https:\/\/fedai.az\/index.php?rest_route=\/wp\/v2\/posts"}],"about":[{"href":"https:\/\/fedai.az\/index.php?rest_route=\/wp\/v2\/types\/post"}],"author":[{"embeddable":true,"href":"https:\/\/fedai.az\/index.php?rest_route=\/wp\/v2\/users\/2"}],"replies":[{"embeddable":true,"href":"https:\/\/fedai.az\/index.php?rest_route=%2Fwp%2Fv2%2Fcomments&post=21531"}],"version-history":[{"count":1,"href":"https:\/\/fedai.az\/index.php?rest_route=\/wp\/v2\/posts\/21531\/revisions"}],"predecessor-version":[{"id":21533,"href":"https:\/\/fedai.az\/index.php?rest_route=\/wp\/v2\/posts\/21531\/revisions\/21533"}],"wp:featuredmedia":[{"embeddable":true,"href":"https:\/\/fedai.az\/index.php?rest_route=\/wp\/v2\/media\/21532"}],"wp:attachment":[{"href":"https:\/\/fedai.az\/index.php?rest_route=%2Fwp%2Fv2%2Fmedia&parent=21531"}],"wp:term":[{"taxonomy":"category","embeddable":true,"href":"https:\/\/fedai.az\/index.php?rest_route=%2Fwp%2Fv2%2Fcategories&post=21531"},{"taxonomy":"post_tag","embeddable":true,"href":"https:\/\/fedai.az\/index.php?rest_route=%2Fwp%2Fv2%2Ftags&post=21531"}],"curies":[{"name":"wp","href":"https:\/\/api.w.org\/{rel}","templated":true}]}}