{"id":21534,"date":"2020-11-25T01:27:04","date_gmt":"2020-11-24T21:27:04","guid":{"rendered":"https:\/\/fedai.az\/?p=21534"},"modified":"2020-11-25T01:27:16","modified_gmt":"2020-11-24T21:27:16","slug":"varkis-baqdasaryan-k%c9%99lb%c9%99c%c9%99ri-t%c9%99rk-ets%c9%99k-d%c9%99-yen%c9%99-muharib%c9%99-olacaq","status":"publish","type":"post","link":"https:\/\/fedai.az\/?p=21534","title":{"rendered":"Varkis Baqdasaryan: &#171;K\u0259lb\u0259c\u0259ri t\u0259rk ets\u0259k d\u0259, yen\u0259 m\u00fcharib\u0259 olacaq&#187;"},"content":{"rendered":"\n<p><strong>K\u0259lb\u0259c\u0259r rayonu 9 noyabr \u00fc\u00e7t\u0259r\u0259fli raz\u0131la\u015fmas\u0131na \u0259sas\u0259n bir ne\u00e7\u0259 saat sonra, noyabr\u0131n 25-i saat 00.00-dan etibar\u0259n d\u00fc\u015fm\u0259n t\u0259r\u0259find\u0259n bo\u015fald\u0131lmal\u0131 v\u0259 Az\u0259rbaycan\u0131n n\u0259zar\u0259ti alt\u0131na ke\u00e7m\u0259lidir. Haz\u0131rda K\u0259lb\u0259c\u0259rin i\u015f\u011fal\u0131ndan sonra orada qanunsuz ya\u015fayan m\u00fclki i\u015f\u011fal\u00e7\u0131lar v\u0259 d\u00fc\u015fm\u0259n ordusunun qal\u0131qlar\u0131 rayonu t\u0259rk etm\u0259kd\u0259dir.<\/strong><\/p>\n\n\n\n<p>K\u0259lb\u0259c\u0259rd\u0259 dola\u015fan v\u0259 erm\u0259nil\u0259rin evl\u0259ri, infrastrukturu yand\u0131r\u0131b bu torpaqlar\u0131 nec\u0259 t\u0259rk etdil\u0259ri haqda reportajlar haz\u0131rlayan amerikal\u0131 jurnalist-bloqer Patrik Lankaster Erm\u0259nistan ordusunun k\u0259\u015ffiyyat batalyonunun kazarmas\u0131n\u0131 nec\u0259 bo\u015faltmas\u0131ndan b\u0259hs edir.<\/p>\n\n\n\n<p>Bu h\u0259min jurnalistdir ki, m\u00fcharib\u0259 ba\u015flayandan b\u0259ri Qaraba\u011fda dola\u015f\u0131r v\u0259 erm\u0259nil\u0259rin \u201c\u0259zab \u00e7\u0259kdikl\u0259ri bar\u0259d\u0259\u201d reportajlar haz\u0131rlay\u0131b YouTube kanal\u0131nda yay\u0131r. O, h\u0259rbi \u0259m\u0259liyyatlar\u0131n dayand\u0131r\u0131lmas\u0131ndan \u0259vv\u0259l Amerikaya geri d\u00f6ns\u0259 d\u0259 g\u00f6r\u00fcn\u00fcr sonradan erm\u0259nil\u0259rin verdikl\u0259ri ian\u0259 hesab\u0131na yenid\u0259n Qaraba\u011fa d\u00f6n\u00fcb v\u0259 bu d\u0259f\u0259 \u201cerm\u0259ni \u0259halisinin \u00f6z evl\u0259rini t\u0259rk etm\u0259y\u0259 m\u0259cbur olduqlar\u0131\u201d bar\u0259d\u0259 reportajlar haz\u0131rlamaqla m\u0259\u015f\u011fuldur. Ba\u015fqa s\u00f6zl\u0259, bu amerikal\u0131 Qaraba\u011fdan Az\u0259rbaycan \u0259leyhin\u0259 q\u0131z\u0131\u015fd\u0131r\u0131c\u0131, t\u0259xribat mahiyy\u0259tli reportajlar haz\u0131rlay\u0131b yayan rusiyal\u0131 jurnalist \u201cWarGonzo\u201d layih\u0259sinin m\u00fc\u0259llifi, Az\u0259rbaycan h\u00fcquq-m\u00fchafiz\u0259 orqanlar\u0131n\u0131n bar\u0259sind\u0259 cinay\u0259t i\u015fi qald\u0131r\u0131b axtar\u0131\u015fa \u00a0verdiyi Semyon Peqovun ox\u015far\u0131d\u0131r. Amma n\u0259d\u0259ns\u0259 Az\u0259rbaycan h\u00fcquq-m\u00fchafiz\u0259 orqanlar\u0131 h\u0259l\u0259 ki, Lankasterin f\u0259aliyy\u0259tin\u0259 diqq\u0259t yetirmirl\u0259r.<\/p>\n\n\n\n<figure class=\"wp-block-gallery columns-2 is-cropped wp-block-gallery-1 is-layout-flex wp-block-gallery-is-layout-flex\"><ul class=\"blocks-gallery-grid\"><li class=\"blocks-gallery-item\"><figure><img loading=\"lazy\" decoding=\"async\" width=\"620\" height=\"360\" src=\"https:\/\/fedai.az\/wp-content\/uploads\/2020\/11\/345539_src.jpg\" alt=\"\" data-id=\"21535\" data-link=\"https:\/\/fedai.az\/?attachment_id=21535\" class=\"wp-image-21535\" srcset=\"https:\/\/fedai.az\/wp-content\/uploads\/2020\/11\/345539_src.jpg 620w, https:\/\/fedai.az\/wp-content\/uploads\/2020\/11\/345539_src-300x174.jpg 300w, https:\/\/fedai.az\/wp-content\/uploads\/2020\/11\/345539_src-150x87.jpg 150w\" sizes=\"auto, (max-width: 620px) 100vw, 620px\" \/><\/figure><\/li><li class=\"blocks-gallery-item\"><figure><img loading=\"lazy\" decoding=\"async\" width=\"620\" height=\"378\" src=\"https:\/\/fedai.az\/wp-content\/uploads\/2020\/11\/345540_src.jpg\" alt=\"\" data-id=\"21536\" data-full-url=\"https:\/\/fedai.az\/wp-content\/uploads\/2020\/11\/345540_src.jpg\" data-link=\"https:\/\/fedai.az\/?attachment_id=21536\" class=\"wp-image-21536\" srcset=\"https:\/\/fedai.az\/wp-content\/uploads\/2020\/11\/345540_src.jpg 620w, https:\/\/fedai.az\/wp-content\/uploads\/2020\/11\/345540_src-300x183.jpg 300w, https:\/\/fedai.az\/wp-content\/uploads\/2020\/11\/345540_src-150x91.jpg 150w\" sizes=\"auto, (max-width: 620px) 100vw, 620px\" \/><\/figure><\/li><\/ul><\/figure>\n\n\n\n<p>H\u0259r\u00e7\u0259nd onun reportajlar\u0131nda d\u00fc\u015fm\u0259nin f\u0259aliyy\u0259tl\u0259ri v\u0259 i\u015f\u011fal etdiyi \u0259razil\u0259rd\u0259n \u00e7\u0259kil\u0259rk\u0259n n\u0259l\u0259r t\u00f6r\u0259tdiyi haqda faktlar\u0131 da g\u00f6rm\u0259k m\u00fcmk\u00fcnd\u00fcr.<\/p>\n\n\n\n<p>Bel\u0259likl\u0259, amerikal\u0131 jurnalist bu d\u0259f\u0259 K\u0259lb\u0259c\u0259rd\u0259 d\u00fc\u015fm\u0259nin k\u0259\u015ffiyyat batalyonun qar\u015f\u0131s\u0131nda dayan\u0131b v\u0259 erm\u0259ni h\u0259rb\u00e7il\u0259rinin \u00f6z kazarmalar\u0131n\u0131 nec\u0259 bo\u015fald\u0131b \u0259\u015fyalar\u0131 ma\u015f\u0131na y\u00fckl\u0259diyini n\u00fcmayi\u015f etdirir. Batalyonun komandiri, kapitan Varkis Baqdasaryan deyir ki, onlara K\u0259lb\u0259c\u0259ri t\u0259rk etm\u0259k \u00fc\u00e7\u00fcn noyabr\u0131n 25-n\u0259d\u0259k vaxt veribl\u0259r. Ona g\u00f6r\u0259 d\u0259 indi kazarman\u0131 bo\u015fald\u0131rlar.<\/p>\n\n\n\n<p>O, m\u00fcharib\u0259nin nec\u0259 ba\u015flad\u0131\u011f\u0131n\u0131 dan\u0131\u015f\u0131r. Deyir ki, sentyabr\u0131n 27-d\u0259 Az\u0259rbaycan Ordusu b\u00fct\u00fcn silahlardan, o c\u00fcml\u0259d\u0259n t\u0259yyar\u0259l\u0259rd\u0259n, artilleriyadan, raketl\u0259rd\u0259n istifad\u0259 ed\u0259r\u0259k Erm\u0259nistan ordusunun bazalar\u0131n\u0131 vurma\u011fa ba\u015flad\u0131. Kadrlardan g\u00f6r\u00fcn\u00fcr ki, h\u0259min batalyon da ordumuzun z\u0259rb\u0259l\u0259rinin t\u0259siri alt\u0131na d\u00fc\u015f\u00fcb, amma bina \u0259sas\u0259n salamatd\u0131r. D\u00fc\u015fm\u0259n \u0259sg\u0259rl\u0259ri is\u0259 s\u00f6k\u00fcl\u00fcb da\u015f\u0131nmas\u0131 m\u00fcmk\u00fcn olan h\u0259r \u015feyi s\u00f6k\u00fcbl\u0259r.<\/p>\n\n\n\n<p>\u00d6z\u00fcn\u00fcn dediyi kimi \u201c6 il yar\u0131md\u0131r K\u0259lb\u0259c\u0259rd\u0259 xidm\u0259t etdiyini\u201d dey\u0259n Baqdasaryan n\u0259 vaxtsa yen\u0259 m\u00fcharib\u0259 olaca\u011f\u0131na da inan\u0131r.&nbsp; (virtualaz.org)<\/p>\n","protected":false},"excerpt":{"rendered":"<p>K\u0259lb\u0259c\u0259r rayonu 9 noyabr \u00fc\u00e7t\u0259r\u0259fli raz\u0131la\u015fmas\u0131na \u0259sas\u0259n bir ne\u00e7\u0259 saat sonra, noyabr\u0131n 25-i saat 00.00-dan etibar\u0259n d\u00fc\u015fm\u0259n t\u0259r\u0259find\u0259n bo\u015fald\u0131lmal\u0131 v\u0259 Az\u0259rbaycan\u0131n n\u0259zar\u0259ti alt\u0131na ke\u00e7m\u0259lidir.<\/p>\n","protected":false},"author":2,"featured_media":21537,"comment_status":"closed","ping_status":"closed","sticky":false,"template":"","format":"standard","meta":{"footnotes":""},"categories":[4],"tags":[],"class_list":["post-21534","post","type-post","status-publish","format-standard","has-post-thumbnail","hentry","category-qarabag"],"aioseo_notices":[],"_links":{"self":[{"href":"https:\/\/fedai.az\/index.php?rest_route=\/wp\/v2\/posts\/21534","targetHints":{"allow":["GET"]}}],"collection":[{"href":"https:\/\/fedai.az\/index.php?rest_route=\/wp\/v2\/posts"}],"about":[{"href":"https:\/\/fedai.az\/index.php?rest_route=\/wp\/v2\/types\/post"}],"author":[{"embeddable":true,"href":"https:\/\/fedai.az\/index.php?rest_route=\/wp\/v2\/users\/2"}],"replies":[{"embeddable":true,"href":"https:\/\/fedai.az\/index.php?rest_route=%2Fwp%2Fv2%2Fcomments&post=21534"}],"version-history":[{"count":1,"href":"https:\/\/fedai.az\/index.php?rest_route=\/wp\/v2\/posts\/21534\/revisions"}],"predecessor-version":[{"id":21538,"href":"https:\/\/fedai.az\/index.php?rest_route=\/wp\/v2\/posts\/21534\/revisions\/21538"}],"wp:featuredmedia":[{"embeddable":true,"href":"https:\/\/fedai.az\/index.php?rest_route=\/wp\/v2\/media\/21537"}],"wp:attachment":[{"href":"https:\/\/fedai.az\/index.php?rest_route=%2Fwp%2Fv2%2Fmedia&parent=21534"}],"wp:term":[{"taxonomy":"category","embeddable":true,"href":"https:\/\/fedai.az\/index.php?rest_route=%2Fwp%2Fv2%2Fcategories&post=21534"},{"taxonomy":"post_tag","embeddable":true,"href":"https:\/\/fedai.az\/index.php?rest_route=%2Fwp%2Fv2%2Ftags&post=21534"}],"curies":[{"name":"wp","href":"https:\/\/api.w.org\/{rel}","templated":true}]}}