{"id":21539,"date":"2020-11-25T01:33:41","date_gmt":"2020-11-24T21:33:41","guid":{"rendered":"https:\/\/fedai.az\/?p=21539"},"modified":"2020-11-25T01:33:45","modified_gmt":"2020-11-24T21:33:45","slug":"abs-generalindan-cagiris-baki-acardir-gecikm%c9%99m%c9%99liyik","status":"publish","type":"post","link":"https:\/\/fedai.az\/?p=21539","title":{"rendered":"AB\u015e general\u0131ndan \u00e7a\u011f\u0131r\u0131\u015f: Bak\u0131 a\u00e7ard\u0131r, gecikm\u0259m\u0259liyik"},"content":{"rendered":"\n<p><em><strong>Q\u0259rb g\u0259r\u0259k Qaraba\u011fla ba\u011fl\u0131 \u00fc\u00e7t\u0259r\u0259fli B\u0259yanat\u0131n icras\u0131 zaman\u0131 Bak\u0131n\u0131n m\u00f6vqeyini d\u0259st\u0259kl\u0259sin.<\/strong><\/em><\/p>\n\n\n\n<p>\u00a0Axar.az x\u0259b\u0259r verir ki, bunu AB\u015e-\u0131n Avropadak\u0131 qo\u015funlar\u0131n\u0131n ke\u00e7mi\u015f komandan\u0131 general-leytenant Ben Hoces deyib.<\/p>\n\n\n\n<p><strong>O, Qaraba\u011fda beyn\u0259lxalq h\u00fcququn Az\u0259rbaycan\u0131n yan\u0131nda oldu\u011funu bildirib:&nbsp;<\/strong>\u201cAz\u0259rbaycanl\u0131lar erm\u0259ni icmas\u0131n\u0131n t\u0259hl\u00fck\u0259sizliyini t\u0259min etm\u0259k v\u0259 onlar\u0131n m\u0259d\u0259niyy\u0259t yerl\u0259rini m\u00fchafiz\u0259 etm\u0259k \u00f6hd\u0259liyi g\u00f6t\u00fcr\u00fcbl\u0259r. Bizim \u00fcmid etm\u0259y\u0259 \u0259saslar\u0131m\u0131z var. Bu g\u00fcn 30000-d\u0259n \u00e7ox erm\u0259ni Az\u0259rbaycan\u0131 v\u0259t\u0259ni say\u0131r.<\/p>\n\n\n\n<p>Da\u011fl\u0131q Qaraba\u011f beyn\u0259lxalq ictimaiyy\u0259t t\u0259r\u0259find\u0259n Az\u0259rbaycan\u0131n t\u0259rkib hiss\u0259si kimi tan\u0131n\u0131r. Q\u0259rb v\u0259 \u015e\u0259rq aras\u0131nda yegan\u0259 yer\u00fcst\u00fc d\u0259hliz Az\u0259rbaycand\u0131r. \u018fslind\u0259 bu, Qara d\u0259niz regionunun iqtisadi potensial\u0131n\u0131n daha b\u00f6y\u00fck inki\u015faf\u0131 \u00fc\u00e7\u00fcn a\u00e7ard\u0131r v\u0259 Q\u0259rb gec qalmamal\u0131d\u0131r\u201d.<\/p>\n","protected":false},"excerpt":{"rendered":"<p>Q\u0259rb g\u0259r\u0259k Qaraba\u011fla ba\u011fl\u0131 \u00fc\u00e7t\u0259r\u0259fli B\u0259yanat\u0131n icras\u0131 zaman\u0131 Bak\u0131n\u0131n m\u00f6vqeyini d\u0259st\u0259kl\u0259sin. \u00a0Axar.az x\u0259b\u0259r verir ki, bunu AB\u015e-\u0131n Avropadak\u0131 qo\u015funlar\u0131n\u0131n ke\u00e7mi\u015f komandan\u0131 general-leytenant Ben Hoces<\/p>\n","protected":false},"author":2,"featured_media":21541,"comment_status":"closed","ping_status":"closed","sticky":false,"template":"","format":"standard","meta":{"footnotes":""},"categories":[1],"tags":[],"class_list":["post-21539","post","type-post","status-publish","format-standard","has-post-thumbnail","hentry","category-siyast"],"aioseo_notices":[],"_links":{"self":[{"href":"https:\/\/fedai.az\/index.php?rest_route=\/wp\/v2\/posts\/21539","targetHints":{"allow":["GET"]}}],"collection":[{"href":"https:\/\/fedai.az\/index.php?rest_route=\/wp\/v2\/posts"}],"about":[{"href":"https:\/\/fedai.az\/index.php?rest_route=\/wp\/v2\/types\/post"}],"author":[{"embeddable":true,"href":"https:\/\/fedai.az\/index.php?rest_route=\/wp\/v2\/users\/2"}],"replies":[{"embeddable":true,"href":"https:\/\/fedai.az\/index.php?rest_route=%2Fwp%2Fv2%2Fcomments&post=21539"}],"version-history":[{"count":1,"href":"https:\/\/fedai.az\/index.php?rest_route=\/wp\/v2\/posts\/21539\/revisions"}],"predecessor-version":[{"id":21542,"href":"https:\/\/fedai.az\/index.php?rest_route=\/wp\/v2\/posts\/21539\/revisions\/21542"}],"wp:featuredmedia":[{"embeddable":true,"href":"https:\/\/fedai.az\/index.php?rest_route=\/wp\/v2\/media\/21541"}],"wp:attachment":[{"href":"https:\/\/fedai.az\/index.php?rest_route=%2Fwp%2Fv2%2Fmedia&parent=21539"}],"wp:term":[{"taxonomy":"category","embeddable":true,"href":"https:\/\/fedai.az\/index.php?rest_route=%2Fwp%2Fv2%2Fcategories&post=21539"},{"taxonomy":"post_tag","embeddable":true,"href":"https:\/\/fedai.az\/index.php?rest_route=%2Fwp%2Fv2%2Ftags&post=21539"}],"curies":[{"name":"wp","href":"https:\/\/api.w.org\/{rel}","templated":true}]}}