{"id":21543,"date":"2020-11-25T01:49:18","date_gmt":"2020-11-24T21:49:18","guid":{"rendered":"https:\/\/fedai.az\/?p=21543"},"modified":"2020-11-25T01:57:41","modified_gmt":"2020-11-24T21:57:41","slug":"moskva-araikin-goz-yaslarina-inanmadi","status":"publish","type":"post","link":"https:\/\/fedai.az\/?p=21543","title":{"rendered":"Moskva Araikin g\u00f6z ya\u015flar\u0131na inanmad\u0131"},"content":{"rendered":"\n<p><em><strong>Qaraba\u011fdak\u0131 separat\u00e7\u0131-terror\u00e7ular\u0131n\u0131n quldurba\u015f\u0131 Araik Arutyunyan Rusiyadan geri d\u00f6n\u00fcb.<\/strong><\/em><\/p>\n\n\n\n<p>Bu m\u0259lumat\u0131 \u201cMediaport\u201d Teleqram kanal\u0131 yay\u0131b. Onu g\u0259tir\u0259n t\u0259yyar\u0259 \u0130r\u0259vana 01:44-d\u0259 eni\u015f edib.<\/p>\n\n\n\n<p>M\u0259lumata g\u00f6r\u0259, Arutyunyan noyabr\u0131n 25-n\u0259 q\u0259d\u0259r Moskvada qalmal\u0131 olsa da, onun Moskvada olmas\u0131 x\u0259b\u0259rinin yay\u0131lmas\u0131ndan sonra separat\u00e7\u0131lar\u0131n lideri s\u0259f\u0259rini yar\u0131m\u00e7\u0131q dayand\u0131rmal\u0131 olub.<\/p>\n\n\n\n<p>\u201cMediaport\u201d Arutyunyan\u0131n Moskvaya \u201cv\u0259zif\u0259si\u201dni saxlamaq \u00fc\u00e7\u00fcn getdiyini yaz\u0131b. Bel\u0259 ki, Pa\u015finyan\u0131n onu Anna Akopyan\u0131n lobbi\u00e7iliyi il\u0259 istefaya g\u00f6nd\u0259rib yerin\u0259 Samvel Babayan\u0131 g\u0259tirm\u0259yi planla\u015fd\u0131rd\u0131\u011f\u0131 bildirilib.<\/p>\n\n\n\n<p>\u0130ctimaiyy\u0259t\u0259 a\u00e7\u0131qlanan daha bir fakt Arutyunyan\u0131n s\u0259f\u0259r zaman\u0131 onu m\u00fc\u015fayi\u0259t ed\u0259n m\u00fchafiz\u0259\u00e7il\u0259rin Rusiya il\u0259 s\u0259rh\u0259dd\u0259n burax\u0131lmamas\u0131d\u0131r.<\/p>\n","protected":false},"excerpt":{"rendered":"<p>Qaraba\u011fdak\u0131 separat\u00e7\u0131-terror\u00e7ular\u0131n\u0131n quldurba\u015f\u0131 Araik Arutyunyan Rusiyadan geri d\u00f6n\u00fcb. Bu m\u0259lumat\u0131 \u201cMediaport\u201d Teleqram kanal\u0131 yay\u0131b. Onu g\u0259tir\u0259n t\u0259yyar\u0259 \u0130r\u0259vana 01:44-d\u0259 eni\u015f edib. M\u0259lumata g\u00f6r\u0259, Arutyunyan<\/p>\n","protected":false},"author":2,"featured_media":21546,"comment_status":"closed","ping_status":"closed","sticky":false,"template":"","format":"standard","meta":{"footnotes":""},"categories":[15],"tags":[],"class_list":["post-21543","post","type-post","status-publish","format-standard","has-post-thumbnail","hentry","category-atmaca"],"aioseo_notices":[],"_links":{"self":[{"href":"https:\/\/fedai.az\/index.php?rest_route=\/wp\/v2\/posts\/21543","targetHints":{"allow":["GET"]}}],"collection":[{"href":"https:\/\/fedai.az\/index.php?rest_route=\/wp\/v2\/posts"}],"about":[{"href":"https:\/\/fedai.az\/index.php?rest_route=\/wp\/v2\/types\/post"}],"author":[{"embeddable":true,"href":"https:\/\/fedai.az\/index.php?rest_route=\/wp\/v2\/users\/2"}],"replies":[{"embeddable":true,"href":"https:\/\/fedai.az\/index.php?rest_route=%2Fwp%2Fv2%2Fcomments&post=21543"}],"version-history":[{"count":1,"href":"https:\/\/fedai.az\/index.php?rest_route=\/wp\/v2\/posts\/21543\/revisions"}],"predecessor-version":[{"id":21545,"href":"https:\/\/fedai.az\/index.php?rest_route=\/wp\/v2\/posts\/21543\/revisions\/21545"}],"wp:featuredmedia":[{"embeddable":true,"href":"https:\/\/fedai.az\/index.php?rest_route=\/wp\/v2\/media\/21546"}],"wp:attachment":[{"href":"https:\/\/fedai.az\/index.php?rest_route=%2Fwp%2Fv2%2Fmedia&parent=21543"}],"wp:term":[{"taxonomy":"category","embeddable":true,"href":"https:\/\/fedai.az\/index.php?rest_route=%2Fwp%2Fv2%2Fcategories&post=21543"},{"taxonomy":"post_tag","embeddable":true,"href":"https:\/\/fedai.az\/index.php?rest_route=%2Fwp%2Fv2%2Ftags&post=21543"}],"curies":[{"name":"wp","href":"https:\/\/api.w.org\/{rel}","templated":true}]}}