{"id":21572,"date":"2020-11-25T11:52:10","date_gmt":"2020-11-25T07:52:10","guid":{"rendered":"https:\/\/fedai.az\/?p=21572"},"modified":"2020-11-25T11:52:14","modified_gmt":"2020-11-25T07:52:14","slug":"ilham-%c9%99liyev-vergi-m%c9%99c%c9%99ll%c9%99sind%c9%99-d%c9%99yisiklik-etdi","status":"publish","type":"post","link":"https:\/\/fedai.az\/?p=21572","title":{"rendered":"\u0130lham \u018fliyev Vergi M\u0259c\u0259ll\u0259sind\u0259 d\u0259yi\u015fiklik etdi"},"content":{"rendered":"\n<p><strong>Prezident \u0130lham \u018fliyev \u201cAz\u0259rbaycan Respublikas\u0131n\u0131n Vergi M\u0259c\u0259ll\u0259sind\u0259 d\u0259yi\u015fiklik edilm\u0259si haqq\u0131nda\u201d qanunu t\u0259sdiq edib.\u00a0<\/strong><\/p>\n\n\n\n<p>Qanuna \u0259sas\u0259n, g\u0259lir vergisind\u0259n azadolmalar v\u0259 g\u00fcz\u0259\u015ftl\u0259r t\u0259tbiq edil\u0259n \u015f\u0259xsl\u0259rin siyah\u0131s\u0131 geni\u015fl\u0259ndirilib.<\/p>\n\n\n\n<p>Qanuna \u0259sas\u0259n, I v\u0259 II d\u0259r\u0259c\u0259 \u0259lilliyi olan \u015f\u0259xsl\u0259rin (m\u00fcharib\u0259 il\u0259 \u0259laq\u0259dar \u0259lilliyi olan \u015f\u0259xsl\u0259r istisna olmaqla), sa\u011flaml\u0131q imkanlar\u0131 m\u0259hdud 18 ya\u015f\u0131nad\u0259k u\u015faqlar\u0131n, daimi qulluq t\u0259l\u0259b ed\u0259n sa\u011flaml\u0131q imkanlar\u0131 m\u0259hdud 18 ya\u015f\u0131nad\u0259k u\u015fa\u011fa v\u0259 ya I d\u0259r\u0259c\u0259 \u0259lilliyi olan \u015f\u0259xs\u0259 baxan v\u0259 onunla birlikd\u0259 ya\u015fayan valideynl\u0259rd\u0259n (o c\u00fcml\u0259d\u0259n \u00f6vladl\u0131\u011fa g\u00f6t\u00fcr\u0259n \u015f\u0259xsl\u0259rd\u0259n) birinin (\u00f6zl\u0259rinin ist\u0259yi il\u0259), arvad\u0131n (\u0259rin), himay\u0259\u00e7inin v\u0259 ya q\u0259yyumun h\u0259r hans\u0131 muzdlu i\u015fd\u0259n vergi tutulmal\u0131 olan ayl\u0131q g\u0259liri 200 manat m\u0259bl\u0259\u011find\u0259 azald\u0131lacaq.<\/p>\n","protected":false},"excerpt":{"rendered":"<p>Prezident \u0130lham \u018fliyev \u201cAz\u0259rbaycan Respublikas\u0131n\u0131n Vergi M\u0259c\u0259ll\u0259sind\u0259 d\u0259yi\u015fiklik edilm\u0259si haqq\u0131nda\u201d qanunu t\u0259sdiq edib.\u00a0 Qanuna \u0259sas\u0259n, g\u0259lir vergisind\u0259n azadolmalar v\u0259 g\u00fcz\u0259\u015ftl\u0259r t\u0259tbiq edil\u0259n \u015f\u0259xsl\u0259rin siyah\u0131s\u0131<\/p>\n","protected":false},"author":2,"featured_media":21573,"comment_status":"closed","ping_status":"closed","sticky":false,"template":"","format":"standard","meta":{"footnotes":""},"categories":[12],"tags":[],"class_list":["post-21572","post","type-post","status-publish","format-standard","has-post-thumbnail","hentry","category-sosial"],"aioseo_notices":[],"_links":{"self":[{"href":"https:\/\/fedai.az\/index.php?rest_route=\/wp\/v2\/posts\/21572","targetHints":{"allow":["GET"]}}],"collection":[{"href":"https:\/\/fedai.az\/index.php?rest_route=\/wp\/v2\/posts"}],"about":[{"href":"https:\/\/fedai.az\/index.php?rest_route=\/wp\/v2\/types\/post"}],"author":[{"embeddable":true,"href":"https:\/\/fedai.az\/index.php?rest_route=\/wp\/v2\/users\/2"}],"replies":[{"embeddable":true,"href":"https:\/\/fedai.az\/index.php?rest_route=%2Fwp%2Fv2%2Fcomments&post=21572"}],"version-history":[{"count":1,"href":"https:\/\/fedai.az\/index.php?rest_route=\/wp\/v2\/posts\/21572\/revisions"}],"predecessor-version":[{"id":21574,"href":"https:\/\/fedai.az\/index.php?rest_route=\/wp\/v2\/posts\/21572\/revisions\/21574"}],"wp:featuredmedia":[{"embeddable":true,"href":"https:\/\/fedai.az\/index.php?rest_route=\/wp\/v2\/media\/21573"}],"wp:attachment":[{"href":"https:\/\/fedai.az\/index.php?rest_route=%2Fwp%2Fv2%2Fmedia&parent=21572"}],"wp:term":[{"taxonomy":"category","embeddable":true,"href":"https:\/\/fedai.az\/index.php?rest_route=%2Fwp%2Fv2%2Fcategories&post=21572"},{"taxonomy":"post_tag","embeddable":true,"href":"https:\/\/fedai.az\/index.php?rest_route=%2Fwp%2Fv2%2Ftags&post=21572"}],"curies":[{"name":"wp","href":"https:\/\/api.w.org\/{rel}","templated":true}]}}