{"id":21596,"date":"2020-11-26T00:34:46","date_gmt":"2020-11-25T20:34:46","guid":{"rendered":"https:\/\/fedai.az\/?p=21596"},"modified":"2020-11-26T00:39:32","modified_gmt":"2020-11-25T20:39:32","slug":"mehriban-%c9%99liyeva-az%c9%99rbaycan-xalqini-t%c9%99brik-etdi","status":"publish","type":"post","link":"https:\/\/fedai.az\/?p=21596","title":{"rendered":"Mehriban \u018fliyeva Az\u0259rbaycan xalq\u0131n\u0131 t\u0259brik etdi"},"content":{"rendered":"\n<p><strong>Birinci vitse-prezident Mehriban \u018fliyeva K\u0259lb\u0259c\u0259rin i\u015f\u011faldan azad edilm\u0259si m\u00fcnasib\u0259til\u0259 Az\u0259rbaycan xalq\u0131n\u0131 t\u0259brik edib.<\/strong><\/p>\n\n\n\n<p>\u201cInstagram\u201dda yay\u0131mlanm\u0131\u015f t\u0259brikd\u0259 deyilir:<\/p>\n\n\n\n<p>\u201cH\u00f6rm\u0259tli h\u0259mv\u0259t\u0259nl\u0259r!<\/p>\n\n\n\n<p>Sizi \u0259lam\u0259tdar hadis\u0259 &#8212; K\u0259lb\u0259c\u0259r rayonunun i\u015f\u011faldan azad olunmas\u0131 m\u00fcnasib\u0259til\u0259 s\u0259mimi q\u0259lbd\u0259n t\u0259brik edir\u0259m!<\/p>\n\n\n\n<p>Qoy \u015eanl\u0131 Q\u0259l\u0259b\u0259miz h\u0259r ev\u0259, h\u0259r ail\u0259y\u0259 bol sevinc, t\u0259b\u0259ss\u00fcm, s\u0259ad\u0259t, \u00f6lk\u0259miz\u0259 s\u00fclh v\u0259 \u0259min-amanl\u0131q g\u0259tirsin! Uca Tanr\u0131 xalq\u0131m\u0131z\u0131, V\u0259t\u0259nimizi v\u0259 Prezidentimizi qorusun! Qaraba\u011f Az\u0259rbaycand\u0131r!\u201d<\/p>\n\n\n\n<p><a href=\"https:\/\/www.instagram.com\/p\/CIAjnmnAqGD\/?utm_source=ig_web_copy_link\">https:\/\/www.instagram.com\/p\/CIAjnmnAqGD\/?utm_source=ig_web_copy_link<\/a><\/p>\n\n\n\n<p><\/p>\n","protected":false},"excerpt":{"rendered":"<p>Birinci vitse-prezident Mehriban \u018fliyeva K\u0259lb\u0259c\u0259rin i\u015f\u011faldan azad edilm\u0259si m\u00fcnasib\u0259til\u0259 Az\u0259rbaycan xalq\u0131n\u0131 t\u0259brik edib. \u201cInstagram\u201dda yay\u0131mlanm\u0131\u015f t\u0259brikd\u0259 deyilir: \u201cH\u00f6rm\u0259tli h\u0259mv\u0259t\u0259nl\u0259r! Sizi \u0259lam\u0259tdar hadis\u0259 &#8212; K\u0259lb\u0259c\u0259r<\/p>\n","protected":false},"author":2,"featured_media":21597,"comment_status":"closed","ping_status":"closed","sticky":false,"template":"","format":"standard","meta":{"footnotes":""},"categories":[4],"tags":[],"class_list":["post-21596","post","type-post","status-publish","format-standard","has-post-thumbnail","hentry","category-qarabag"],"aioseo_notices":[],"_links":{"self":[{"href":"https:\/\/fedai.az\/index.php?rest_route=\/wp\/v2\/posts\/21596","targetHints":{"allow":["GET"]}}],"collection":[{"href":"https:\/\/fedai.az\/index.php?rest_route=\/wp\/v2\/posts"}],"about":[{"href":"https:\/\/fedai.az\/index.php?rest_route=\/wp\/v2\/types\/post"}],"author":[{"embeddable":true,"href":"https:\/\/fedai.az\/index.php?rest_route=\/wp\/v2\/users\/2"}],"replies":[{"embeddable":true,"href":"https:\/\/fedai.az\/index.php?rest_route=%2Fwp%2Fv2%2Fcomments&post=21596"}],"version-history":[{"count":4,"href":"https:\/\/fedai.az\/index.php?rest_route=\/wp\/v2\/posts\/21596\/revisions"}],"predecessor-version":[{"id":21604,"href":"https:\/\/fedai.az\/index.php?rest_route=\/wp\/v2\/posts\/21596\/revisions\/21604"}],"wp:featuredmedia":[{"embeddable":true,"href":"https:\/\/fedai.az\/index.php?rest_route=\/wp\/v2\/media\/21597"}],"wp:attachment":[{"href":"https:\/\/fedai.az\/index.php?rest_route=%2Fwp%2Fv2%2Fmedia&parent=21596"}],"wp:term":[{"taxonomy":"category","embeddable":true,"href":"https:\/\/fedai.az\/index.php?rest_route=%2Fwp%2Fv2%2Fcategories&post=21596"},{"taxonomy":"post_tag","embeddable":true,"href":"https:\/\/fedai.az\/index.php?rest_route=%2Fwp%2Fv2%2Ftags&post=21596"}],"curies":[{"name":"wp","href":"https:\/\/api.w.org\/{rel}","templated":true}]}}