{"id":21606,"date":"2020-11-26T00:41:57","date_gmt":"2020-11-25T20:41:57","guid":{"rendered":"https:\/\/fedai.az\/?p=21606"},"modified":"2020-11-26T00:42:00","modified_gmt":"2020-11-25T20:42:00","slug":"dovl%c9%99t-bascisi-erm%c9%99nil%c9%99rin-%c9%99sg%c9%99rl%c9%99rimizd%c9%99n-kom%c9%99k-ist%c9%99m%c9%99sind%c9%99n-danisdi","status":"publish","type":"post","link":"https:\/\/fedai.az\/?p=21606","title":{"rendered":"D\u00f6vl\u0259t ba\u015f\u00e7\u0131s\u0131 erm\u0259nil\u0259rin \u0259sg\u0259rl\u0259rimizd\u0259n k\u00f6m\u0259k ist\u0259m\u0259sind\u0259n dan\u0131\u015fd\u0131"},"content":{"rendered":"\n<p><strong>\u201cBizim \u0259sg\u0259rl\u0259rimiz g\u00f6r\u0259nd\u0259 ki, A\u011fdam rayonunun bir k\u0259ndind\u0259 erm\u0259ni \u0259halisi vaxt\u0131nda \u00e7\u0131xa bilm\u0259yib, onlara \u00e7\u0131xmaq \u00fc\u00e7\u00fcn \u015f\u0259rait yarad\u0131blar. Onlara s\u00f6z dey\u0259n olmay\u0131b. Amma m\u0259nfur d\u00fc\u015fm\u0259n bizim me\u015f\u0259l\u0259rimizi yand\u0131r\u0131r, evl\u0259rimizi yand\u0131r\u0131r, su x\u0259ttini s\u0131radan \u00e7\u0131xar\u0131b\u201d.<\/strong><\/p>\n\n\n\n<p><strong>Oxu.Az<\/strong>-\u0131n m\u0259lumat\u0131na g\u00f6r\u0259, bunu Ali Ba\u015f Komandan, Az\u0259rbaycan Respublikas\u0131n\u0131n Prezidenti \u0130lham \u018fliyev xalqa m\u00fcraci\u0259tind\u0259 bildirib.<\/p>\n\n\n\n<p>\u201cHesab edir ki, bu, bizi dayand\u0131racaq? Biz ist\u0259nil\u0259n yer\u0259 su x\u0259tti \u00e7\u0259kmi\u015fik &#8212; ucqar da\u011flara \u00e7\u0259kmi\u015fik, da\u011f k\u0259ndl\u0259rin\u0259 \u00e7\u0259kmi\u015fik. Ham\u0131s\u0131n\u0131 b\u0259rpa ed\u0259c\u0259yik, ham\u0131s\u0131n\u0131. Art\u0131q m\u00fcvafiq g\u00f6st\u0259ri\u015fl\u0259r verilibdir v\u0259 \u0259min\u0259m ki, biz bu i\u015fl\u0259ri vaxt\u0131nda g\u00f6r\u0259c\u0259yik\u201d, &#8212; dey\u0259 d\u00f6vl\u0259t ba\u015f\u00e7\u0131s\u0131 \u0259lav\u0259 edib.<\/p>\n\n\n\n<p>\u0130lham \u018fliyev qeyd edib ki, d\u00fc\u015fm\u0259n K\u0259lb\u0259c\u0259r\u0259 yeni eyb\u0259c\u0259r bir ad verib:<\/p>\n\n\n\n<p>\u201cOnlar \u201cDa\u011fl\u0131q Qaraba\u011f respublikas\u0131\u201dn\u0131n x\u0259rit\u0259l\u0259rini d\u00fcz\u0259ltmi\u015fdil\u0259r. Han\u0131 o x\u0259rit\u0259l\u0259r? Ham\u0131s\u0131 m\u0259hv oldu. O x\u0259rit\u0259l\u0259r, sad\u0259c\u0259 olaraq, ka\u011f\u0131z par\u00e7as\u0131d\u0131r. H\u0259m Da\u011fl\u0131q Qaraba\u011f Muxtar Vilay\u0259tinin b\u00fct\u00fcn \u0259razisini, \u015eu\u015fan\u0131, eyni zamanda, \u0259trafda yerl\u0259\u015f\u0259n b\u00fct\u00fcn yeddi rayonu da aid etmi\u015fl\u0259r \u201cDa\u011fl\u0131q Qaraba\u011f respublikas\u0131\u201dna. Bu x\u0259rit\u0259l\u0259ri d\u0259rc edirdil\u0259r, d\u0259rslikl\u0259r\u0259 salm\u0131\u015fd\u0131lar, s\u0259rgil\u0259rd\u0259 n\u00fcmayi\u015f etdirirdil\u0259r.&nbsp;<\/p>\n\n\n\n<p>Bu x\u0259rit\u0259l\u0259ri onlar el\u0259 t\u0259qdim edirdil\u0259r ki, budur \u201cDa\u011fl\u0131q Qaraba\u011f respublikas\u0131\u201d. \u0130ndi n\u0259 qal\u0131b o x\u0259rit\u0259l\u0259rd\u0259? He\u00e7 n\u0259. Az\u0259rbaycan \u00f6z \u0259razi b\u00fct\u00f6vl\u00fcy\u00fcn\u00fcn b\u0259rpas\u0131 istiqam\u0259tind\u0259 laz\u0131mi add\u0131mlar at\u0131bd\u0131r\u201d.<\/p>\n","protected":false},"excerpt":{"rendered":"<p>\u201cBizim \u0259sg\u0259rl\u0259rimiz g\u00f6r\u0259nd\u0259 ki, A\u011fdam rayonunun bir k\u0259ndind\u0259 erm\u0259ni \u0259halisi vaxt\u0131nda \u00e7\u0131xa bilm\u0259yib, onlara \u00e7\u0131xmaq \u00fc\u00e7\u00fcn \u015f\u0259rait yarad\u0131blar. Onlara s\u00f6z dey\u0259n olmay\u0131b. Amma m\u0259nfur<\/p>\n","protected":false},"author":2,"featured_media":21607,"comment_status":"closed","ping_status":"closed","sticky":false,"template":"","format":"standard","meta":{"footnotes":""},"categories":[4],"tags":[],"class_list":["post-21606","post","type-post","status-publish","format-standard","has-post-thumbnail","hentry","category-qarabag"],"aioseo_notices":[],"_links":{"self":[{"href":"https:\/\/fedai.az\/index.php?rest_route=\/wp\/v2\/posts\/21606","targetHints":{"allow":["GET"]}}],"collection":[{"href":"https:\/\/fedai.az\/index.php?rest_route=\/wp\/v2\/posts"}],"about":[{"href":"https:\/\/fedai.az\/index.php?rest_route=\/wp\/v2\/types\/post"}],"author":[{"embeddable":true,"href":"https:\/\/fedai.az\/index.php?rest_route=\/wp\/v2\/users\/2"}],"replies":[{"embeddable":true,"href":"https:\/\/fedai.az\/index.php?rest_route=%2Fwp%2Fv2%2Fcomments&post=21606"}],"version-history":[{"count":1,"href":"https:\/\/fedai.az\/index.php?rest_route=\/wp\/v2\/posts\/21606\/revisions"}],"predecessor-version":[{"id":21608,"href":"https:\/\/fedai.az\/index.php?rest_route=\/wp\/v2\/posts\/21606\/revisions\/21608"}],"wp:featuredmedia":[{"embeddable":true,"href":"https:\/\/fedai.az\/index.php?rest_route=\/wp\/v2\/media\/21607"}],"wp:attachment":[{"href":"https:\/\/fedai.az\/index.php?rest_route=%2Fwp%2Fv2%2Fmedia&parent=21606"}],"wp:term":[{"taxonomy":"category","embeddable":true,"href":"https:\/\/fedai.az\/index.php?rest_route=%2Fwp%2Fv2%2Fcategories&post=21606"},{"taxonomy":"post_tag","embeddable":true,"href":"https:\/\/fedai.az\/index.php?rest_route=%2Fwp%2Fv2%2Ftags&post=21606"}],"curies":[{"name":"wp","href":"https:\/\/api.w.org\/{rel}","templated":true}]}}