{"id":21609,"date":"2020-11-26T00:46:44","date_gmt":"2020-11-25T20:46:44","guid":{"rendered":"https:\/\/fedai.az\/?p=21609"},"modified":"2020-11-26T00:46:56","modified_gmt":"2020-11-25T20:46:56","slug":"%c9%99%c9%99smn-muharib%c9%99d%c9%99-yaralanmis-elcin-s%c9%99m%c9%99dovun-ail%c9%99sin%c9%99-ev-tikilm%c9%99sini-ohd%c9%99sin%c9%99-goturub","status":"publish","type":"post","link":"https:\/\/fedai.az\/?p=21609","title":{"rendered":"\u018f\u018fSMN m\u00fcharib\u0259d\u0259 yaralanm\u0131\u015f El\u00e7in S\u0259m\u0259dovun ail\u0259sin\u0259 ev tikilm\u0259sini \u00f6hd\u0259sin\u0259 g\u00f6t\u00fcr\u00fcb"},"content":{"rendered":"\n<p><strong>Q\u0259l\u0259b\u0259mizin q\u0259hr\u0259manlar\u0131ndan biri olan, m\u00fcharib\u0259d\u0259 yaralanm\u0131\u015f El\u00e7in S\u0259m\u0259dovun ail\u0259sin\u0259 ev tikintisini \u018fm\u0259k v\u0259 \u018fhalinin Sosial M\u00fcdafi\u0259si Nazirliyi \u00f6hd\u0259sin\u0259 g\u00f6t\u00fcr\u00fcb.<\/strong><\/p>\n\n\n\n<p>Bu bar\u0259d\u0259 \u018fm\u0259k v\u0259 \u018fhalinin Sosial M\u00fcdafi\u0259si Nazirliyinin \u0130ctimaiyy\u0259tl\u0259 \u018flaq\u0259l\u0259r v\u0259 Kommunikasiya \u015e\u00f6b\u0259sinin m\u00fcdiri Fazil Tal\u0131bov payla\u015f\u0131m edib.\u00a0<\/p>\n\n\n\n<p>Payla\u015f\u0131mda bildirilib ki, nazirliyin \u0259m\u0259kda\u015flar\u0131 m\u00fcharib\u0259d\u0259 \u00e7oxsayl\u0131 q\u0259lp\u0259 yaras\u0131 alm\u0131\u015f El\u00e7inl\u0259 g\u00f6r\u00fc\u015f\u00fcb, ail\u0259sinin v\u0259ziyy\u0259ti, ev \u015f\u0259raiti il\u0259 yerind\u0259c\u0259 tan\u0131\u015f olublar: &#171;El\u00e7in yax\u0131n g\u00fcnl\u0259rd\u0259 \u0259m\u0259liyyat olunacaq. Q\u0259b\u0259l\u0259 \u015f\u0259h\u0259rind\u0259 ya\u015fayan ail\u0259 d\u00f6rd n\u0259f\u0259rd\u0259n (\u00f6z\u00fc, anas\u0131, biri m\u0259kt\u0259bli olan, dig\u0259r pe\u015f\u0259 t\u0259hsili alan iki qarda\u015f\u0131) ibar\u0259tdir. Nazirlik a\u011f\u0131r m\u0259i\u015f\u0259t \u015f\u0259raiti olan vaqon evd\u0259 ya\u015fayan ail\u0259 \u00fc\u00e7\u00fcn sosial t\u0259r\u0259fda\u015flar\u0131n d\u0259st\u0259yi il\u0259 f\u0259rdi ev tikilm\u0259sini q\u0259rara al\u0131b.<\/p>\n\n\n\n<p>\u018fsg\u0259rin anas\u0131 \u015e\u00fck\u00fcrova V\u00fcsal\u0259 M\u00fcz\u0259ff\u0259r q\u0131z\u0131n\u0131n i\u015fsiz oldu\u011fu n\u0259z\u0259r\u0259 al\u0131naraq \u00f6z ist\u0259yi il\u0259 sosial xidm\u0259t sah\u0259sind\u0259 i\u015fl\u0259 t\u0259min olunub.&nbsp; Ail\u0259nin \u00fcnvanl\u0131 sosial yard\u0131m almaq h\u00fcququna da bax\u0131lacaq.<\/p>\n\n\n\n<p>El\u00e7inin qarda\u015f\u0131 pe\u015f\u0259 t\u0259hsilini bitirdikd\u0259n sonra onun da i\u015fl\u0259 t\u0259minat\u0131na k\u00f6m\u0259k g\u00f6st\u0259ril\u0259c\u0259k.<\/p>\n\n\n\n<figure class=\"wp-block-image size-large is-resized\"><img loading=\"lazy\" decoding=\"async\" src=\"https:\/\/fedai.az\/wp-content\/uploads\/2020\/11\/1606310271755_FBKNAT2f1-1606311233.jpg\" alt=\"\" class=\"wp-image-21610\" width=\"1006\" height=\"671\" srcset=\"https:\/\/fedai.az\/wp-content\/uploads\/2020\/11\/1606310271755_FBKNAT2f1-1606311233.jpg 750w, https:\/\/fedai.az\/wp-content\/uploads\/2020\/11\/1606310271755_FBKNAT2f1-1606311233-300x200.jpg 300w, https:\/\/fedai.az\/wp-content\/uploads\/2020\/11\/1606310271755_FBKNAT2f1-1606311233-150x100.jpg 150w\" sizes=\"auto, (max-width: 1006px) 100vw, 1006px\" \/><\/figure>\n","protected":false},"excerpt":{"rendered":"<p>Q\u0259l\u0259b\u0259mizin q\u0259hr\u0259manlar\u0131ndan biri olan, m\u00fcharib\u0259d\u0259 yaralanm\u0131\u015f El\u00e7in S\u0259m\u0259dovun ail\u0259sin\u0259 ev tikintisini \u018fm\u0259k v\u0259 \u018fhalinin Sosial M\u00fcdafi\u0259si Nazirliyi \u00f6hd\u0259sin\u0259 g\u00f6t\u00fcr\u00fcb. Bu bar\u0259d\u0259 \u018fm\u0259k v\u0259 \u018fhalinin<\/p>\n","protected":false},"author":2,"featured_media":21611,"comment_status":"closed","ping_status":"closed","sticky":false,"template":"","format":"standard","meta":{"footnotes":""},"categories":[5],"tags":[],"class_list":["post-21609","post","type-post","status-publish","format-standard","has-post-thumbnail","hentry","category-veteran"],"aioseo_notices":[],"_links":{"self":[{"href":"https:\/\/fedai.az\/index.php?rest_route=\/wp\/v2\/posts\/21609","targetHints":{"allow":["GET"]}}],"collection":[{"href":"https:\/\/fedai.az\/index.php?rest_route=\/wp\/v2\/posts"}],"about":[{"href":"https:\/\/fedai.az\/index.php?rest_route=\/wp\/v2\/types\/post"}],"author":[{"embeddable":true,"href":"https:\/\/fedai.az\/index.php?rest_route=\/wp\/v2\/users\/2"}],"replies":[{"embeddable":true,"href":"https:\/\/fedai.az\/index.php?rest_route=%2Fwp%2Fv2%2Fcomments&post=21609"}],"version-history":[{"count":1,"href":"https:\/\/fedai.az\/index.php?rest_route=\/wp\/v2\/posts\/21609\/revisions"}],"predecessor-version":[{"id":21612,"href":"https:\/\/fedai.az\/index.php?rest_route=\/wp\/v2\/posts\/21609\/revisions\/21612"}],"wp:featuredmedia":[{"embeddable":true,"href":"https:\/\/fedai.az\/index.php?rest_route=\/wp\/v2\/media\/21611"}],"wp:attachment":[{"href":"https:\/\/fedai.az\/index.php?rest_route=%2Fwp%2Fv2%2Fmedia&parent=21609"}],"wp:term":[{"taxonomy":"category","embeddable":true,"href":"https:\/\/fedai.az\/index.php?rest_route=%2Fwp%2Fv2%2Fcategories&post=21609"},{"taxonomy":"post_tag","embeddable":true,"href":"https:\/\/fedai.az\/index.php?rest_route=%2Fwp%2Fv2%2Ftags&post=21609"}],"curies":[{"name":"wp","href":"https:\/\/api.w.org\/{rel}","templated":true}]}}