{"id":21615,"date":"2020-11-26T00:58:42","date_gmt":"2020-11-25T20:58:42","guid":{"rendered":"https:\/\/fedai.az\/?p=21615"},"modified":"2020-11-26T00:58:45","modified_gmt":"2020-11-25T20:58:45","slug":"erm%c9%99nil%c9%99r%c9%99-az%c9%99rbaycan-pasportu-veril%c9%99c%c9%99kmi","status":"publish","type":"post","link":"https:\/\/fedai.az\/?p=21615","title":{"rendered":"Erm\u0259nil\u0259r\u0259 Az\u0259rbaycan pasportu veril\u0259c\u0259kmi?"},"content":{"rendered":"\n<p><strong>\u201cQaraba\u011f Az\u0259rbaycan\u0131n ayr\u0131lmaz hiss\u0259sidir\u201d dedi Putin v\u0259 Makron eyni s\u00f6zl\u0259ri t\u0259krarlad\u0131&#8230;.<\/strong><\/p>\n\n\n\n<p>B\u00f6lg\u0259d\u0259 \u015f\u0259rtl\u0259r d\u0259yi\u015fdi art\u0131q v\u0259 Bak\u0131 44 g\u00fcnl\u00fck m\u00fcharib\u0259 il\u0259 yeni reall\u0131q yaratd\u0131:<\/p>\n\n\n\n<p>&#8212; Da\u011fl\u0131q Qaraba\u011f m\u00fcnaqi\u015f\u0259si yoxdur;<\/p>\n\n\n\n<p>&#8212; Az\u0259rbaycan \u0259razi b\u00fct\u00f6vl\u00fcy\u00fcn\u00fc b\u0259rpa etdi;<\/p>\n\n\n\n<p>\u0130lham \u018fliyevin, Putinin, Makronun, \u018frdo\u011fan\u0131n dediyi kimi&#8230;<\/p>\n\n\n\n<p>Amma Erm\u0259nistan\u0131n kapitulyasiya akt\u0131na imza atmas\u0131ndan sonra veril\u0259n suallar h\u0259l\u0259 d\u0259 qal\u0131r.<\/p>\n\n\n\n<p>Qaraba\u011f\u0131n statusu olacaqm\u0131?<\/p>\n\n\n\n<p>Da\u011fl\u0131q Qaraba\u011f\u0131n statusu m\u0259s\u0259l\u0259si Madrid prinsipl\u0259rind\u0259 v\u0259 bu prinsipl\u0259r \u0259sas\u0131nda ortaya \u00e7\u0131xan \u201cKazan d\u00fcsturu\u201d, \u201cLavrov plan\u0131\u201d kimi h\u0259ll variantlar\u0131nda sonuncu m\u0259rh\u0259l\u0259d\u0259 m\u00fczakir\u0259 olunacaqd\u0131: rayonlar qaytar\u0131l\u0131r, \u0259hali qay\u0131d\u0131r, aral\u0131q status verilir, sonda status referendum yolu il\u0259 h\u0259ll olunur. Lakin bu, \u0259razil\u0259r dan\u0131\u015f\u0131qlar yolu il\u0259 qaytar\u0131lsayd\u0131, m\u00fczakir\u0259 m\u00f6vzusu olacaqd\u0131, m\u00fcharib\u0259 b\u00fct\u00fcn da\u015flar\u0131n yerini d\u0259yi\u015fdirdi, dan\u0131\u015f\u0131qlar masas\u0131ndak\u0131 s\u0259n\u0259dl\u0259ri k\u0259nara qoydu v\u0259 yeni v\u0259ziyy\u0259t yaratd\u0131. Qaraba\u011f\u0131n status ola bil\u0259rmi sual\u0131na SSR Az\u0259rbaycan t\u0259rkibind\u0259 m\u00f6vcud olan Da\u011fl\u0131q Qaraba\u011f Muxtar Vilay\u0259tinin inzibati \u0259razisi, el\u0259c\u0259 d\u0259 I m\u00fcharib\u0259d\u0259 i\u015f\u011faldan sonra Erm\u0259nistan\u0131n plan\u0131 kontekstind\u0259 baxmaq laz\u0131md\u0131r.<\/p>\n\n\n\n<p>Erm\u0259nistan Da\u011fl\u0131q Qaraba\u011fla yana\u015f\u0131, 7 rayonu h\u0259m bufer zonas\u0131 yaratmaq, h\u0259m d\u0259 bazarl\u0131q kimi istifad\u0259 etm\u0259k \u00fc\u00e7\u00fcn i\u015f\u011fal etmi\u015fdi: dan\u0131\u015f\u0131qlar masas\u0131nda rayonlar\u0131 qaytar\u0131r, Qaraba\u011f\u0131 \u00f6z\u00fcnd\u0259 saxlay\u0131r.<\/p>\n\n\n\n<p>Da\u011fl\u0131q Qaraba\u011f\u0131n inzibati \u0259razisi: Xank\u0259ndi, \u015eu\u015fa, Xocav\u0259nd v\u0259 Xocal\u0131 olmaqla iki \u015f\u0259h\u0259r, iki rayon;<\/p>\n\n\n\n<p>1. Az\u0259rbaycan 44 g\u00fcnl\u00fck m\u00fcharib\u0259d\u0259 Da\u011fl\u0131q Qaraba\u011f\u0131n inzibati \u0259razisin\u0259 daxil olan Xocav\u0259ndin b\u00f6y\u00fck hiss\u0259sini, Xocal\u0131n\u0131n bir ne\u00e7\u0259 k\u0259ndini v\u0259 \u015eu\u015fan\u0131 i\u015f\u011faldan azad etdi, bununla erm\u0259nil\u0259rin ist\u0259diyi v\u0259 dan\u0131\u015f\u0131qlar masas\u0131nda m\u00f6vcud olan h\u0259ll variantlar\u0131nda n\u0259z\u0259rd\u0259 tutulan Da\u011fl\u0131q Qaraba\u011f\u0131n inzibati \u0259razin\u0259 daxil oldu.<\/p>\n\n\n\n<p>2. Erm\u0259nil\u0259rin Da\u011fl\u0131q Qaraba\u011fa aid etdiyi A\u011fd\u0259r\u0259 rayonu r\u0259smi olaraq m\u00f6vcud deyil: Az\u0259rbaycan Milli M\u0259clisinin 1992-ci il 13 oktyabr tarixli \u201cAz\u0259rbaycan Respublikas\u0131n\u0131n inzibati \u0259razi b\u00f6lg\u00fcs\u00fcnd\u0259 qism\u0259n d\u0259yi\u015fiklik edilm\u0259si haqq\u0131nda\u201d 327 n\u00f6mr\u0259li Q\u0259rar\u0131 il\u0259 A\u011fd\u0259r\u0259 rayonu l\u0259\u011fv edilib v\u0259 \u0259razisi K\u0259lb\u0259c\u0259r, T\u0259rt\u0259r v\u0259 A\u011fdam rayonu aras\u0131nda b\u00f6l\u00fc\u015fd\u00fcr\u00fcl\u00fcb. Bu o dem\u0259kdir ki, K\u0259lb\u0259c\u0259rin v\u0259 A\u011fdam\u0131n t\u0259hvil verilm\u0259si il\u0259 erm\u0259nil\u0259rin Qaraba\u011f\u0131n inzibati \u0259razisin\u0259 daxil etdikl\u0259ri A\u011fd\u0259r\u0259 d\u0259 t\u0259hvil verilmi\u015f say\u0131l\u0131r. Lakin h\u0259l\u0259ki Rusiya s\u00fclhm\u0259raml\u0131lar\u0131n\u0131n yerl\u0259\u015fm\u0259si il\u0259 ba\u011fl\u0131 x\u0259rit\u0259d\u0259 A\u011fd\u0259r\u0259 \u015fimal m\u0259suliyy\u0259t zonas\u0131na daxil edilmi\u015f kimi g\u00f6r\u00fcn\u00fcr. Erm\u0259nil\u0259rin ya\u015famas\u0131 \u00fc\u00e7\u00fcn ayr\u0131lan b\u00f6lg\u0259y\u0259 A\u011fd\u0259r\u0259 d\u0259 daxildir, amma Az\u0259rbaycan\u0131n inzibati \u0259razi b\u00f6lg\u00fcs\u00fcnd\u0259 bel\u0259 bir rayonun olmamas\u0131 \u201cQaraba\u011f\u0131n inzibati \u0259razisi\u201dnin m\u00f6vcud olmamas\u0131n\u0131n ikinci s\u00fcbutudur.<\/p>\n\n\n\n<p>N\u0259tic\u0259: Qaraba\u011fa status verilm\u0259y\u0259c\u0259k: buna z\u0259min yaradacaq masadak\u0131 h\u0259ll variantlar\u0131 v\u0259 inzibati \u0259razi anlay\u0131\u015f\u0131 art\u0131q yoxdur; Az\u0259rbaycan unitar (vahid d\u00f6vl\u0259t \u0259razisinin h\u0259r hans\u0131 siyasi m\u00fcst\u0259qilliy\u0259 malik olmayan inzibati \u0259razi vahidl\u0259rin\u0259 b\u00f6l\u00fcnm\u0259si) d\u00f6vl\u0259tdir;&nbsp;<\/p>\n\n\n\n<p>H\u0259r\u00e7\u0259nd, \u201cQaraba\u011f Az\u0259rbaycan\u0131n ayr\u0131lmaz hiss\u0259sidir\u201d dey\u0259n Putin h\u0259m d\u0259 \u201cQaraba\u011f\u0131n yekun statusu m\u00fc\u0259yy\u0259n edilm\u0259yib\u201d deyir. V\u0259 Araik \u0259lini-qolunu sallayaraq g\u0259zir. Bunu nec\u0259 anlamal\u0131y\u0131q?<\/p>\n\n\n\n<p>Putinin \u201cyekun status\u201d a\u00e7\u0131qlamas\u0131n\u0131, \u201cAraik Xank\u0259ndid\u0259, Xocav\u0259ndd\u0259 nec\u0259 s\u0259rb\u0259st g\u0259z\u0259 bilir\u201d, \u201crus general niy\u0259 qondarma ba\u015f\u00e7\u0131 il\u0259 g\u00f6r\u00fc\u015f\u00fcr\u201d suallar\u0131n\u0131 bir sual alt\u0131nda toplayaq:&nbsp;<\/p>\n\n\n\n<p>Ruslar Qaraba\u011fda n\u0259 edir?<\/p>\n\n\n\n<p>1. Rusiya erm\u0259ni \u0259halisinin ayr\u0131lm\u0131\u015f \u0259raziy\u0259 qay\u0131d\u0131\u015f\u0131n\u0131 Qaraba\u011fdan daha \u00e7ox C\u0259nubi Qafqazda g\u0259l\u0259c\u0259k varl\u0131\u011f\u0131 \u00fc\u00e7\u00fcn d\u0259 vacib hesab edir:<\/p>\n\n\n\n<p>&#8212; T\u00fcrkiy\u0259nin b\u00f6lg\u0259y\u0259 g\u0259li\u015fi il\u0259 Az\u0259rbaycan\u0131n Moskva \u00fc\u00e7\u00fcn \u201cdayaq m\u0259nt\u0259q\u0259si\u201d olmaq perspektivi s\u0131radan \u00e7\u0131xd\u0131;<\/p>\n\n\n\n<p>&#8212; G\u00fcrc\u00fcstan Q\u0259rbin b\u00f6lg\u0259d\u0259ki \u0259sas platformas\u0131d\u0131r;<\/p>\n\n\n\n<p>&#8212; Erm\u0259nistan\u0131n Qafqazdak\u0131 rus qalas\u0131 olmas\u0131na Nikolun hakimiyy\u0259ti d\u00f6vr\u00fcnd\u0259 t\u0259hl\u00fck\u0259 yarand\u0131;<\/p>\n\n\n\n<p>Rusiya Q\u0259rbin G\u00fcrc\u00fcstandan sonra Erm\u0259nistan\u0131 da \u0259l\u0259 alaca\u011f\u0131 perspektivin\u0259 qar\u015f\u0131 C\u0259nubi Qafqaz\u0131 T\u00fcrkiy\u0259 il\u0259 payla\u015fmaq q\u0259rar\u0131na g\u0259ldi, yaxud m\u0259cbur oldu v\u0259 bu z\u0259rur\u0259tin m\u00fcharib\u0259nin ba\u015flanmas\u0131ndan sonrak\u0131 m\u0259rh\u0259l\u0259d\u0259 qa\u00e7\u0131lmaz oldu\u011fu ehtimal\u0131 daha g\u00fccl\u00fcd\u00fcr: \u0259lini Erm\u0259nistan\u0131n \u00fcz\u0259rind\u0259n \u00e7\u0259kdi; m\u00fcharib\u0259nin gedi\u015fin\u0259 m\u00fcdaxil\u0259 etm\u0259di;<\/p>\n\n\n\n<p>B\u00f6lg\u0259d\u0259 Rusiya-Q\u0259rb yox, Rusiya-T\u00fcrkiy\u0259-Q\u0259rb faktoru yarand\u0131 v\u0259 bu, ruslara maraqlar\u0131na yaranm\u0131\u015f t\u0259hl\u00fck\u0259 fonunda daha s\u0259rf\u0259lidir. \u00c7\u00fcnki Ankara Moskva \u00fc\u00e7\u00fcn NATO \u00f6lk\u0259sind\u0259n daha \u00e7ox, regional t\u0259r\u0259fda\u015fd\u0131r, h\u0259m d\u0259 Q\u0259rbd\u0259n g\u0259l\u0259n h\u00fccumlara qar\u015f\u0131 qalxan ola bil\u0259c\u0259k g\u00fccd\u00fcr, 2016-c\u0131 ild\u0259n sonrak\u0131 d\u00f6vrd\u0259 bunu a\u00e7\u0131q \u015f\u0259kild\u0259 g\u00f6rd\u00fck.&nbsp;<\/p>\n\n\n\n<p>Burada Bak\u0131 v\u0259 Ankaran\u0131n G\u00fcrc\u00fcstan \u00fcz\u0259rind\u0259ki t\u0259sir imkanlar\u0131 diqq\u0259t \u00e7\u0259kir:<\/p>\n\n\n\n<p>Birincisi, yeni reall\u0131qda Bak\u0131 v\u0259 Ankara #G\u00fcrc\u00fcstan\u0131 da yan\u0131na almaqla regionda h\u0259lledici g\u00fcc\u0259 \u00e7evril\u0259c\u0259k;<\/p>\n\n\n\n<p>\u0130kincisi, Az\u0259rbaycan v\u0259 T\u00fcrkiy\u0259nin G\u00fcrc\u00fcstan \u00fcz\u0259rind\u0259ki t\u0259siri Rusiyan\u0131n b\u00f6lg\u0259d\u0259 Q\u0259rb t\u0259sirini azaltmaq plan\u0131na da uy\u011fundur;<\/p>\n\n\n\n<p>Bu geosiyasi prosesl\u0259r fonunda Qaraba\u011fda erm\u0259ni \u0259halisini Rusiya \u00fc\u00e7\u00fcn girov da hesab ed\u0259 bil\u0259rik. \u00c7\u00fcnki m\u0259\u011flub olmu\u015f Erm\u0259nistanda anti-Rusiya \u0259hval-ruhiyy\u0259si y\u00fcks\u0259ldi v\u0259 bunun uzun m\u00fcdd\u0259t d\u0259yi\u015fm\u0259si \u00e7\u0259tin olacaq. Bu v\u0259ziyy\u0259td\u0259 \u0130r\u0259van\u0131n Q\u0259rb\u0259 do\u011fru siyasi oriyentariyas\u0131n\u0131n s\u00fcr\u0259tl\u0259 d\u0259yi\u015fm\u0259si t\u0259hl\u00fck\u0259si var. Ruslar erm\u0259ni \u0259halisini Erm\u0259nistan\u0131n m\u0259rk\u0259zd\u0259nqa\u00e7ma siyas\u0259tin\u0259 qar\u015f\u0131 istifad\u0259 ed\u0259c\u0259k. Bu m\u0259qs\u0259dl\u0259 Putin:<\/p>\n\n\n\n<p>&#8212; bir t\u0259r\u0259fd\u0259n a\u00e7\u0131qlamalar\u0131nda \u201c\u0259limizd\u0259n g\u0259l\u0259ni etdik, amma Pa\u015finyan m\u00fcharib\u0259y\u0259 davam etdi\u201d r\u0259yini yaratmaqla erm\u0259ni \u0259halisin\u0259 g\u00fcnahkar\u0131n Rusiya olmad\u0131\u011f\u0131n\u0131 g\u00f6st\u0259rir;&nbsp;<\/p>\n\n\n\n<p>&#8212; dig\u0259r t\u0259r\u0259fd\u0259n, erm\u0259ni \u0259halisinin Qaraba\u011fa qay\u0131d\u0131\u015f\u0131 \u00fc\u00e7\u00fcn \u0259lind\u0259n g\u0259l\u0259ni edir;<\/p>\n\n\n\n<p>N\u0259tic\u0259: Qaraba\u011fdak\u0131 erm\u0259ni \u0259halisi Rusiyan\u0131n s\u00fclhm\u0259raml\u0131 missiyas\u0131 il\u0259 b\u00f6lg\u0259d\u0259 olmas\u0131 v\u0259 Erm\u0259nistanda z\u0259ifl\u0259y\u0259n t\u0259sir g\u00fcc\u00fcn\u00fc yenid\u0259n b\u0259rpas\u0131 \u00fc\u00e7\u00fcn laz\u0131md\u0131r:&nbsp;<\/p>\n\n\n\n<p>1. Putin \u201cyekun status m\u00fc\u0259yy\u0259n olunmay\u0131b\u201d dem\u0259kl\u0259 erm\u0259nil\u0259r\u0259 \u00fcmid verir;<\/p>\n\n\n\n<p>2. Araiki \u201cadam yerin\u0259\u201d qoymaqla erm\u0259nil\u0259rd\u0259 qay\u0131tmalar\u0131 \u00fc\u00e7\u00fcn inam yarad\u0131r;<\/p>\n\n\n\n<p>Araik \u00f6z\u00fc istifad\u0259 m\u00fcdd\u0259ti ba\u015fa \u00e7atanda at\u0131lacaq m\u0259hsul kimidir v\u0259 tezlikl\u0259 onun Qaraba\u011fda he\u00e7 bir \u201crolu\u201d qalmayacaq: ya Erm\u0259nistana qa\u00e7acaq, ya da Az\u0259rbaycana t\u0259hvil veril\u0259c\u0259k;<\/p>\n\n\n\n<p>Bak\u0131n\u0131n ba\u015f ver\u0259nl\u0259r\u0259 s\u0259ssiz qalmas\u0131n\u0131n s\u0259b\u0259bsiz olmad\u0131\u011f\u0131n\u0131 unutmayaq.&nbsp;<\/p>\n\n\n\n<p>V\u0259 sual yaran\u0131r: Az\u0259rbaycan erm\u0259nil\u0259rin Qaraba\u011fa qay\u0131d\u0131\u015f\u0131na niy\u0259 icaz\u0259 verir?<\/p>\n\n\n\n<p>1. Qaraba\u011fdak\u0131 erm\u0259nil\u0259r bizim v\u0259t\u0259nda\u015f\u0131m\u0131zd\u0131r v\u0259 Az\u0259rbaycan \u0259vv\u0259ld\u0259n bunu a\u00e7\u0131q \u015f\u0259kild\u0259 b\u0259yan edib;<\/p>\n\n\n\n<p>2. Bak\u0131 erm\u0259ni v\u0259t\u0259nda\u015flar\u0131n\u0131 q\u0259bul etm\u0259kl\u0259 g\u0259l\u0259c\u0259kd\u0259 ciddi t\u0259hl\u00fck\u0259y\u0259 \u00e7evril\u0259 bil\u0259c\u0259k \u201cetnik t\u0259mizl\u0259m\u0259\u201d iddialar\u0131 s\u0131radan \u00e7\u0131xar\u0131r;<\/p>\n\n\n\n<p>Yaxud Rusiyan\u0131n mara\u011f\u0131nda olan prosesl\u0259r\u0259 v\u0259 c\u0259miyy\u0259td\u0259 suallar yaradan add\u0131mlar\u0131na niy\u0259 s\u0259ssiz qal\u0131r?<\/p>\n\n\n\n<p>1. Az\u0259rbaycan m\u00fcnaqi\u015f\u0259nin h\u0259ll edilm\u0259si, \u0259razi b\u00fct\u00f6vl\u00fcy\u00fcn\u00fcn b\u0259rpas\u0131 qar\u015f\u0131l\u0131\u011f\u0131nda Rusiyan\u0131n b\u00f6lg\u0259d\u0259, x\u00fcsusil\u0259 Erm\u0259nistan \u00fcz\u0259rind\u0259ki maraqlar\u0131na qar\u015f\u0131 \u00e7\u0131xm\u0131r;<\/p>\n\n\n\n<p>2. T\u00fcrkiy\u0259ni b\u00f6lg\u0259y\u0259 g\u0259tirm\u0259kl\u0259, rus t\u0259hl\u00fck\u0259sin\u0259 qar\u015f\u0131 qarant \u0259ld\u0259 edir;<\/p>\n\n\n\n<p>3. Bundan sonra C\u0259nubi Qafqaz T\u00fcrkiy\u0259 v\u0259 Rusiyan\u0131n \u0259sas, Az\u0259rbaycan\u0131n h\u0259lledici g\u00fcc\u0259 \u00e7evrildiyi b\u00f6lg\u0259 olacaq;<\/p>\n\n\n\n<p>4. B\u00f6lg\u0259d\u0259ki g\u00fcc balans\u0131 Q\u0259rbin Az\u0259rbaycana qar\u015f\u0131 mara\u011f\u0131n\u0131 ikiqat art\u0131racaq;<\/p>\n\n\n\n<p>5. D\u00fcnyada \u201cy\u00fcks\u0259l\u0259n g\u00fcc\u201d kimi q\u0259bul edil\u0259n \u00c7in \u00fc\u00e7\u00fcn d\u0259 art\u0131q b\u00f6lg\u0259d\u0259 Az\u0259rbaycan\u0131n alternativi olmayacaq, x\u00fcsusil\u0259 Avrasiyan\u0131n \u00f6n\u00fcm\u00fczd\u0259ki 50 illik siyasi-iqtisadi bazas\u0131n\u0131 t\u0259\u015fkil ed\u0259c\u0259k \u201cbir k\u0259m\u0259r bir yol\u201d layih\u0259sind\u0259: Nax\u00e7\u0131van d\u0259hlizi h\u0259m d\u0259 Az\u0259rbaycan\u0131n bu layih\u0259d\u0259 \u0259sas istiqam\u0259tl\u0259rd\u0259n biri olmas\u0131 perspektivini g\u00fccl\u0259ndirir;<\/p>\n\n\n\n<p>B\u00f6y\u00fck tablo, yaxud tamamlanm\u0131\u015f pazl Az\u0259rbaycan\u0131n 44 g\u00fcnl\u00fck m\u00fcnaqi\u015f\u0259 il\u0259 geosiyasi tarazl\u0131\u011f\u0131 xeyrin\u0259 d\u0259yi\u015fdirdiyini g\u00f6st\u0259rir. Lakin yen\u0259 d\u0259 pazl\u0131n narahatl\u0131q yaradan hiss\u0259l\u0259ri var: suallar, suallar&#8230;<\/p>\n\n\n\n<p>a) Erm\u0259nil\u0259r hans\u0131 pasportu da\u015f\u0131yacaq?<\/p>\n\n\n\n<p>b) Erm\u0259nil\u0259rin ya\u015fayaca\u011f\u0131 \u00fc\u00e7 rayon Az\u0259rbaycan\u0131n t\u0259rkibind\u0259 olacaqm\u0131?<\/p>\n\n\n\n<p>c) Qaraba\u011fa n\u0259 q\u0259d\u0259r erm\u0259ni qay\u0131dacaq?<\/p>\n\n\n\n<p>Qaraba\u011fa he\u00e7 bir status verilmirs\u0259 (verilm\u0259y\u0259c\u0259k), erm\u0259nil\u0259r Az\u0259rbaycan pasportu da\u015f\u0131yacaq v\u0259 onlar\u0131n ya\u015fad\u0131\u011f\u0131 \u00fc\u00e7 rayonda Az\u0259rbaycan\u0131n dig\u0259r rayonlar\u0131ndak\u0131 kimi idar\u0259\u00e7ilik olacaq. H\u0259r\u00e7\u0259nd, birg\u0259ya\u015fay\u0131\u015f\u0131 t\u0259min etm\u0259k \u00fc\u00e7\u00fcn bir q\u0259d\u0259r zamana ehtiyac olacaq.<\/p>\n\n\n\n<p>Qaraba\u011fa qay\u0131dacaq erm\u0259nil\u0259rin say\u0131na t\u0259sir ed\u0259c\u0259k bir ne\u00e7\u0259 amil var:<\/p>\n\n\n\n<p>&#8212; B\u00f6lg\u0259y\u0259 qay\u0131dan erm\u0259nil\u0259r aras\u0131nda \u0259sas\u0259n ya\u015fl\u0131lar v\u0259 Erm\u0259nistanda qalma\u011fa yer tapmayanlar t\u0259\u015fkil edir v\u0259 bu, ged\u0259nl\u0259rin az bir qismidir;<\/p>\n\n\n\n<p>&#8212; Qay\u0131danlar\u0131n Az\u0259rbaycan v\u0259t\u0259nda\u015fl\u0131\u011f\u0131n\u0131 da\u015f\u0131mas\u0131 \u015f\u0259rti qay\u0131tma prosesind\u0259 saya ciddi t\u0259sir ed\u0259c\u0259k: \u00e7oxluq bunu q\u0259bul etm\u0259diyi \u00fc\u00e7\u00fcn imtina ed\u0259c\u0259k;<\/p>\n\n\n\n<p>&#8212; Qay\u0131danlar h\u0259l\u0259ki rus s\u00fclhm\u0259raml\u0131lar\u0131n\u0131n z\u0259man\u0259ti alt\u0131ndad\u0131r, sonrak\u0131 d\u00f6vrd\u0259 v\u0259t\u0259nda\u015fl\u0131q m\u0259s\u0259l\u0259si ortaya \u00e7\u0131xanda bir \u00e7oxu yenid\u0259n \u00e7\u0131x\u0131b ged\u0259c\u0259k;<\/p>\n\n\n\n<p>&#8212; Qaraba\u011fda i\u015f\u011fal d\u00f6vr\u00fcnd\u0259 Erm\u0259nistan\u0131n demoqrafik siyas\u0259tin\u0259 uy\u011fun olaraq, b\u00f6lg\u0259y\u0259 k\u00f6\u00e7\u00fcr\u00fclm\u00fc\u015f erm\u0259nil\u0259r ya\u015famayacaq: Qaraba\u011f\u0131n erm\u0259ni \u0259halisi il\u0259 ba\u011fl\u0131 m\u0259lumatlar Az\u0259rbaycan d\u00f6vl\u0259tind\u0259 var v\u0259 d\u00f6vl\u0259t bunu zamanla t\u0259nziml\u0259y\u0259c\u0259k;<\/p>\n\n\n\n<p>Yekun n\u0259tic\u0259: Az\u0259rbaycan 30 il g\u00f6zl\u0259yib, 30 il sonra kim\u0259s\u0259 torpaq verm\u0259k \u00fc\u00e7\u00fcn m\u00fcharib\u0259y\u0259 ba\u015flamad\u0131: niyy\u0259t bu olsayd\u0131, m\u00fcharib\u0259 \u00fc\u00e7\u00fcn 30 il g\u00f6zl\u0259m\u0259z, dan\u0131\u015f\u0131qlar masas\u0131nda Qaraba\u011fa status verm\u0259kl\u0259 m\u00fcnaqi\u015f\u0259ni h\u0259ll ed\u0259rdi.&nbsp;<\/p>\n\n\n\n<p><strong>Asif Nerimanl\u0131<\/strong>, (Azsabah.com)<\/p>\n","protected":false},"excerpt":{"rendered":"<p>\u201cQaraba\u011f Az\u0259rbaycan\u0131n ayr\u0131lmaz hiss\u0259sidir\u201d dedi Putin v\u0259 Makron eyni s\u00f6zl\u0259ri t\u0259krarlad\u0131&#8230;. B\u00f6lg\u0259d\u0259 \u015f\u0259rtl\u0259r d\u0259yi\u015fdi art\u0131q v\u0259 Bak\u0131 44 g\u00fcnl\u00fck m\u00fcharib\u0259 il\u0259 yeni reall\u0131q yaratd\u0131:<\/p>\n","protected":false},"author":2,"featured_media":21616,"comment_status":"closed","ping_status":"closed","sticky":false,"template":"","format":"standard","meta":{"footnotes":""},"categories":[3],"tags":[],"class_list":["post-21615","post","type-post","status-publish","format-standard","has-post-thumbnail","hentry","category-gundm"],"aioseo_notices":[],"_links":{"self":[{"href":"https:\/\/fedai.az\/index.php?rest_route=\/wp\/v2\/posts\/21615","targetHints":{"allow":["GET"]}}],"collection":[{"href":"https:\/\/fedai.az\/index.php?rest_route=\/wp\/v2\/posts"}],"about":[{"href":"https:\/\/fedai.az\/index.php?rest_route=\/wp\/v2\/types\/post"}],"author":[{"embeddable":true,"href":"https:\/\/fedai.az\/index.php?rest_route=\/wp\/v2\/users\/2"}],"replies":[{"embeddable":true,"href":"https:\/\/fedai.az\/index.php?rest_route=%2Fwp%2Fv2%2Fcomments&post=21615"}],"version-history":[{"count":1,"href":"https:\/\/fedai.az\/index.php?rest_route=\/wp\/v2\/posts\/21615\/revisions"}],"predecessor-version":[{"id":21617,"href":"https:\/\/fedai.az\/index.php?rest_route=\/wp\/v2\/posts\/21615\/revisions\/21617"}],"wp:featuredmedia":[{"embeddable":true,"href":"https:\/\/fedai.az\/index.php?rest_route=\/wp\/v2\/media\/21616"}],"wp:attachment":[{"href":"https:\/\/fedai.az\/index.php?rest_route=%2Fwp%2Fv2%2Fmedia&parent=21615"}],"wp:term":[{"taxonomy":"category","embeddable":true,"href":"https:\/\/fedai.az\/index.php?rest_route=%2Fwp%2Fv2%2Fcategories&post=21615"},{"taxonomy":"post_tag","embeddable":true,"href":"https:\/\/fedai.az\/index.php?rest_route=%2Fwp%2Fv2%2Ftags&post=21615"}],"curies":[{"name":"wp","href":"https:\/\/api.w.org\/{rel}","templated":true}]}}