{"id":21623,"date":"2020-11-26T02:25:46","date_gmt":"2020-11-25T22:25:46","guid":{"rendered":"https:\/\/fedai.az\/?p=21623"},"modified":"2020-11-26T02:26:20","modified_gmt":"2020-11-25T22:26:20","slug":"%c9%99rdoganin-milli-t%c9%99hluk%c9%99sizlik-surasinin-iclasinda-qarabag-muzakir%c9%99si","status":"publish","type":"post","link":"https:\/\/fedai.az\/?p=21623","title":{"rendered":"\u018frdo\u011fan\u0131n Milli T\u0259hl\u00fck\u0259sizlik \u015euras\u0131n\u0131n iclas\u0131nda QARABA\u011e M\u00dcZAK\u0130R\u018fS\u0130"},"content":{"rendered":"\n<p><strong>Bu g\u00fcn T\u00fcrkiy\u0259 Milli T\u0259hl\u00fck\u0259sizlik \u015euras\u0131n\u0131n iclas\u0131 ke\u00e7irilib.<\/strong><\/p>\n\n\n\n<p> 5 saata yax\u0131n davam ed\u0259n toplant\u0131da bir s\u0131ra m\u0259s\u0259l\u0259l\u0259r m\u00fczakir\u0259 olunub.<\/p>\n\n\n\n<p>\u0130clasla ba\u011fl\u0131 m\u0259tbuata a\u00e7\u0131qlamada qeyd olunub ki, toplant\u0131da Da\u011fl\u0131q Qaraba\u011fdak\u0131 m\u00f6vcud v\u0259ziyy\u0259t d\u0259 m\u00fczakir\u0259 olunub:<\/p>\n\n\n\n<p>&#171;At\u0259\u015fk\u0259s raz\u0131la\u015fmas\u0131n\u0131n h\u0259yata ke\u00e7irilm\u0259si, Az\u0259rbaycan\u0131n \u0259razi b\u00fct\u00f6vl\u00fcy\u00fcn\u00fcn tamamil\u0259 b\u0259rpas\u0131, C\u0259nubi Qafqazda geopolitik v\u0259ziyy\u0259t, daimi s\u00fclh\u0259 nail olunmas\u0131 m\u0259s\u0259l\u0259l\u0259rind\u0259 T\u00fcrkiy\u0259nin rolu bar\u0259d\u0259 geni\u015f m\u00fczakir\u0259l\u0259r apar\u0131l\u0131b&#187;.<\/p>\n","protected":false},"excerpt":{"rendered":"<p>Bu g\u00fcn T\u00fcrkiy\u0259 Milli T\u0259hl\u00fck\u0259sizlik \u015euras\u0131n\u0131n iclas\u0131 ke\u00e7irilib. 5 saata yax\u0131n davam ed\u0259n toplant\u0131da bir s\u0131ra m\u0259s\u0259l\u0259l\u0259r m\u00fczakir\u0259 olunub. \u0130clasla ba\u011fl\u0131 m\u0259tbuata a\u00e7\u0131qlamada qeyd<\/p>\n","protected":false},"author":2,"featured_media":21624,"comment_status":"closed","ping_status":"closed","sticky":false,"template":"","format":"standard","meta":{"footnotes":""},"categories":[4],"tags":[],"class_list":["post-21623","post","type-post","status-publish","format-standard","has-post-thumbnail","hentry","category-qarabag"],"aioseo_notices":[],"_links":{"self":[{"href":"https:\/\/fedai.az\/index.php?rest_route=\/wp\/v2\/posts\/21623","targetHints":{"allow":["GET"]}}],"collection":[{"href":"https:\/\/fedai.az\/index.php?rest_route=\/wp\/v2\/posts"}],"about":[{"href":"https:\/\/fedai.az\/index.php?rest_route=\/wp\/v2\/types\/post"}],"author":[{"embeddable":true,"href":"https:\/\/fedai.az\/index.php?rest_route=\/wp\/v2\/users\/2"}],"replies":[{"embeddable":true,"href":"https:\/\/fedai.az\/index.php?rest_route=%2Fwp%2Fv2%2Fcomments&post=21623"}],"version-history":[{"count":1,"href":"https:\/\/fedai.az\/index.php?rest_route=\/wp\/v2\/posts\/21623\/revisions"}],"predecessor-version":[{"id":21625,"href":"https:\/\/fedai.az\/index.php?rest_route=\/wp\/v2\/posts\/21623\/revisions\/21625"}],"wp:featuredmedia":[{"embeddable":true,"href":"https:\/\/fedai.az\/index.php?rest_route=\/wp\/v2\/media\/21624"}],"wp:attachment":[{"href":"https:\/\/fedai.az\/index.php?rest_route=%2Fwp%2Fv2%2Fmedia&parent=21623"}],"wp:term":[{"taxonomy":"category","embeddable":true,"href":"https:\/\/fedai.az\/index.php?rest_route=%2Fwp%2Fv2%2Fcategories&post=21623"},{"taxonomy":"post_tag","embeddable":true,"href":"https:\/\/fedai.az\/index.php?rest_route=%2Fwp%2Fv2%2Ftags&post=21623"}],"curies":[{"name":"wp","href":"https:\/\/api.w.org\/{rel}","templated":true}]}}