{"id":21630,"date":"2020-11-26T03:09:03","date_gmt":"2020-11-25T23:09:03","guid":{"rendered":"https:\/\/fedai.az\/?p=21630"},"modified":"2020-11-28T17:07:51","modified_gmt":"2020-11-28T13:07:51","slug":"saxta-carin-qafqazda-saxta-dovl%c9%99t-qurmaqligi","status":"publish","type":"post","link":"https:\/\/fedai.az\/?p=21630","title":{"rendered":"V.V. Putin\u0259 m\u0259ktub: Saxta \u00e7ar\u0131n Qafqazda saxta d\u00f6vl\u0259t qurmaql\u0131\u011f\u0131"},"content":{"rendered":"\n<div class=\"wp-block-media-text alignwide is-stacked-on-mobile\" style=\"grid-template-columns:24% auto\"><figure class=\"wp-block-media-text__media\"><img loading=\"lazy\" decoding=\"async\" width=\"768\" height=\"752\" src=\"https:\/\/fedai.az\/wp-content\/uploads\/2020\/11\/bbb-768x752-2.jpeg\" alt=\"\" class=\"wp-image-21636\" srcset=\"https:\/\/fedai.az\/wp-content\/uploads\/2020\/11\/bbb-768x752-2.jpeg 768w, https:\/\/fedai.az\/wp-content\/uploads\/2020\/11\/bbb-768x752-2-300x294.jpeg 300w, https:\/\/fedai.az\/wp-content\/uploads\/2020\/11\/bbb-768x752-2-150x147.jpeg 150w\" sizes=\"auto, (max-width: 768px) 100vw, 768px\" \/><\/figure><div class=\"wp-block-media-text__content\">\n<p class=\"has-large-font-size\"><strong>Abbas H\u00fcseynli<\/strong><\/p>\n\n\n\n<p><strong><em>AVMV\u0130B s\u0259drinin sosial v\u0259 h\u00fcquqi m\u0259s\u0259l\u0259l\u0259r \u00fczr\u0259 m\u00fcavini<\/em><\/strong>, <strong><em>Polis M\u00fcharib\u0259 Veteranlar\u0131 \u015f\u00f6b\u0259sinin s\u0259dri<\/em><\/strong><\/p>\n<\/div><\/div>\n\n\n\n<p><strong>Rusiya Federasiyas\u0131n\u0131n Prezidenti c\u0259nab Vladimir Vladimirovi\u00e7 Putin\u0259 yazm\u0131\u015f oldu\u011fum m\u0259ktub, oxucular\u0131m t\u0259r\u0259find\u0259n h\u0259v\u0259sl\u0259 qar\u015f\u0131land\u0131\u011f\u0131 \u00fc\u00e7\u00fcn, ikinci m\u0259ktubu yazmal\u0131 oldum. Rusiya d\u00f6vl\u0259ti, Rusiya xalq\u0131 v\u0259 onun yaranmas\u0131, inki\u015faf\u0131, indiki v\u0259ziyy\u0259t\u0259 \u00e7atmas\u0131 il\u0259 ba\u011fl\u0131 \u00e7oxsayl\u0131 tarix\u00e7i aliml\u0259r, elm adamlar\u0131, siys\u0259t\u00e7il\u0259r \u00e7oxlu yaz\u0131lar yazm\u0131\u015flar. Yaz\u0131lan yaz\u0131lar\u0131n dem\u0259k olar ki, 90 faizi Rusiya tarixin\u0259 aid olmayan yaz\u0131lard\u0131r. Ona g\u00f6r\u0259 ki, \u0259sil rus xalq\u0131n\u0131n tarixin yazanlar, he\u00e7 d\u0259 rus xalq\u0131n\u0131n \u00f6z insanlar\u0131 deyildirl\u0259r. \u018fvv\u0259lc\u0259 bu tarixi almanlar yazm\u0131\u015f, sonradan is\u0259 y\u0259hudi v\u0259 erm\u0259nil\u0259r bu sah\u0259d\u0259 xaruq\u0259l\u0259r yaratm\u0131\u015fd\u0131rlar.Ham\u0131s\u0131n\u0131n da bir m\u0259qs\u0259di olmu\u015fdur ki, rus tarixini saxtala\u015fd\u0131rs\u0131nlar. \u018fsil h\u0259qiq\u0259ti rus xalq\u0131ndan gizl\u0259tsinl\u0259r.<\/strong><\/p>\n\n\n\n<p>H\u0259qiq\u0259ti dem\u0259sinl\u0259r ki, ruslarla t\u00fcrkl\u0259r eyni atan\u0131n, eyni anan\u0131n \u00f6vladlar\u0131d\u0131rlar. H\u0259tta, bu c\u0131zma-qara tarix\u00e7il\u0259rin, akademikl\u0259rin yazm\u0131\u015f oldu\u011fu tarix d\u0259rslikl\u0259rin\u0259, m\u0259qal\u0259 v\u0259 kitablar\u0131ndan m\u0259nb\u0259 kimi istifad\u0259 ed\u0259n ba\u015fqa xalqlar\u0131n, mill\u0259tl\u0259rin tarix\u00e7il\u0259ri d\u0259 s\u0259hv add\u0131m atmaqdad\u0131rlar. Oljas S\u00fcleymanov Rus \u015fifahi \u0259d\u0259biyyat\u0131n\u0131n incisi say\u0131lan \u00ab\u0130qor Polku haqq\u0131nda\u00bb dastan\u0131 \u00f6yr\u0259ndikd\u0259n sonra bildirmi\u015fdir ki, bu dastan t\u00fcrk\u0259 aid dastand\u0131r. Dastanda olan q\u0259hr\u0259manlar\u0131 da t\u00fcrk q\u0259hr\u0259manlar\u0131 olaraq g\u00f6st\u0259rmi\u015fdir. O. S\u00fcleymanov d\u00fczg\u00fcn q\u0259rar q\u0259bul etmi\u015fdir. Lakin o, bir \u015feyi dem\u0259mi\u015fdir ki, \u00ab\u0130qor Polku haqq\u0131nda\u00bb olan dastan h\u0259m ruslar\u0131n, h\u0259m d\u0259 t\u00fcrkl\u0259rin \u00fcmumi dastan\u0131d\u0131r. 1950-ci ild\u0259 Erm\u0259nistanda Elml\u0259r Akademiyas\u0131n\u0131n a\u00e7\u0131l\u0131\u015f\u0131 zaman\u0131, h\u0259min iclasda i\u015ftirak ed\u0259n erm\u0259ni akademikl\u0259r \u00abKoro\u011flu\u00bb dastan\u0131n\u0131n onlar\u0131n dastan\u0131 oldu\u011funu bildirmi\u015f v\u0259 geni\u015f \u00e7\u0131x\u0131\u015f etmi\u015fdirl\u0259r. Orada olan T\u00fcrkm\u0259nistan v\u0259 Qaza\u011f\u0131stan akademikl\u0259ri d\u0259 \u00abKoro\u011flu\u00bb dastan\u0131n\u0131n onlar\u0131n q\u0259hr\u0259manl\u0131q dastan\u0131 olmas\u0131n\u0131 g\u00f6st\u0259rmi\u015fl\u0259r. Orada i\u015ftirak ed\u0259n Az\u0259rbaycan\u0131n xalq \u015fairi S\u0259m\u0259d Vur\u011fun \u00e7\u0131x\u0131\u015f edib, erm\u0259nil\u0259r\u0259 bildirmi\u015fdir: \u00ab\u0259g\u0259r, \u00abKoro\u011flu\u00bb erm\u0259ni q\u0259hr\u0259manl\u0131q dastan\u0131d\u0131rsa, onda &#171;kor d\u0131\u011fa&#187; olmal\u0131 idi, niy\u0259 \u00abKoro\u011flu\u00bb adlan\u0131r\u00bb. H\u0259min iclasda i\u015ftirak ed\u0259n Rusiya d\u00f6vl\u0259tind\u0259n g\u0259l\u0259n Smirnov adl\u0131 akademik \u00e7\u0131x\u0131\u015f ed\u0259r\u0259k g\u00f6st\u0259rmi\u015fdir ki, \u00abKoro\u011flu\u00bb b\u00fct\u00fcn m\u00fctt\u0259fiq respublikalar\u0131n dastan\u0131d\u0131r.<\/p>\n\n\n\n<figure class=\"wp-block-image size-large is-resized\"><img loading=\"lazy\" decoding=\"async\" src=\"https:\/\/fedai.az\/wp-content\/uploads\/2020\/11\/106074193_3123290804401302_7145121684881399416_n.jpg\" alt=\"\" class=\"wp-image-21635\" width=\"988\" height=\"988\" srcset=\"https:\/\/fedai.az\/wp-content\/uploads\/2020\/11\/106074193_3123290804401302_7145121684881399416_n.jpg 680w, https:\/\/fedai.az\/wp-content\/uploads\/2020\/11\/106074193_3123290804401302_7145121684881399416_n-300x300.jpg 300w, https:\/\/fedai.az\/wp-content\/uploads\/2020\/11\/106074193_3123290804401302_7145121684881399416_n-150x150.jpg 150w, https:\/\/fedai.az\/wp-content\/uploads\/2020\/11\/106074193_3123290804401302_7145121684881399416_n-215x215.jpg 215w\" sizes=\"auto, (max-width: 988px) 100vw, 988px\" \/><\/figure>\n\n\n\n<p>Tarix\u00e7il\u0259r Rus xalq\u0131n\u0131n monqol-tatar y\u00fcr\u00fc\u015fl\u0259rind\u0259n monqol-tatarlar\u0131n 300 il ruslar\u0131 \u0259sar\u0259t alt\u0131nda saxlamas\u0131ndan yaz\u0131rlar. G\u00f6r\u0259s\u0259n, monqol-tatarlar hans\u0131 ruslar\u0131 v\u0259 nec\u0259 \u0259sar\u0259t alt\u0131nda saxlam\u0131\u015fd\u0131lar. Bunlar ham\u0131s\u0131 yaland\u0131r. H\u0259tta, bax\u0131n, 1380-c\u0131 id\u0259 monqol-tatarlarla ruslar aras\u0131nda ged\u0259n m\u00fcharib\u0259d\u0259n, d\u00f6y\u00fc\u015fd\u0259n b\u0259hs edilir. Lakin bu d\u00f6y\u00fc\u015f\u00fcn \u0259sil mahiyy\u0259ti a\u00e7\u0131lm\u0131r. Bir deyilmir ki, monqol-tatarlar\u0131n ba\u015f\u0131nda kim dayanm\u0131\u015fd\u0131, ruslar\u0131n ba\u015f\u0131nda kim? M\u0259n siz\u0259 dem\u0259k ist\u0259yir\u0259m ki, monqol-tatarlar\u0131n ba\u015f\u0131nda da t\u00fcrk, ruslar\u0131n ba\u015f\u0131nda da t\u00fcrk, birind\u0259 Mamay xan, dig\u0259rind\u0259 is\u0259 Toxtam\u0131\u015f xan idi. Bu m\u00fcharib\u0259 iki t\u00fcrk tayfas\u0131 aras\u0131nda ba\u015f vermi\u015fdir. Rusiyan\u0131n indiki \u0259razisi tatarlar \u0259razisi adlanm\u0131\u015fd\u0131r. Bu bar\u0259d\u0259 x\u0259rit\u0259l\u0259r d\u0259 vard\u0131r. (Bax\u0131n). <\/p>\n\n\n\n<p>Bu x\u0259rit\u0259l\u0259d\u0259n birisi Hollandiya x\u0259rit\u0259\u015funas\u0131 17-ci \u0259srd\u0259 Billema Blay \u00e7\u0259kmi\u015fdir. Orada tatarlar \u0259razisi, s\u0259hv olaraq Tartariya kimi g\u00f6st\u0259rilmi\u015fdir. H\u0259min x\u0259rit\u0259ni Putin m\u00fc\u0259llim\u0259 Tatar\u0131stan\u0131n ke\u00e7mi\u015f prezidenti, t\u00fcrk o\u011flu Mintemeram \u015eaymiyev g\u00f6st\u0259rir. H\u0259min vaxtlar\u0131, y\u0259ni 1700-c\u00fc il\u0259 q\u0259d\u0259r indiki Rusiya \u0259razisi Tatarlar \u0259razisi kimi adlanm\u0131\u015f v\u0259 d\u00fcnya t\u00fcrkl\u0259ri t\u0259r\u0259find\u0259n idar\u0259 edilirdi. Bu \u0259razi Kiyev \u015f\u0259h\u0259rind\u0259n ba\u015flanm\u0131\u015f, ta Kam\u00e7atkaya q\u0259d\u0259r b\u00f6y\u00fck bir \u0259razi olmu\u015fdur. Kam\u00e7atka, g\u0259ldim-\u00e7atd\u0131m dem\u0259kdir, y\u0259ni \u0259razinin qurtaraca\u011f\u0131na \u00e7atm\u0131\u015fam dem\u0259kdir. T\u00fcrkl\u0259r d\u00fcnyan\u0131 idar\u0259 ed\u0259nd\u0259 d\u00fcnyada haqq-\u0259dal\u0259t h\u00f6km s\u00fcr\u00fcrd\u00fc. D\u00fcnyada bu \u0259dal\u0259ti m\u0259hv etm\u0259k \u00fc\u00e7\u00fcn avropa \u00f6lk\u0259l\u0259ri, 17-ci \u0259sird\u0259 t\u00fcrk\u0259 qar\u015f\u0131 m\u00fcbariz\u0259 aparmaq \u00fc\u00e7\u00fcn yollar axtar\u0131rd\u0131. Ona g\u00f6r\u0259 ki, t\u00fcrkl\u0259r onlar\u0131n v\u0259h\u015fi, xristian t\u0259ss\u00fcbke\u015fliyin\u0259 qar\u015f\u0131 \u00e7\u0131x\u0131r, d\u00fcnyada tolerantl\u0131q prinsipi apar\u0131rd\u0131lar.H\u0259tta, avropa \u00f6lk\u0259l\u0259ri h\u0259min vaxt\u0131 T\u00fcrkl\u0259r\u0259 qar\u015f\u0131 pakt bel\u0259 haz\u0131rlam\u0131\u015fd\u0131rlar.Sizin h\u00f6rm\u0259tl\u0259 qeyd etdiyiniz v\u0259 Rusiya d\u00f6vl\u0259tinin tarixini, xarici v\u0259 daxili siyas\u0259tini d\u0259yi\u015f\u0259n 1 Pyotr bu pakta qo\u015fulmu\u015fdur. O, Pyotr ki, \u00f6mr\u00fc boyu t\u00fcrk\u0259 qar\u015f\u0131 d\u00fc\u015fm\u0259n\u00e7ilik etmi\u015f v\u0259 bu bar\u0259d\u0259 v\u0259siyy\u0259t bel\u0259 rus xalq\u0131na yazd\u0131r\u0131b qoymu\u015fdur. Siz \u00f6z\u00fcn\u00fcz erm\u0259nil\u0259rl\u0259 g\u00f6r\u00fc\u015f zaman\u0131 demisiniz ki, erm\u0259nil\u0259r\u0259 h\u0259r c\u00fcr \u015f\u0259rait yarad\u0131lmal\u0131d\u0131r, bu 1-ci Pyotrun v\u0259siyy\u0259tidir v\u0259 biz bunu h\u0259yata ke\u00e7iririk. (<strong>Bax\u0131n x\u0259rit\u0259) <\/strong><\/p>\n\n\n\n<figure class=\"wp-block-image size-large is-resized\"><img loading=\"lazy\" decoding=\"async\" src=\"https:\/\/fedai.az\/wp-content\/uploads\/2020\/11\/\u0437\u0430\u0433\u0440\u0443\u0436\u0435\u043d\u043e-2-6.jpg\" alt=\"\" class=\"wp-image-21631\" width=\"1024\" height=\"596\" srcset=\"https:\/\/fedai.az\/wp-content\/uploads\/2020\/11\/\u0437\u0430\u0433\u0440\u0443\u0436\u0435\u043d\u043e-2-6.jpg 294w, https:\/\/fedai.az\/wp-content\/uploads\/2020\/11\/\u0437\u0430\u0433\u0440\u0443\u0436\u0435\u043d\u043e-2-6-150x87.jpg 150w\" sizes=\"auto, (max-width: 1024px) 100vw, 1024px\" \/><\/figure>\n\n\n\n<p>Yad\u0131ma g\u0259lir ki, h\u0259l\u0259 2002-ci ild\u0259 Bak\u0131 \u015f\u0259h\u0259ri, Nizami RP\u0130-nin 23-c\u00fc PB-d\u0259 ba\u015f \u0259m\u0259liyyyat m\u00fcv\u0259kkili i\u015fl\u0259diyim vaxt, axtar\u015fla \u0259laq\u0259dar Moskva \u015f\u0259h\u0259rin\u0259 ezamiyy\u0259t\u0259 getmi\u015fim. M\u0259niml\u0259 birlikd\u0259 h\u0259min vaxt\u0131 ba\u015f \u0259m\u0259liyyat m\u00fcv\u0259kkili, polis kapitan\u0131 M\u0259mi\u015fov Az\u0259r d\u0259 getmi\u015fdi. Biz orada, Moskva \u015f\u0259h\u0259rin\u0259 Kriminal polisinin r\u0259isinin ota\u011f\u0131na ged\u0259nd\u0259, orada I Pyotrun v\u0259siyy\u0259ti yaz\u0131lm\u0131\u015f yaz\u0131n\u0131 g\u00f6rd\u00fcm. Bir ba\u015fa r\u0259is\u0259 dedim ki, I Pyotr rus v\u0259 t\u00fcrk xalqlar\u0131n\u0131n d\u00fc\u015fm\u0259nidir. Orada yaz\u0131lanlar yaland\u0131r, h\u0259tta I Pyotr v\u0259siyy\u0259tind\u0259 \u0130stanbulun -\u00abKonistantinopolun\u00bb i\u015f\u011fal\u0131ndan b\u0259hs edirdi.<\/p>\n\n\n\n<p>Orada g\u00f6st\u0259rilir ki, rus xalq\u0131 n\u0259yin bahas\u0131na olursa olsun Konistantinopolu, y\u0259ni pravaslav dininin m\u0259rk\u0259zini \u0259l\u0259 ke\u00e7irm\u0259lidir. M\u0259n I Pyotur bar\u0259d\u0259 dedikl\u0259rim\u0259 r\u0259is, \u0259ks \u00e7avab verdi.M\u0259n g\u00f6rd\u00fcm ki, bu \u015f\u0259xsd\u0259 ba\u015fqalar\u0131 kimi I Pyoturu h\u0259qiqi Pyotr hesab edir. M\u0259n Siz\u0259, h\u00f6rm\u0259tli Putin m\u00fc\u0259llim, dem\u0259k ist\u0259yir\u0259m ki, Sizin tan\u0131d\u0131\u011f\u0131n\u0131z  Pyotr, \u0259sil Aleksey Mixaylovi\u00e7in o\u011flu Pyotr deyildi. H\u0259min Pyotru Avropada art\u0131q d\u0259yi\u015fmi\u015fl\u0259r. Onun \u0259v\u0259zin\u0259 saxta Pyotr haz\u0131rlay\u0131b Rusiyaya g\u00f6nd\u0259rmi\u015fdirl\u0259r. Bu bar\u0259d\u0259 Sizin b\u0259zi tarix\u00e7il\u0259riniz m\u00fc\u0259yy\u0259n yaz\u0131lar yazsa da, erm\u0259ni v\u0259 Avropa tarix\u00e7il\u0259ri bunlar\u0131n qar\u015f\u0131s\u0131n\u0131 alma\u011fa \u00e7al\u0131\u015fm\u0131\u015flar. Saxta Pyotrla, \u0259sil Pyotrun aras\u0131nda olan f\u0259rql\u0259r o, q\u0259d\u0259r \u00e7oxdur ki, bunlar\u0131 burada sadalamaq ba\u015f a\u011fr\u0131s\u0131 ver\u0259r. Lakin, m\u0259n bir ne\u00e7\u0259sini dem\u0259yi \u00f6z\u00fcm\u0259 borc bilir\u0259m. \u018fsil Pyotr \u0130ncili ba\u015fdan aya\u011fa oxuma\u011f\u0131 bilir v\u0259 dindar idi. G\u0259l\u0259n is\u0259, \u00fcmumiyy\u0259tl\u0259 dind\u0259n x\u0259b\u0259siz olmu\u015fdu. Saxta Pyotrun boy-buxunu, sif\u0259t qurlu\u015fu, \u0259sil Pyotrdan f\u0259rql\u0259nirdi. (<strong>Bax r\u0259sm<\/strong>)<\/p>\n\n\n\n<figure class=\"wp-block-image size-large is-resized\"><img loading=\"lazy\" decoding=\"async\" src=\"https:\/\/fedai.az\/wp-content\/uploads\/2020\/11\/128067908_3734205793322485_5769097267355389435_n.jpg\" alt=\"\" class=\"wp-image-21632\" width=\"1072\" height=\"715\" srcset=\"https:\/\/fedai.az\/wp-content\/uploads\/2020\/11\/128067908_3734205793322485_5769097267355389435_n.jpg 601w, https:\/\/fedai.az\/wp-content\/uploads\/2020\/11\/128067908_3734205793322485_5769097267355389435_n-300x200.jpg 300w, https:\/\/fedai.az\/wp-content\/uploads\/2020\/11\/128067908_3734205793322485_5769097267355389435_n-150x100.jpg 150w\" sizes=\"auto, (max-width: 1072px) 100vw, 1072px\" \/><\/figure>\n\n\n\n<p> Saxta Pyotr Avropadan g\u0259l\u0259nd\u0259n sonra h\u0259yat yolda\u015f\u0131 v\u0259 bac\u0131s\u0131 il\u0259 bir d\u0259f\u0259 bel\u0259 g\u00f6r\u00fc\u015fm\u0259mi\u015fdi ki, onu tan\u0131ya bil\u0259rl\u0259r. H\u0259tta \u0259v\u0259zind\u0259 g\u0259ldiyi \u0259sil Pyotrun o\u011flu il\u0259 bir d\u0259f\u0259 bel\u0259 g\u00f6r\u00fc\u015fm\u0259y\u0259r\u0259k onu \u00f6ld\u00fcrtm\u00fc\u015fd\u00fcr. \u018fsil Pyotr sudan, d\u0259nizd\u0259n \u00e7\u0259kindiyi halda bu saxta Pyotr, d\u0259nizi, suyu sev\u0259n olmu\u015fdur. M\u0259n saxta Pyotr bar\u0259d\u0259 10-dan \u00e7ox saxtakarl\u0131\u011f\u0131 g\u00f6st\u0259r\u0259 bil\u0259r\u0259m, lakin, m\u0259n bunlar\u0131 g\u00f6st\u0259rm\u0259y\u0259r\u0259k, onu dem\u0259k ist\u0259yir\u0259m ki, bu Pyotr g\u0259ldikd\u0259n sonra T\u00fcrkiy\u0259y\u0259 qar\u015f\u0131, T\u00fcrkiy\u0259 il\u0259 m\u00fctt\u0259fiq olanlara qar\u015f\u0131 d\u00fc\u015fm\u0259n\u00e7ilik siyas\u0259ti aparma\u011fa ba\u015flad\u0131. \u0130lk n\u00f6vb\u0259d\u0259 Aleksey Mixaylovi\u00e7in d\u0259 qo\u015fulmad\u0131\u011f\u0131, T\u00fcrk\u0259 qar\u015f\u0131 Avropa d\u00f6vl\u0259tl\u0259rinin d\u00fc\u015fm\u0259n\u00e7ilik pakt\u0131na imza atd\u0131. Onu da dem\u0259k ist\u0259yir\u0259m ki, Aleksey Mixaylovi\u00e7in h\u0259yat yolda\u015f\u0131 Nataliya Nari\u015fkina Kr\u0131m xan\u0131n\u0131n q\u0131z\u0131 idi. O vaxtlar Kr\u0131m xan\u0131 il\u0259 qohum olmaq \u0259n y\u00fcks\u0259k titul say\u0131l\u0131rd\u0131. H\u0259tta indiki Rusiya T\u0259hl\u00fck\u0259sizlik \u015euras\u0131n\u0131n katibi Nari\u015fkinind\u0259 h\u0259min n\u0259sild\u0259n olmas\u0131 bildirilir.<\/p>\n\n\n\n<figure class=\"wp-block-image size-large is-resized\"><img loading=\"lazy\" decoding=\"async\" src=\"https:\/\/fedai.az\/wp-content\/uploads\/2020\/11\/\u0437\u0430\u0433\u0440\u0443\u0436\u0435\u043d\u043e-3-2.jpg\" alt=\"\" class=\"wp-image-21633\" width=\"1052\" height=\"700\" srcset=\"https:\/\/fedai.az\/wp-content\/uploads\/2020\/11\/\u0437\u0430\u0433\u0440\u0443\u0436\u0435\u043d\u043e-3-2.jpg 275w, https:\/\/fedai.az\/wp-content\/uploads\/2020\/11\/\u0437\u0430\u0433\u0440\u0443\u0436\u0435\u043d\u043e-3-2-150x100.jpg 150w\" sizes=\"auto, (max-width: 1052px) 100vw, 1052px\" \/><figcaption><strong>Nataliya Nar\u0131\u015fkina<\/strong><\/figcaption><\/figure>\n\n\n\n<p>H\u00f6rm\u0259tli Putin m\u00fc\u0259llim, dunyada s\u00fclh v\u0259 \u0259min amanl\u0131q ist\u0259yirsinizs\u0259, T\u00fcrkiy\u0259 xalq\u0131 il\u0259 rus xalq\u0131 aras\u0131nda dostluq v\u0259 qarda\u015fl\u0131\u011f\u0131 m\u00f6hk\u0259ml\u0259ndir\u0259n siyas\u0259t apar\u0131n. Rusiyada \u00f6z\u00fcn\u00fc tarix\u00e7i, akademik adland\u0131ran \u00e7oxsayl\u0131 erm\u0259ni mill\u0259t\u00e7il\u0259ri var ki, onlar he\u00e7 bir vaxt\u0131 t\u00fcrk v\u0259 rus dostlu\u011funun inki\u015faf etm\u0259sin\u0259 imkan verm\u0259zl\u0259r. Nec\u0259 ki, indinin \u00f6z\u00fcnd\u0259 d\u0259 sosial \u015f\u0259b\u0259k\u0259l\u0259rd\u0259 bu dostlu\u011fa mane olurlar. Bizim dostlu\u011fumuza t\u0259kc\u0259 onlar deyil, d\u00fcnyan\u0131n \u00e7oxsayl\u0131 d\u00f6vl\u0259tl\u0259rid\u0259 mane olmaq v\u0259 rus-t\u00fcrk m\u00fcharib\u0259si yaratmaqla h\u0259r iki d\u00f6vl\u0259ti z\u0259ifl\u0259tm\u0259k ist\u0259yirl\u0259r.<\/p>\n\n\n\n<p>M\u0259n inan\u0131ram ki, Siz, b\u00f6y\u00fck siyas\u0259t\u00e7i olaraq, b\u00fct\u00fcn bu manel\u0259ri aradan qald\u0131racaq v\u0259 erm\u0259nil\u0259rin t\u00fcrk\u00fcn torpa\u011f\u0131ndan tam \u015f\u0259kild\u0259 \u00e7\u0131xmalar\u0131n\u0131 t\u0259min ed\u0259c\u0259ksiniz.<\/p>\n\n\n\n<figure class=\"wp-block-embed-youtube wp-block-embed is-type-video is-provider-youtube wp-embed-aspect-4-3 wp-has-aspect-ratio\"><div class=\"wp-block-embed__wrapper\">\n<iframe loading=\"lazy\" title=\"\u041f\u0423\u0422\u0418\u041d \u0427\u0418\u0422\u0410\u0415\u0422 \u041f\u0420\u0418\u041a\u0410\u0417 \u041f\u0415\u0422\u0420\u0410 \u0412\u0415\u041b\u0418\u041a\u041e\u0413\u041e \u041f\u0420\u041e \u0410\u0420\u041c\u042f\u041d.avi\" width=\"715\" height=\"536\" src=\"https:\/\/www.youtube.com\/embed\/Nr8CPqGsAAg?feature=oembed\" frameborder=\"0\" allow=\"accelerometer; autoplay; clipboard-write; encrypted-media; gyroscope; picture-in-picture\" allowfullscreen><\/iframe>\n<\/div><\/figure>\n","protected":false},"excerpt":{"rendered":"<p>Abbas H\u00fcseynli AVMV\u0130B s\u0259drinin sosial v\u0259 h\u00fcquqi m\u0259s\u0259l\u0259l\u0259r \u00fczr\u0259 m\u00fcavini, Polis M\u00fcharib\u0259 Veteranlar\u0131 \u015f\u00f6b\u0259sinin s\u0259dri Rusiya Federasiyas\u0131n\u0131n Prezidenti c\u0259nab Vladimir Vladimirovi\u00e7 Putin\u0259 yazm\u0131\u015f oldu\u011fum<\/p>\n","protected":false},"author":2,"featured_media":21640,"comment_status":"closed","ping_status":"closed","sticky":false,"template":"","format":"standard","meta":{"footnotes":""},"categories":[6],"tags":[],"class_list":["post-21630","post","type-post","status-publish","format-standard","has-post-thumbnail","hentry","category-arasdirma"],"aioseo_notices":[],"_links":{"self":[{"href":"https:\/\/fedai.az\/index.php?rest_route=\/wp\/v2\/posts\/21630","targetHints":{"allow":["GET"]}}],"collection":[{"href":"https:\/\/fedai.az\/index.php?rest_route=\/wp\/v2\/posts"}],"about":[{"href":"https:\/\/fedai.az\/index.php?rest_route=\/wp\/v2\/types\/post"}],"author":[{"embeddable":true,"href":"https:\/\/fedai.az\/index.php?rest_route=\/wp\/v2\/users\/2"}],"replies":[{"embeddable":true,"href":"https:\/\/fedai.az\/index.php?rest_route=%2Fwp%2Fv2%2Fcomments&post=21630"}],"version-history":[{"count":3,"href":"https:\/\/fedai.az\/index.php?rest_route=\/wp\/v2\/posts\/21630\/revisions"}],"predecessor-version":[{"id":21843,"href":"https:\/\/fedai.az\/index.php?rest_route=\/wp\/v2\/posts\/21630\/revisions\/21843"}],"wp:featuredmedia":[{"embeddable":true,"href":"https:\/\/fedai.az\/index.php?rest_route=\/wp\/v2\/media\/21640"}],"wp:attachment":[{"href":"https:\/\/fedai.az\/index.php?rest_route=%2Fwp%2Fv2%2Fmedia&parent=21630"}],"wp:term":[{"taxonomy":"category","embeddable":true,"href":"https:\/\/fedai.az\/index.php?rest_route=%2Fwp%2Fv2%2Fcategories&post=21630"},{"taxonomy":"post_tag","embeddable":true,"href":"https:\/\/fedai.az\/index.php?rest_route=%2Fwp%2Fv2%2Ftags&post=21630"}],"curies":[{"name":"wp","href":"https:\/\/api.w.org\/{rel}","templated":true}]}}