{"id":21659,"date":"2020-11-27T00:52:38","date_gmt":"2020-11-26T20:52:38","guid":{"rendered":"https:\/\/fedai.az\/?p=21659"},"modified":"2020-11-27T00:52:42","modified_gmt":"2020-11-26T20:52:42","slug":"az%c9%99rbaycanla-erm%c9%99nistan-arasinda-dovl%c9%99t-s%c9%99rh%c9%99dinin-demarkasiya-isl%c9%99ri-aparilir","status":"publish","type":"post","link":"https:\/\/fedai.az\/?p=21659","title":{"rendered":"Az\u0259rbaycanla Erm\u0259nistan aras\u0131nda d\u00f6vl\u0259t s\u0259rh\u0259dinin demarkasiya i\u015fl\u0259ri apar\u0131l\u0131r"},"content":{"rendered":"\n<p><strong>Az\u0259rbaycan, Erm\u0259nistan, Rusiya Silahl\u0131 Q\u00fcvv\u0259l\u0259rinin n\u00fcmay\u0259nd\u0259l\u0259ri x\u00fcsusi vasit\u0259l\u0259rd\u0259n (GPS) istifad\u0259 ed\u0259r\u0259k K\u0259lb\u0259c\u0259r rayonu \u0259razisind\u0259 Az\u0259rbaycan v\u0259 Erm\u0259nistan d\u00f6vl\u0259t s\u0259rh\u0259dind\u0259 demarkasiya i\u015fl\u0259rin\u0259 ba\u015flay\u0131blar.<\/strong><\/p>\n\n\n\n<p><a href=\"https:\/\/report.az\/region-xeberleri\/azerbaycanla-ermenistan-arasinda-dovlet-serhedinin-demarkasiya-isleri-aparilir\/\" target=\"_blank\" rel=\"noreferrer noopener\">\u201cReport\u201d<\/a>&nbsp;\u201cSputnik Armeniya\u201dya istinad\u0259n x\u0259b\u0259r verir ki, demarkasiya i\u015fl\u0259rinin bir hiss\u0259si Az\u0259rbaycan\u0131n K\u0259lb\u0259c\u0259r rayonunun Zod m\u0259d\u0259ninin \u0259razisind\u0259 apar\u0131l\u0131r.<\/p>\n\n\n\n<p>Qeyd olunub ki, s\u0259rh\u0259din tam v\u0259 d\u0259qiq m\u00fc\u0259yy\u0259nl\u0259\u015fdirilm\u0259si s\u0259rh\u0259din bu v\u0259 ya dig\u0259r hiss\u0259sinin m\u00fclkiyy\u0259ti il\u0259 ba\u011fl\u0131 m\u00fcbahis\u0259l\u0259rin v\u0259 m\u00fcmk\u00fcn t\u0259xribatlar\u0131n aradan qald\u0131r\u0131lmas\u0131 bax\u0131m\u0131ndan son d\u0259r\u0259c\u0259 vacibdir.<\/p>\n\n\n\n<p>Bildirilib ki, demarkasiya i\u015fl\u0259rind\u0259n sonra, Erm\u0259nistan v\u0259 Az\u0259rbaycan Silahl\u0131 Q\u00fcvv\u0259l\u0259ri h\u0259rbi bazalar\u0131 g\u00f6st\u0259ril\u0259n s\u0259rh\u0259dl\u0259rd\u0259 yerl\u0259\u015fdiril\u0259c\u0259k.<\/p>\n","protected":false},"excerpt":{"rendered":"<p>Az\u0259rbaycan, Erm\u0259nistan, Rusiya Silahl\u0131 Q\u00fcvv\u0259l\u0259rinin n\u00fcmay\u0259nd\u0259l\u0259ri x\u00fcsusi vasit\u0259l\u0259rd\u0259n (GPS) istifad\u0259 ed\u0259r\u0259k K\u0259lb\u0259c\u0259r rayonu \u0259razisind\u0259 Az\u0259rbaycan v\u0259 Erm\u0259nistan d\u00f6vl\u0259t s\u0259rh\u0259dind\u0259 demarkasiya i\u015fl\u0259rin\u0259 ba\u015flay\u0131blar. \u201cReport\u201d&nbsp;\u201cSputnik Armeniya\u201dya<\/p>\n","protected":false},"author":2,"featured_media":21660,"comment_status":"closed","ping_status":"closed","sticky":false,"template":"","format":"standard","meta":{"footnotes":""},"categories":[4],"tags":[],"class_list":["post-21659","post","type-post","status-publish","format-standard","has-post-thumbnail","hentry","category-qarabag"],"aioseo_notices":[],"_links":{"self":[{"href":"https:\/\/fedai.az\/index.php?rest_route=\/wp\/v2\/posts\/21659","targetHints":{"allow":["GET"]}}],"collection":[{"href":"https:\/\/fedai.az\/index.php?rest_route=\/wp\/v2\/posts"}],"about":[{"href":"https:\/\/fedai.az\/index.php?rest_route=\/wp\/v2\/types\/post"}],"author":[{"embeddable":true,"href":"https:\/\/fedai.az\/index.php?rest_route=\/wp\/v2\/users\/2"}],"replies":[{"embeddable":true,"href":"https:\/\/fedai.az\/index.php?rest_route=%2Fwp%2Fv2%2Fcomments&post=21659"}],"version-history":[{"count":1,"href":"https:\/\/fedai.az\/index.php?rest_route=\/wp\/v2\/posts\/21659\/revisions"}],"predecessor-version":[{"id":21661,"href":"https:\/\/fedai.az\/index.php?rest_route=\/wp\/v2\/posts\/21659\/revisions\/21661"}],"wp:featuredmedia":[{"embeddable":true,"href":"https:\/\/fedai.az\/index.php?rest_route=\/wp\/v2\/media\/21660"}],"wp:attachment":[{"href":"https:\/\/fedai.az\/index.php?rest_route=%2Fwp%2Fv2%2Fmedia&parent=21659"}],"wp:term":[{"taxonomy":"category","embeddable":true,"href":"https:\/\/fedai.az\/index.php?rest_route=%2Fwp%2Fv2%2Fcategories&post=21659"},{"taxonomy":"post_tag","embeddable":true,"href":"https:\/\/fedai.az\/index.php?rest_route=%2Fwp%2Fv2%2Ftags&post=21659"}],"curies":[{"name":"wp","href":"https:\/\/api.w.org\/{rel}","templated":true}]}}