{"id":21662,"date":"2020-11-27T00:58:55","date_gmt":"2020-11-26T20:58:55","guid":{"rendered":"https:\/\/fedai.az\/?p=21662"},"modified":"2020-11-27T10:16:57","modified_gmt":"2020-11-27T06:16:57","slug":"bayragimizi-t%c9%99hqir-ed%c9%99n-t%c9%99l%c9%99b%c9%99-universitetd%c9%99n-qovuldu","status":"publish","type":"post","link":"https:\/\/fedai.az\/?p=21662","title":{"rendered":"Bayra\u011f\u0131m\u0131z\u0131 t\u0259hqir ed\u0259n t\u0259l\u0259b\u0259 universitetd\u0259n QOVULDU"},"content":{"rendered":"\n<p><strong>Az\u0259rbaycan bayra\u011f\u0131n\u0131 t\u0259hqir ed\u0259n Bak\u0131 D\u00f6vl\u0259t Universitetinin (BDU) t\u0259l\u0259b\u0259si P\u0259rviz M\u0259h\u0259mm\u0259dov ali t\u0259hsil oca\u011f\u0131ndan xaric edilib.<\/strong><\/p>\n\n\n\n<p>Bu bar\u0259d\u0259 BDU-nun m\u0259tbuat xidm\u0259ti a\u00e7\u0131qlama yay\u0131b.<\/p>\n\n\n\n<p>A\u00e7\u0131qlamada bildirilir:<\/p>\n\n\n\n<p>Bak\u0131 D\u00f6vl\u0259t Universitetinin mexanika-riyaziyyat fak\u00fclt\u0259sinin Mexanika ixtisas\u0131 \u00fczr\u0259 I kurs t\u0259l\u0259b\u0259si M\u0259h\u0259mm\u0259dov P\u0259rviz \u018flip\u0259nah o\u011flu bir ne\u00e7\u0259 d\u0259f\u0259 d\u0259rs zaman\u0131 universitetin daxili nizam-intizam qaydalar\u0131n\u0131 pozub. Bu bar\u0259d\u0259 t\u0259l\u0259b\u0259y\u0259 v\u0259 valideynin\u0259 m\u0259lumat verilib, universitetin daxili nizam-intizam qaydalar\u0131na \u0259m\u0259l etm\u0259sinin vacibliyi izah olunub. Lakin P\u0259rviz M\u0259h\u0259mm\u0259dov 23.11.2020-ci il tarixind\u0259 t\u0259dris prosesi zaman\u0131 yenid\u0259n universitetin daxili nizam-intizam qaydalar\u0131n\u0131 kobud \u015f\u0259kild\u0259 pozub, h\u0259m\u00e7inin \u015f\u0259hidl\u0259rimizin qan\u0131 il\u0259 boyanm\u0131\u015f, Ali Ba\u015f Komandan\u0131m\u0131z\u0131n r\u0259hb\u0259rliyi il\u0259 \u015eanl\u0131 Ordumuzun i\u015f\u011faldan azad edilmi\u015f \u0259z\u0259li torpaqlar\u0131m\u0131zda q\u00fcrurla dal\u011faland\u0131rd\u0131\u011f\u0131 Az\u0259rbaycan Respublikas\u0131n\u0131n D\u00f6vl\u0259t bayra\u011f\u0131na qar\u015f\u0131 t\u0259hqiredici h\u0259r\u0259k\u0259tl\u0259r edib.<\/p>\n\n\n\n<p>Bildiririk ki, Az\u0259rbaycan Respublikas\u0131 D\u00f6vl\u0259t bayra\u011f\u0131n\u0131n istifad\u0259si qaydalar\u0131 haqq\u0131nda Qanunun 11-ci madd\u0259sin\u0259 g\u00f6r\u0259 \u201cAz\u0259rbaycan Respublikas\u0131 D\u00f6vl\u0259t bayra\u011f\u0131n\u0131n bu Qanunun t\u0259l\u0259bl\u0259rin\u0259 zidd istifad\u0259si, habel\u0259 Az\u0259rbaycan Respublikas\u0131n\u0131n D\u00f6vl\u0259t bayra\u011f\u0131 bar\u0259d\u0259 t\u0259hqiredici h\u0259r\u0259k\u0259tl\u0259r Az\u0259rbaycan Respublikas\u0131n\u0131n qanunvericiliyin\u0259 uy\u011fun olaraq m\u0259suliyy\u0259t\u0259 s\u0259b\u0259b olur.\u201d<br>Az\u0259rbaycan Respublikas\u0131n\u0131n r\u0259mzl\u0259rin\u0259 qar\u015f\u0131 ist\u0259nil\u0259n t\u0259hqir yolverilm\u0259zdir v\u0259 m\u0259suliyy\u0259t\u0259 s\u0259b\u0259b olur.<\/p>\n\n\n\n<p>Buna g\u00f6r\u0259 d\u0259 t\u0259l\u0259b\u0259 P\u0259rviz M\u0259h\u0259mm\u0259dov 23 noyabr 2020-ci il tarixind\u0259n universitet t\u0259l\u0259b\u0259l\u0259ri s\u0131ras\u0131ndan xaric edilib. Bu haqda \u00f6z\u00fc v\u0259 valideyni (atas\u0131) Bak\u0131 D\u00f6vl\u0259t Universitetin\u0259 \u00e7a\u011f\u0131r\u0131l\u0131b, etdiyi bu h\u0259r\u0259k\u0259tl\u0259r haqq\u0131nda m\u0259lumat verilib.<\/p>\n\n\n\n<p>\u018flav\u0259 olaraq bildiririk ki, P\u0259rviz M\u0259h\u0259mm\u0259dovun atas\u0131 \u018flip\u0259nah M\u0259h\u0259mm\u0259dov n\u0259 birinci, n\u0259 d\u0259 ki \u0130kinci Qaraba\u011f sava\u015f\u0131nda i\u015ftirak edib.<\/p>\n\n\n\n<figure class=\"wp-block-embed-youtube wp-block-embed is-type-video is-provider-youtube wp-embed-aspect-4-3 wp-has-aspect-ratio\"><div class=\"wp-block-embed__wrapper\">\n<iframe loading=\"lazy\" title=\"T\u0259l\u0259b\u0259 bu g\u00f6r\u00fcnt\u00fcl\u0259r\u0259 g\u00f6r\u0259 BDU-dan qovuldu!\" width=\"715\" height=\"536\" src=\"https:\/\/www.youtube.com\/embed\/1rPoMGtlJts?feature=oembed\" frameborder=\"0\" allow=\"accelerometer; autoplay; clipboard-write; encrypted-media; gyroscope; picture-in-picture\" allowfullscreen><\/iframe>\n<\/div><\/figure>\n","protected":false},"excerpt":{"rendered":"<p>Az\u0259rbaycan bayra\u011f\u0131n\u0131 t\u0259hqir ed\u0259n Bak\u0131 D\u00f6vl\u0259t Universitetinin (BDU) t\u0259l\u0259b\u0259si P\u0259rviz M\u0259h\u0259mm\u0259dov ali t\u0259hsil oca\u011f\u0131ndan xaric edilib. Bu bar\u0259d\u0259 BDU-nun m\u0259tbuat xidm\u0259ti a\u00e7\u0131qlama yay\u0131b. A\u00e7\u0131qlamada<\/p>\n","protected":false},"author":2,"featured_media":21665,"comment_status":"closed","ping_status":"closed","sticky":false,"template":"","format":"standard","meta":{"footnotes":""},"categories":[8],"tags":[],"class_list":["post-21662","post","type-post","status-publish","format-standard","has-post-thumbnail","hentry","category-thsil"],"aioseo_notices":[],"_links":{"self":[{"href":"https:\/\/fedai.az\/index.php?rest_route=\/wp\/v2\/posts\/21662","targetHints":{"allow":["GET"]}}],"collection":[{"href":"https:\/\/fedai.az\/index.php?rest_route=\/wp\/v2\/posts"}],"about":[{"href":"https:\/\/fedai.az\/index.php?rest_route=\/wp\/v2\/types\/post"}],"author":[{"embeddable":true,"href":"https:\/\/fedai.az\/index.php?rest_route=\/wp\/v2\/users\/2"}],"replies":[{"embeddable":true,"href":"https:\/\/fedai.az\/index.php?rest_route=%2Fwp%2Fv2%2Fcomments&post=21662"}],"version-history":[{"count":2,"href":"https:\/\/fedai.az\/index.php?rest_route=\/wp\/v2\/posts\/21662\/revisions"}],"predecessor-version":[{"id":21730,"href":"https:\/\/fedai.az\/index.php?rest_route=\/wp\/v2\/posts\/21662\/revisions\/21730"}],"wp:featuredmedia":[{"embeddable":true,"href":"https:\/\/fedai.az\/index.php?rest_route=\/wp\/v2\/media\/21665"}],"wp:attachment":[{"href":"https:\/\/fedai.az\/index.php?rest_route=%2Fwp%2Fv2%2Fmedia&parent=21662"}],"wp:term":[{"taxonomy":"category","embeddable":true,"href":"https:\/\/fedai.az\/index.php?rest_route=%2Fwp%2Fv2%2Fcategories&post=21662"},{"taxonomy":"post_tag","embeddable":true,"href":"https:\/\/fedai.az\/index.php?rest_route=%2Fwp%2Fv2%2Ftags&post=21662"}],"curies":[{"name":"wp","href":"https:\/\/api.w.org\/{rel}","templated":true}]}}