{"id":21668,"date":"2020-11-27T01:17:28","date_gmt":"2020-11-26T21:17:28","guid":{"rendered":"https:\/\/fedai.az\/?p=21668"},"modified":"2020-11-27T01:17:30","modified_gmt":"2020-11-26T21:17:30","slug":"pasinyanin-avtomobil-kortejinin-qarsisini-k%c9%99sdil%c9%99r-video","status":"publish","type":"post","link":"https:\/\/fedai.az\/?p=21668","title":{"rendered":"Pa\u015finyan\u0131n avtomobil kortejinin qar\u015f\u0131s\u0131n\u0131 k\u0259sdil\u0259r &#8212; V\u0130DEO"},"content":{"rendered":"\n<p><strong>Erm\u0259nistanda itkin d\u00fc\u015f\u0259n v\u0259 \u015f\u0259hid olmu\u015f \u0259sg\u0259rl\u0259rin yax\u0131nlar\u0131 Ba\u015f nazir Nikol Pa\u015finyan\u0131n avtomobil kortejinin qar\u015f\u0131s\u0131n\u0131 k\u0259sibl\u0259r.<\/strong><\/p>\n\n\n\n<p>Bu bu bar\u0259d\u0259 &#171;Mediaport&#187; &#171;Telegram&#187; kanal\u0131 m\u0259lumat yay\u0131b.<\/p>\n\n\n\n<p>Bildirilib ki, onlar Pa\u015finyandan itkil\u0259rl\u0259 ba\u011fl\u0131 cavab verm\u0259sini t\u0259l\u0259b edibl\u0259r. O is\u0259 saymamazl\u0131q ed\u0259r\u0259k xidm\u0259ti avtomobilind\u0259n enm\u0259yib.<\/p>\n\n\n\n<p>Polis zor t\u0259tbiq ed\u0259r\u0259k aksiya i\u015ftirak\u00e7\u0131lar\u0131n\u0131 kortejin qar\u015f\u0131s\u0131ndan uzaqla\u015fd\u0131r\u0131blar.<\/p>\n\n\n\n<p>Xat\u0131rladaq ki, Erm\u0259nistan ba\u015f naziri Nikol Pa\u015finyan h\u00f6kum\u0259tin iclas\u0131n\u0131 ke\u00e7irm\u0259kd\u0259n g\u0259lirmi\u015f.<\/p>\n\n\n\n<p><strong>O, iclasda Qaraba\u011f fiaskosuna g\u00f6r\u0259 m\u0259suliyy\u0259t da\u015f\u0131maqla yana\u015f\u0131, \u00f6lk\u0259nin g\u0259l\u0259c\u0259yi il\u0259 ba\u011fl\u0131 da cavabdehlik da\u015f\u0131d\u0131\u011f\u0131n\u0131 s\u00f6yl\u0259yib. H\u00f6kum\u0259t r\u0259hb\u0259ri istefa verm\u0259y\u0259c\u0259yini deyib v\u0259 2021-ci ilin iyun ay\u0131na q\u0259d\u0259r xalqdan vaxt ist\u0259yib.<\/strong><\/p>\n\n\n\n<p>&#171;M\u0259nim 2021-ci ilin iyununa q\u0259d\u0259r olan d\u00f6vr\u00fc \u0259hat\u0259 ed\u0259n &#171;yol x\u0259rits\u0259&#187;si plan\u0131m \u00f6lk\u0259ni rifaha g\u0259tir\u0259c\u0259k. \u0130ndi \u0259n \u00f6n\u0259mli olan, d\u00f6vl\u0259t\u00e7iliyi m\u00f6hk\u0259ml\u0259ndirm\u0259k v\u0259 v\u0259t\u0259nda\u015flar\u0131n respublikaya inam\u0131n\u0131 b\u0259rpa etm\u0259kdir&#187;.<\/p>\n","protected":false},"excerpt":{"rendered":"<p>Erm\u0259nistanda itkin d\u00fc\u015f\u0259n v\u0259 \u015f\u0259hid olmu\u015f \u0259sg\u0259rl\u0259rin yax\u0131nlar\u0131 Ba\u015f nazir Nikol Pa\u015finyan\u0131n avtomobil kortejinin qar\u015f\u0131s\u0131n\u0131 k\u0259sibl\u0259r. Bu bu bar\u0259d\u0259 &#171;Mediaport&#187; &#171;Telegram&#187; kanal\u0131 m\u0259lumat yay\u0131b.<\/p>\n","protected":false},"author":2,"featured_media":21669,"comment_status":"closed","ping_status":"closed","sticky":false,"template":"","format":"standard","meta":{"footnotes":""},"categories":[1],"tags":[],"class_list":["post-21668","post","type-post","status-publish","format-standard","has-post-thumbnail","hentry","category-siyast"],"aioseo_notices":[],"_links":{"self":[{"href":"https:\/\/fedai.az\/index.php?rest_route=\/wp\/v2\/posts\/21668","targetHints":{"allow":["GET"]}}],"collection":[{"href":"https:\/\/fedai.az\/index.php?rest_route=\/wp\/v2\/posts"}],"about":[{"href":"https:\/\/fedai.az\/index.php?rest_route=\/wp\/v2\/types\/post"}],"author":[{"embeddable":true,"href":"https:\/\/fedai.az\/index.php?rest_route=\/wp\/v2\/users\/2"}],"replies":[{"embeddable":true,"href":"https:\/\/fedai.az\/index.php?rest_route=%2Fwp%2Fv2%2Fcomments&post=21668"}],"version-history":[{"count":1,"href":"https:\/\/fedai.az\/index.php?rest_route=\/wp\/v2\/posts\/21668\/revisions"}],"predecessor-version":[{"id":21670,"href":"https:\/\/fedai.az\/index.php?rest_route=\/wp\/v2\/posts\/21668\/revisions\/21670"}],"wp:featuredmedia":[{"embeddable":true,"href":"https:\/\/fedai.az\/index.php?rest_route=\/wp\/v2\/media\/21669"}],"wp:attachment":[{"href":"https:\/\/fedai.az\/index.php?rest_route=%2Fwp%2Fv2%2Fmedia&parent=21668"}],"wp:term":[{"taxonomy":"category","embeddable":true,"href":"https:\/\/fedai.az\/index.php?rest_route=%2Fwp%2Fv2%2Fcategories&post=21668"},{"taxonomy":"post_tag","embeddable":true,"href":"https:\/\/fedai.az\/index.php?rest_route=%2Fwp%2Fv2%2Ftags&post=21668"}],"curies":[{"name":"wp","href":"https:\/\/api.w.org\/{rel}","templated":true}]}}