{"id":21702,"date":"2020-11-27T02:23:26","date_gmt":"2020-11-26T22:23:26","guid":{"rendered":"https:\/\/fedai.az\/?p=21702"},"modified":"2020-11-27T02:23:58","modified_gmt":"2020-11-26T22:23:58","slug":"erm%c9%99nil%c9%99r-n%c9%99y%c9%99-v%c9%99-nec%c9%99-hazirlasir-sensasion-detallar","status":"publish","type":"post","link":"https:\/\/fedai.az\/?p=21702","title":{"rendered":"Erm\u0259nil\u0259r n\u0259y\u0259 v\u0259 nec\u0259 haz\u0131rla\u015f\u0131r? \u2013 Sensasion detallar"},"content":{"rendered":"\n<p><strong>Az\u0259rbaycan\u0131n V\u0259t\u0259n m\u00fcharib\u0259sind\u0259 a\u011f\u0131r m\u0259\u011flubiyy\u0259tl\u0259 \u00fczl\u0259\u015f\u0259n v\u0259 kapitulyasiyaya imza atan Erm\u0259nistan i\u015f\u011fal\u00e7\u0131l\u0131q planlar\u0131ndan \u0259l \u00e7\u0259km\u0259k niyy\u0259tind\u0259 olmad\u0131\u011f\u0131n\u0131 b\u00fct\u00fcn vasit\u0259l\u0259rl\u0259 ortaya qoymaqdad\u0131r. \u00d6lk\u0259mizin \u0259razi b\u00fct\u00f6vl\u00fcy\u00fcn\u00fc b\u0259rpa etm\u0259sin\u0259 baxmayaraq, Rusiya s\u00fclhm\u0259raml\u0131lar\u0131n\u0131n n\u0259zar\u0259ti alt\u0131nda qalan \u0259razil\u0259rimiz\u0259 iddialardan bir add\u0131m da geri durmay\u0131blar.<\/strong><\/p>\n\n\n\n<p>Bunu a\u00e7\u0131q \u015f\u0259kild\u0259 bu c\u00fcr n\u00fcmayi\u015f etdirirl\u0259r:<\/p>\n\n\n\n<p>1. Ke\u00e7mi\u015f v\u0259 qondarma \u201cdqr\u201dd\u0259n real \u201crespublika\u201d kimi dan\u0131\u015fma\u011fa, h\u0259tta bu qurumun separat\u00e7\u0131-terror\u00e7u lideri Araik Arutyunyanla \u201cr\u0259smi\u201d g\u00f6r\u00fc\u015fl\u0259r\u0259 davam edirl\u0259r. N\u0259 Erm\u0259nistan Ba\u015f naziri Nikol Pa\u015finyan, n\u0259 erm\u0259ni siyas\u0259t\u00e7il\u0259r, n\u0259 d\u0259 dig\u0259r qurumlar \u201cdqr\u201din art\u0131q m\u00f6vcud olmad\u0131\u011f\u0131n\u0131 q\u0259bul edirl\u0259r. H\u0259tta \u201cdqr\u201din d\u00fcnya \u00f6lk\u0259l\u0259ri t\u0259r\u0259find\u0259n \u201ctan\u0131nmas\u0131\u201d \u00fc\u00e7\u00fcn b\u00f6y\u00fck kampaniyaya ba\u015flay\u0131blar.<\/p>\n\n\n\n<p>2. B\u00fct\u00fcn siyas\u0259t\u00e7il\u0259r \u201cm\u00fcharib\u0259d\u0259n sonra \u0259limizd\u0259 n\u0259 q\u0259d\u0259r \u0259razi qald\u0131\u201d sual\u0131 \u0259traf\u0131nda ciddi m\u00fczakir\u0259l\u0259r apar\u0131rlar. Bunun \u0259n a\u00e7\u0131q m\u0259tnini is\u0259 sabiq ba\u015f nazir Qrant Baqratyan \u00f6t\u0259n g\u00fcn ke\u00e7irdiyi m\u0259tbuat konfrans\u0131nda elan etdi.<\/p>\n\n\n\n<p>Baqratyan iddia etdi ki, kapitulyasiyadan d\u0259rhal sonra \u201cdqr\u201din \u0259razisinin 3,6 min kvadrat kilometr qald\u0131\u011f\u0131 bildirils\u0259 d\u0259, haz\u0131rda \u201cdaha az \u0259razi \u0259limizd\u0259dir\u201d.<\/p>\n\n\n\n<p>\u201c\u018fg\u0259r yen\u0259 \u0259limizd\u0259n almasalar, haz\u0131rda 3,18 min kv\/km \u0259razimiz qal\u0131b\u201d, \u2013 Baqratyan dedi.<\/p>\n\n\n\n<p>O da dig\u0259rl\u0259ri kimi iddia edir ki, Pa\u015finyan \u201c9,4 min kv\/km-i d\u00fc\u015fm\u0259n\u0259 h\u0259diyy\u0259 edib\u201d.<\/p>\n\n\n\n<p>Olduqca t\u0259hl\u00fck\u0259li, eyni zamanda i\u015f\u011fal\u0131n mahiyy\u0259tini v\u0259 davam\u0131n\u0131 t\u0259sdiql\u0259y\u0259n faktd\u0131r.<\/p>\n\n\n\n<p>Y\u0259ni: 26 noyabr 1991-ci ild\u0259 l\u0259\u011fv edil\u0259n Da\u011fl\u0131q Qaraba\u011f Muxtar Vilay\u0259tinin \u0259razisi 4,4 min kv\/km (daha d\u0259qiq \u2013 4,388) idi. Ancaq erm\u0259nil\u0259rin haz\u0131rda iddia etdiyi r\u0259q\u0259ml\u0259ri toplasaq \u2013 3,18 min kv\/km v\u0259 9,4 min kv\/km \u2013 \u00fcmumilikd\u0259 12,58 min kv\/km yaran\u0131r. Bu \u0259razini erm\u0259nil\u0259r nec\u0259 \u201chesablay\u0131blar\u201d?<\/p>\n\n\n\n<p>30 il\u0259 yax\u0131n i\u015f\u011fal alt\u0131nda qalan ke\u00e7mi\u015f Da\u011fl\u0131q Qaraba\u011f v\u0259 onun \u0259traf\u0131ndak\u0131 7 rayonumuzun \u00fcmumi say\u0259si 17 min kv\/km-d\u0259n art\u0131qd\u0131r. 7 rayonu erm\u0259nil\u0259r bu vaxta q\u0259d\u0259r \u201cbufer zona\u201d v\u0259 yaxud \u201ct\u0259hl\u00fck\u0259sizlik zonas\u0131\u201d adland\u0131r\u0131r, ke\u00e7mi\u015f Da\u011fl\u0131q Qaraba\u011f\u0131n i\u015f\u011fal\u0131 il\u0259 bar\u0131\u015faca\u011f\u0131m\u0131z halda o rayonlar\u0131n geri qaytar\u0131laca\u011f\u0131n\u0131 bildirirdil\u0259r.<\/p>\n\n\n\n<p>Ancaq erm\u0259nil\u0259rin indi a\u00e7\u0131qlad\u0131\u011f\u0131 r\u0259q\u0259ml\u0259rd\u0259n g\u00f6r\u00fcn\u00fcr ki, Erm\u0259nistan Az\u0259rbaycana i\u015f\u011fal etdiyi torpaqlar\u0131n \u0259n yax\u015f\u0131 halda 4,5 min kv\/km-ni qaytarma\u011f\u0131 \u201cn\u0259z\u0259rd\u0259 tutubmu\u015f\u201d. B\u0259s, ke\u00e7mi\u015f Da\u011fl\u0131q Qaraba\u011f\u0131n \u0259traf\u0131ndak\u0131 hans\u0131 rayonlar\u0131 \u00f6zl\u0259rin\u0259 \u201cbirl\u0259\u015fdiribl\u0259rmi\u015f\u201d?<\/p>\n\n\n\n<p>3. A\u00e7\u0131q \u015f\u0259kild\u0259 bildirirl\u0259r ki, bu vaxta q\u0259d\u0259r Az\u0259rbaycan\u0131n i\u015f\u011fal alt\u0131nda saxlad\u0131qlar\u0131 \u0259razil\u0259rini \u0259kib-bec\u0259ribl\u0259r, o torpaqlar\u0131n s\u0259rv\u0259tini da\u015f\u0131y\u0131blar.<\/p>\n\n\n\n<p>Baqratyan da vur\u011fulad\u0131 ki, \u201cdqr\u201d b\u00fct\u00fcn Erm\u0259nistan v\u0259 \u201cdqr\u201din tax\u0131l ehtiyac\u0131n\u0131n 25%-ni verirdi. R\u0259smi statistikaya g\u00f6r\u0259, Erm\u0259nistanda t\u0259xmin\u0259n 3 milyon civar\u0131nda (2019-cu il statistikas\u0131na g\u00f6r\u0259, 2,951 milyon) \u0259hali ya\u015fay\u0131r, Az\u0259rbaycan\u0131n Qaraba\u011f b\u00f6lg\u0259sind\u0259 is\u0259 139 min.<\/p>\n\n\n\n<p>Erm\u0259nistan QHT-l\u0259rinin hesabatlar\u0131na g\u00f6r\u0259 is\u0259 Erm\u0259nistanda 2 milyon civar\u0131nda, Az\u0259rbaycan\u0131n Qaraba\u011f b\u00f6lg\u0259sind\u0259 is\u0259 65 min\u0259 q\u0259d\u0259r erm\u0259ni m\u0259skunla\u015f\u0131b.<\/p>\n\n\n\n<p>Bel\u0259likl\u0259, r\u0259smi statistikada 770 min, real olaraq is\u0259 t\u0259xmin\u0259n 520 min \u0259hali Az\u0259rbaycan\u0131n i\u015f\u011faldak\u0131 torpaqlar\u0131nda bec\u0259ril\u0259n bu\u011fda il\u0259 t\u0259min edilirdi.<\/p>\n\n\n\n<p>Erm\u0259ni ekspertl\u0259r (o c\u00fcml\u0259d\u0259n Baqratyan) bildirir ki, \u0259kin sah\u0259l\u0259rinin ham\u0131s\u0131 Az\u0259rbaycan\u0131n n\u0259zar\u0259tin\u0259 ke\u00e7ib: \u201cBundan sonra Erm\u0259nistan n\u0259inki \u00f6z\u00fc \u00fc\u00e7\u00fcn, eyni zamanda \u201cdqr\u201d \u00fc\u00e7\u00fcn xaricd\u0259n tax\u0131l almal\u0131d\u0131r\u201d.<\/p>\n\n\n\n<p>Erm\u0259ni ekspertl\u0259r haz\u0131rda tax\u0131l\u0131n bahala\u015fd\u0131\u011f\u0131n\u0131 v\u0259 valyuta il\u0259 oldu\u011funu, eyni zamanda Rusiyan\u0131n da onlara tax\u0131l\u0131 pulsuz verm\u0259y\u0259c\u0259yini vur\u011fulayaraq, bunun Erm\u0259nistan\u0131n d\u00f6vl\u0259t b\u00fcdc\u0259si \u00fc\u00e7\u00fcn y\u00fck olaca\u011f\u0131n\u0131 v\u0259 a\u011f\u0131r iqtisadi probleml\u0259r\u0259 yol a\u00e7an fakta \u00e7evril\u0259c\u0259yini qeyd edirl\u0259r.<\/p>\n\n\n\n<p>Dig\u0259r t\u0259r\u0259fd\u0259n, Baqratyan Az\u0259rbaycan\u0131n n\u0259zar\u0259tin\u0259 3 SES-in ke\u00e7diyini bildir\u0259r\u0259k, art\u0131q \u201cdqr\u201din \u00f6z\u00fcn\u00fc elektrik enerjisi il\u0259 t\u0259chiz etm\u0259k imkan\u0131nda olmad\u0131\u011f\u0131n\u0131 da a\u00e7\u0131qlad\u0131. Bildirdi ki, ekspertl\u0259r bu\u011fda kimi, elektrik enerjisinin d\u0259 Erm\u0259nistandan ixrac olunaca\u011f\u0131n\u0131 d\u00fc\u015f\u00fcn\u00fcrl\u0259r.<\/p>\n\n\n\n<p>M\u0259s\u0259l\u0259nin iqtisadi t\u0259r\u0259fini \u2013 onsuz da kas\u0131b olan Erm\u0259nistan\u0131n bu y\u00fck\u00fc \u00e7\u0259k\u0259 bilib-bilm\u0259y\u0259c\u0259yidirs\u0259, siyasi t\u0259r\u0259fi i\u015f\u011fal t\u0259f\u0259kk\u00fcr\u00fcnd\u0259n \u0259l \u00e7\u0259km\u0259m\u0259l\u0259ri, Az\u0259rbaycan\u0131n \u0259razi b\u00fct\u00f6vl\u00fcy\u00fcn\u0259 qar\u015f\u0131 planlar\u0131d\u0131r. Bel\u0259 ki, erm\u0259nil\u0259r h\u0259l\u0259 d\u0259 \u201cdqr\u201d \u00fc\u00e7\u00fcn planlar qururlar v\u0259 La\u00e7\u0131n koridoru vasit\u0259sil\u0259 bu \u201crepublikan\u0131\u201d \u201cya\u015fatmaq yollar\u0131n\u0131\u201d m\u00fczakir\u0259 edirl\u0259r.<\/p>\n\n\n\n<p><strong>\u018fn t\u0259hl\u00fck\u0259li ssenaril\u0259r ba\u015flay\u0131b<\/strong><\/p>\n\n\n\n<p>Bu planlar\u0131n\u0131 h\u0259yata ke\u00e7irm\u0259k, \u0259lb\u0259tt\u0259, Erm\u0259nistan\u0131n siyasi-iqtisadi imkanlar\u0131 xaricind\u0259dir. Ancaq bunu Erm\u0259nistan h\u0259yata ke\u00e7irmir ki?<\/p>\n\n\n\n<p>M\u0259s\u0259l\u0259n, Fransadan \u2013 AT\u018fT-in Minsk Qrupunun \u00fczv\u00fc, y\u0259ni bit\u0259r\u0259f olmal\u0131 \u00f6lk\u0259d\u0259n \u2013 Az\u0259rbaycan\u0131n \u0259razi b\u00fct\u00f6vl\u00fcy\u00fcn\u0259 q\u0259sd xarakterli bir q\u0259tnam\u0259 \u00e7\u0131xar\u0131ld\u0131. \u00d6t\u0259n g\u00fcn Fransa Senat\u0131 \u201cdqr\u201din m\u00fcst\u0259qilliyinin tan\u0131nmas\u0131n\u0131 t\u00f6vsiy\u0259 etdi.<\/p>\n\n\n\n<p>Bunun ard\u0131nca is\u0259 Bel\u00e7ika da \u201cdqr\u201d il\u0259 diplomatik m\u00fcnasin\u0259tl\u0259ri qurma\u011f\u0131n yollar\u0131n\u0131 axtar\u0131r. Bu \u00f6lk\u0259nin parlamenti 30 noyabrda bu \u201cyollar\u0131\u201d m\u00fczakir\u0259 ed\u0259c\u0259k.<\/p>\n\n\n\n<p>G\u00f6r\u00fcn\u0259n odur ki, Q\u0259rbin b\u0259zi d\u00f6vl\u0259tl\u0259ri \u00f6z ambisiyalar\u0131 namin\u0259 v\u0259 T\u00fcrkiy\u0259nin C\u0259nubi Qafqazda g\u00fccl\u0259nm\u0259sinin qar\u015f\u0131s\u0131n\u0131 almaq \u00fc\u00e7\u00fcn h\u0259tta b\u00fct\u00fcn beyn\u0259lxalq qanunlara t\u00fcp\u00fcrm\u0259y\u0259 v\u0259 Az\u0259rbaycan\u0131n \u00f6zl\u0259rinin tan\u0131d\u0131qlar\u0131 \u0259razi b\u00fct\u00f6vl\u00fcy\u00fcn\u0259 uy\u011fun olmayan q\u0259rarlar verm\u0259y\u0259 haz\u0131rd\u0131r.<\/p>\n\n\n\n<p>Maraql\u0131d\u0131r ki, s\u00f6z\u00fcged\u0259n add\u0131mlar Rusiya lideri Putinin \u201cDa\u011fl\u0131q Qaraba\u011f v\u0259 \u0259traf\u0131ndak\u0131 rayonlar h\u0259r zaman Az\u0259rbaycan\u0131n t\u0259rkib hiss\u0259si olub\u201d kimi q\u0259ti m\u00f6vqeyi il\u0259 paralel gedir.<\/p>\n\n\n\n<p>Bel\u0259 \u00e7\u0131x\u0131r ki, soros\u00e7ular \u201cPa\u015finyan layih\u0259si\u201dnd\u0259n q\u0259tiyy\u0259n \u0259l \u00e7\u0259km\u0259yib v\u0259 b\u00fct\u00fcn vasit\u0259l\u0259rl\u0259 Erm\u0259nistan\u0131 Rusiyadan qoparmaq ist\u0259yirl\u0259r. Buna g\u00f6r\u0259 d\u0259 t\u0259l\u0259sik Minsk Qrupu format\u0131na d\u00f6nm\u0259k, \u201cdqr\u201dl\u0259 ba\u011fl\u0131 q\u0259tnam\u0259l\u0259r \u00e7\u0131xarmaq, ba\u015fqa s\u00f6zl\u0259, kapitulyasiya imzalayan Erm\u0259nistan\u0131 xilas etm\u0259y\u0259 t\u0259l\u0259sirl\u0259r.<\/p>\n\n\n\n<p>\u018flb\u0259tt\u0259, Rusiya lideri n\u0259 yuxar\u0131da xat\u0131rlatd\u0131\u011f\u0131m\u0131z s\u00f6z\u00fc, n\u0259 d\u0259 \u00fc\u00e7l\u00fc B\u0259yanatdan \u00e7\u0131xma\u011f\u0131n \u0130r\u0259van \u00fc\u00e7\u00fcn \u00f6z\u00fcn\u0259q\u0259sd oldu\u011funu t\u0259sad\u00fcf\u0259n dem\u0259mi\u015fdi. Rusiya v\u0259 T\u00fcrkiy\u0259 b\u00f6lg\u0259y\u0259 \u201cmin kilometrl\u0259rl\u0259 uzaqda yerl\u0259\u015f\u0259n \u00f6lk\u0259l\u0259ri\u201d buraxmaq niyy\u0259tind\u0259 deyill\u0259r. Bunu h\u0259r iki \u00f6lk\u0259 Suriyada a\u00e7\u0131q \u015f\u0259kild\u0259 n\u00fcmayi\u015f etdirdi.<\/p>\n\n\n\n<p>Ancaq \u201cSoros d\u00fc\u015f\u00fcnc\u0259si\u201dnd\u0259n imtina edilm\u0259m\u0259si b\u00f6lg\u0259mizd\u0259, daha d\u0259qiq des\u0259k, Az\u0259rbaycan torpaqlar\u0131nda he\u00e7 d\u0259 h\u0259r \u015feyin d\u00fc\u015f\u00fcnd\u00fcy\u00fcm\u00fcz kimi s\u00fcr\u0259tl\u0259 v\u0259 r\u0259van getm\u0259y\u0259c\u0259yind\u0259n x\u0259b\u0259r verir.<\/p>\n\n\n\n<p>Baqratyan bir ne\u00e7\u0259 g\u00fcnd\u00fcr erm\u0259ni ictimai-siyasi fikrind\u0259 ged\u0259n m\u00fczakir\u0259l\u0259ri \u00fcmumil\u0259\u015fdir\u0259r\u0259k, \u201c80 faizi m\u0259hv olan\u201d ordunun q\u0131sa m\u00fcdd\u0259td\u0259 yenid\u0259n qurulmas\u0131 v\u0259 m\u00fcharib\u0259y\u0259 haz\u0131rla\u015fma\u011f\u0131n vacibliyini dedi. N\u0259z\u0259r\u0259 alsaq ki, Fransa Az\u0259rbaycan\u0131n V\u0259t\u0259n m\u00fcharib\u0259si zaman\u0131 h\u0259m siyasi, h\u0259m d\u0259 h\u0259rbi d\u0259st\u0259yini Erm\u0259nistandan \u0259sirg\u0259mirdi, onda bu \u201cquruculuqda\u201d kimin dominant olaca\u011f\u0131 da b\u0259llidir.<\/p>\n\n\n\n<p>Eyni zamanda, \u201cist\u0259m\u0259s\u0259k d\u0259, Rusiya il\u0259 \u00e7al\u0131\u015fma\u011fa m\u0259cburuq\u201d dey\u0259n Baqratyan Erm\u0259nistan\u0131n bu prosesd\u0259 Rusiyadan da maksimum b\u0259hr\u0259l\u0259nm\u0259y\u0259 \u00e7al\u0131\u015fd\u0131\u011f\u0131n\u0131 ifad\u0259 etdi. M\u0259hz bu \u201cb\u0259hr\u0259l\u0259nm\u0259\u201d ist\u0259yidir ki, erm\u0259nil\u0259r Rusiya s\u00fclhm\u0259raml\u0131lar\u0131n\u0131n n\u0259zar\u0259tind\u0259 olan \u0259razil\u0259ri \u201c\u0259ll\u0259rind\u0259 qalan\u201d say\u0131rlar.<\/p>\n\n\n\n<p><strong>Haz\u0131rk\u0131 m\u00fczakir\u0259l\u0259rd\u0259 \u0259n diqq\u0259t\u00e7\u0259k\u0259n m\u0259qamlar<\/strong><\/p>\n\n\n\n<p>1. Erm\u0259ni ekspertl\u0259r \u201ct\u0259mas x\u0259ttinin\u201d olmad\u0131\u011f\u0131n\u0131, b\u0259zi yerl\u0259rd\u0259 \u201cburda bizim ordumuz dayan\u0131r, ondan 20 km m\u0259saf\u0259d\u0259 is\u0259 Az\u0259rbaycan ordusu\u201d dey\u0259r\u0259k, s\u00f6z\u00fcged\u0259n m\u0259saf\u0259nin \u201cke\u00e7ilm\u0259sini\u201d t\u0259klif edirl\u0259r.<\/p>\n\n\n\n<p>Bu, \u0259lb\u0259tt\u0259, Erm\u0259nistan\u0131n indiki hal\u0131nda intihara b\u0259rab\u0259r risk olard\u0131. Ancaq \u0259n m\u00fch\u00fcm m\u0259qam \u201cburda bizim ordu dayan\u0131r\u201d ifad\u0259sidir.<\/p>\n\n\n\n<p>Az\u0259rbaycan\u0131n t\u0259l\u0259bi Erm\u0259nistan ordusunun, erm\u0259ni silahl\u0131 birl\u0259\u015fm\u0259l\u0259rinin Az\u0259rbaycan \u0259razisini son n\u0259f\u0259rin\u0259d\u0259k t\u0259rk etm\u0259sidir. Buna Rusiya qarant durub v\u0259 Rusiya s\u00fclhm\u0259raml\u0131lar\u0131 da m\u0259hz erm\u0259ni silahl\u0131lar\u0131n\u0131n t\u0259rk etdiyi \u0259razil\u0259r\u0259 yerl\u0259\u015fm\u0259kl\u0259, m\u00fcmk\u00fcn toqqu\u015fman\u0131n qar\u015f\u0131s\u0131n\u0131 almaq missiyas\u0131n\u0131 \u00fcz\u0259rin\u0259 g\u00f6t\u00fcr\u00fcb. Bel\u0259 oldu\u011fu halda, \u201cerm\u0259ni ordusu\u201d harda dayana bil\u0259r?<\/p>\n\n\n\n<p>Ehtimal ki, Erm\u0259nistan Rusiya s\u00fclhm\u0259raml\u0131lar\u0131n\u0131n n\u0259zar\u0259tind\u0259 olar \u0259razil\u0259rd\u0259 \u00f6z q\u00fcvv\u0259l\u0259rini saxlamaq \u00fc\u00e7\u00fcn cidd-c\u0259hdl\u0259 \u00e7al\u0131\u015f\u0131r. M\u00fcmk\u00fcnd\u00fcrm\u00fc?<\/p>\n\n\n\n<p>Birm\u0259nal\u0131 olaraq Az\u0259rbaycan buna imkan verm\u0259y\u0259c\u0259k.<\/p>\n\n\n\n<p>2. T\u0259rk edil\u0259n \u0259razil\u0259rl\u0259 ba\u011fl\u0131 ciddi m\u00fczakir\u0259l\u0259r\u0259 ehtiyac var.<\/p>\n\n\n\n<p>M\u0259s\u0259l\u0259 bundad\u0131r ki, Erm\u0259nistan t\u0259r\u0259fi, m\u0259s\u0259l\u0259n, K\u0259lb\u0259c\u0259rin \u0259razisini 2 min kv\/km-ya yax\u0131n olaraq (1936 kv\/km) q\u0259bul etm\u0259y\u0259 \u00e7al\u0131\u015f\u0131r.<\/p>\n\n\n\n<p>Halbuki 13 oktyabr 1992-ci ild\u0259 A\u011fd\u0259r\u0259 rayonu l\u0259\u011fv edilib v\u0259 onun \u0259razisinin bir hiss\u0259si T\u0259rt\u0259r\u0259, bir hiss\u0259si A\u011fdama, bir hiss\u0259si is\u0259 K\u0259lb\u0259c\u0259r\u0259 verilib.<\/p>\n\n\n\n<p>T\u0259rt\u0259r\u0259 aid k\u0259ndl\u0259rin b\u0259zil\u0259rini Ordumuz V\u0259t\u0259n m\u00fcharib\u0259sind\u0259 n\u0259zar\u0259t\u0259 g\u00f6t\u00fcrd\u00fc, A\u011fdam \u00f6lk\u0259miz\u0259 t\u0259hvil veril\u0259rk\u0259n is\u0259 daha bir ne\u00e7\u0259 k\u0259nd A\u011fdam v\u0259 T\u0259rt\u0259r\u0259 qaytar\u0131ld\u0131.<\/p>\n\n\n\n<p>1992-ci ild\u0259n \u2013 A\u011fd\u0259r\u0259nin bir hiss\u0259si K\u0259lb\u0259c\u0259r\u0259 birl\u0259\u015fdiril\u0259nd\u0259n sonra K\u0259lb\u0259c\u0259rin \u0259razisi 3050 kv\/km-dir. Bel\u0259likl\u0259, Az\u0259rbaycan K\u0259lb\u0259c\u0259rin tam \u0259razisinin azad edilm\u0259sini t\u0259l\u0259b edir.<\/p>\n\n\n\n<p>Erm\u0259ni siyas\u0259t\u00e7il\u0259r \u201c\u0259g\u0259r yen\u0259 \u0259limizd\u0259n almasalar\u2026\u201d dey\u0259nd\u0259, m\u0259hz bunlar\u0131 n\u0259z\u0259rd\u0259 tuturlar.<\/p>\n\n\n\n<p>X\u00fcsusi olaraq vur\u011fulayaq ki, Az\u0259rbaycanda \u018fsg\u0259ran rayonu da m\u00f6vcud deyil. Bu rayon 26 noyabr 1991-ci ild\u0259 l\u0259\u011fv edilib v\u0259 \u0259razisi Xocal\u0131 rayonuna verilib.<\/p>\n\n\n\n<p>Bel\u0259likl\u0259, ciddi m\u00fczakir\u0259l\u0259r v\u0259 t\u0259l\u0259bl\u0259r \u00fc\u00e7\u00fcn \u0259saslar var.<\/p>\n\n\n\n<p><strong>Az\u0259rbaycan\u0131n birm\u0259nal\u0131 m\u00f6vqeyi<\/strong><\/p>\n\n\n\n<p>Yuxar\u0131da xat\u0131rlatd\u0131\u011f\u0131m\u0131z \u201cdqr\u201din \u201c\u0259razisi\u201d bar\u0259d\u0259 suala \u0259n m\u00fck\u0259mm\u0259l cavab\u0131 Prezidentimiz, Ali Ba\u015f Komandan \u0130lham \u018fliyev K\u0259lb\u0259c\u0259rin Az\u0259rbaycana t\u0259hvil verilm\u0259si il\u0259 ba\u011fl\u0131 \u00f6t\u0259n g\u00fcn xalqa m\u00fcraci\u0259tind\u0259 birm\u0259nal\u0131 cavab verdi.<\/p>\n\n\n\n<p>Prezident \u0130lham \u018fliyev dedi ki: \u201cOnlar (d\u00fc\u015fm\u0259n \u2013 red.) \u201cdqr\u201din x\u0259rit\u0259l\u0259rini d\u00fcz\u0259ltmi\u015fdil\u0259r. Han\u0131 o x\u0259rit\u0259l\u0259r? Ham\u0131s\u0131 m\u0259hv oldu. O x\u0259rit\u0259l\u0259r, sad\u0259c\u0259 olaraq, ka\u011f\u0131z par\u00e7as\u0131d\u0131r. H\u0259m ke\u00e7mi\u015f Da\u011fl\u0131q Qaraba\u011f Muxtar Vilay\u0259tinin b\u00fct\u00fcn \u0259razisini, \u015eu\u015fan\u0131, eyni zamanda, \u0259trafda yerl\u0259\u015f\u0259n b\u00fct\u00fcn 7 rayonu da aid etmi\u015fl\u0259r \u201cdqr\u201d\u0259. Bu x\u0259rit\u0259l\u0259ri d\u0259rc edirdil\u0259r, d\u0259rslikl\u0259r\u0259 salm\u0131\u015fd\u0131lar, s\u0259rgil\u0259rd\u0259 n\u00fcmayi\u015f etdirirdil\u0259r. Bu x\u0259rit\u0259l\u0259ri onlar el\u0259 t\u0259qdim edirdil\u0259r ki, budur \u201cDa\u011fl\u0131q Qaraba\u011f respublikas\u0131\u201d. \u0130ndi n\u0259 qal\u0131b o x\u0259rit\u0259l\u0259rd\u0259? He\u00e7 n\u0259. Az\u0259rbaycan \u00f6z \u0259razi b\u00fct\u00f6vl\u00fcy\u00fcn\u00fcn b\u0259rpas\u0131 istiqam\u0259tind\u0259 laz\u0131mi add\u0131mlar at\u0131bd\u0131r\u201d.<\/p>\n\n\n\n<p>Bu, Prezidentimizin onlar\u0131n i\u015f\u011fal x\u0259rit\u0259sin\u0259 m\u00fcnasib\u0259ti, eyni zamanda d\u0259qiq qiym\u0259tl\u0259ndirm\u0259dir: \u201c\u0130ndi n\u0259 qal\u0131b o x\u0259rit\u0259l\u0259rd\u0259n? He\u00e7 n\u0259!\u201d<\/p>\n\n\n\n<p>Bel\u0259likl\u0259, erm\u0259nil\u0259r o \u201che\u00e7 n\u0259\u201d \u00fcst\u00fcnd\u0259 ciddi oyunlar qurma\u011fa, h\u0259rb meydan\u0131nda darmada\u011f\u0131n olmalar\u0131ndan sonra \u201cn\u0259s\u0259\u201d saxlama\u011fa \u00e7al\u0131\u015f\u0131rlar. Erm\u0259nistan bu add\u0131mlar\u0131 il\u0259 \u0259slind\u0259 ciddi iqtisadi \u00e7\u0259tinlikl\u0259rl\u0259 \u00fcz-\u00fcz\u0259 qala bil\u0259r: bu, ordusunun 80 faizi m\u0259hv olan, \u00fcst\u0259lik, pandemiyan\u0131n z\u0259rb\u0259l\u0259rinin davam etdiyi bir vaxtda xarici borclanman\u0131 art\u0131ran, milli valyutas\u0131 \u00e7\u00f6k\u0259n Erm\u0259nistan\u0131n dalana dir\u0259nm\u0259si dem\u0259kdir. \u00c7\u00fcnki bu israrla s\u00fclh raz\u0131la\u015fmas\u0131n\u0131 l\u0259ngid\u0259 bil\u0259r ki, n\u0259tic\u0259d\u0259 kommunikasiyalar\u0131n b\u0259rpas\u0131 gecik\u0259r, Erm\u0259nistan iqtisadi blokadas\u0131 saxlan\u0131lar. \u0130qtisadi blokadan\u0131n bu 20 il \u0259rzind\u0259 Erm\u0259nistan\u0131 hans\u0131 probleml\u0259rl\u0259 \u00fcz-\u00fcz\u0259 qoydu\u011fu g\u00f6z \u00f6n\u00fcnd\u0259dir. Daha bir m\u00fcdd\u0259t davam ed\u0259c\u0259yi halda bu \u00f6lk\u0259d\u0259 h\u0259m d\u0259 demokrafik f\u0259lak\u0259t ya\u015fana bil\u0259r.<\/p>\n\n\n\n<p>\u00dcst\u0259lik, Az\u0259rbaycan Prezidenti i\u015f\u011fal fakt\u0131na v\u0259 s\u0259rv\u0259tl\u0259rinin talanmas\u0131na g\u00f6r\u0259 t\u0259zminat davas\u0131 t\u0259l\u0259b etm\u0259k irad\u0259sini ortaya qoyub. D\u0259qiq hesablamalar aparmaq \u00fc\u00e7\u00fcn \u00f6lk\u0259miz xarici m\u00fct\u0259x\u0259ssisl\u0259ri v\u0259 beyn\u0259lxalq t\u0259\u015fkilatlar\u0131 da proses\u0259 c\u0259lb etm\u0259kd\u0259dir v\u0259 bu t\u0259zminat\u0131n art\u0131q bir trilyona \u00e7ataca\u011f\u0131 haqda ilkin qiym\u0259tl\u0259ndirm\u0259l\u0259r var. B\u00f6y\u00fck ehtimalla Erm\u0259nistan bu t\u0259zminat\u0131 torpa\u011f\u0131 il\u0259 \u00f6d\u0259y\u0259c\u0259k.<\/p>\n\n\n\n<p><strong>Bel\u0259 \u015f\u0259raitd\u0259 Erm\u0259nistan\u0131n haz\u0131rk\u0131 siyas\u0259ti hans\u0131 m\u0259ntiq\u0259 uy\u011fundur?<\/strong><\/p>\n\n\n\n<p>He\u00e7 bir m\u0259ntiq\u0259! \u00c7\u00fcnki erm\u0259ni siyas\u0259t\u00e7il\u0259ri normal d\u00fc\u015f\u00fcnc\u0259d\u0259n, qon\u015fularla normal \u0259laq\u0259l\u0259r qurulmas\u0131n\u0131n vacibliyi v\u0259 \u0259razi iddialar\u0131ndan \u0259l \u00e7\u0259km\u0259nin xilas yolu oldu\u011funu anlamaq hissind\u0259n m\u0259hrumdurlar. Bu bax\u0131mdan yuxar\u0131dak\u0131 ssenari \u00fczr\u0259 Erm\u0259nistan\u0131n tam \u00e7\u00f6k\u00fc\u015f\u00fcn\u0259 q\u0259d\u0259r uzunm\u00fcdd\u0259tli prosesin ged\u0259c\u0259yi ehtimal\u0131na haz\u0131r olmal\u0131y\u0131q.(axar.az)<\/p>\n","protected":false},"excerpt":{"rendered":"<p>Az\u0259rbaycan\u0131n V\u0259t\u0259n m\u00fcharib\u0259sind\u0259 a\u011f\u0131r m\u0259\u011flubiyy\u0259tl\u0259 \u00fczl\u0259\u015f\u0259n v\u0259 kapitulyasiyaya imza atan Erm\u0259nistan i\u015f\u011fal\u00e7\u0131l\u0131q planlar\u0131ndan \u0259l \u00e7\u0259km\u0259k niyy\u0259tind\u0259 olmad\u0131\u011f\u0131n\u0131 b\u00fct\u00fcn vasit\u0259l\u0259rl\u0259 ortaya qoymaqdad\u0131r. \u00d6lk\u0259mizin \u0259razi b\u00fct\u00f6vl\u00fcy\u00fcn\u00fc<\/p>\n","protected":false},"author":2,"featured_media":21703,"comment_status":"closed","ping_status":"closed","sticky":false,"template":"","format":"standard","meta":{"footnotes":""},"categories":[6],"tags":[],"class_list":["post-21702","post","type-post","status-publish","format-standard","has-post-thumbnail","hentry","category-arasdirma"],"aioseo_notices":[],"_links":{"self":[{"href":"https:\/\/fedai.az\/index.php?rest_route=\/wp\/v2\/posts\/21702","targetHints":{"allow":["GET"]}}],"collection":[{"href":"https:\/\/fedai.az\/index.php?rest_route=\/wp\/v2\/posts"}],"about":[{"href":"https:\/\/fedai.az\/index.php?rest_route=\/wp\/v2\/types\/post"}],"author":[{"embeddable":true,"href":"https:\/\/fedai.az\/index.php?rest_route=\/wp\/v2\/users\/2"}],"replies":[{"embeddable":true,"href":"https:\/\/fedai.az\/index.php?rest_route=%2Fwp%2Fv2%2Fcomments&post=21702"}],"version-history":[{"count":1,"href":"https:\/\/fedai.az\/index.php?rest_route=\/wp\/v2\/posts\/21702\/revisions"}],"predecessor-version":[{"id":21704,"href":"https:\/\/fedai.az\/index.php?rest_route=\/wp\/v2\/posts\/21702\/revisions\/21704"}],"wp:featuredmedia":[{"embeddable":true,"href":"https:\/\/fedai.az\/index.php?rest_route=\/wp\/v2\/media\/21703"}],"wp:attachment":[{"href":"https:\/\/fedai.az\/index.php?rest_route=%2Fwp%2Fv2%2Fmedia&parent=21702"}],"wp:term":[{"taxonomy":"category","embeddable":true,"href":"https:\/\/fedai.az\/index.php?rest_route=%2Fwp%2Fv2%2Fcategories&post=21702"},{"taxonomy":"post_tag","embeddable":true,"href":"https:\/\/fedai.az\/index.php?rest_route=%2Fwp%2Fv2%2Ftags&post=21702"}],"curies":[{"name":"wp","href":"https:\/\/api.w.org\/{rel}","templated":true}]}}