{"id":21834,"date":"2020-11-28T12:56:31","date_gmt":"2020-11-28T08:56:31","guid":{"rendered":"https:\/\/fedai.az\/?p=21834"},"modified":"2020-11-28T12:56:34","modified_gmt":"2020-11-28T08:56:34","slug":"k%c9%99lb%c9%99c%c9%99r-s%c9%99h%c9%99rind%c9%99-az%c9%99rbaycan-bayragi-qaldirilib","status":"publish","type":"post","link":"https:\/\/fedai.az\/?p=21834","title":{"rendered":"K\u0259lb\u0259c\u0259r \u015f\u0259h\u0259rind\u0259 Az\u0259rbaycan bayra\u011f\u0131 qald\u0131r\u0131l\u0131b"},"content":{"rendered":"\n<p><strong>\u0130\u015f\u011faldan azad olunan K\u0259lb\u0259c\u0259r \u015f\u0259h\u0259rind\u0259 Az\u0259rbaycan bayra\u011f\u0131 qald\u0131r\u0131l\u0131b.<\/strong><\/p>\n\n\n\n<p><a href=\"https:\/\/report.az\/qarabag\/isgaldan-azad-olunan-kelbecer-seherinde-azerbaycan-bayragi-qaldirilib\/\" target=\"_blank\" rel=\"noreferrer noopener\">&#171;Report&#187;<\/a>un x\u0259b\u0259rin\u0259 g\u00f6r\u0259, bu bar\u0259d\u0259 Az\u0259rbaycan M\u00fcdafi\u0259 Nazirliyi m\u0259lumat yay\u0131b.<\/p>\n\n\n\n<p>G\u00f6r\u00fcnt\u00fcl\u0259ri t\u0259qdim edirik.<\/p>\n\n\n\n<figure class=\"wp-block-embed-youtube wp-block-embed is-type-video is-provider-youtube wp-embed-aspect-16-9 wp-has-aspect-ratio\"><div class=\"wp-block-embed__wrapper\">\n<iframe loading=\"lazy\" title=\"\u0130\u015f\u011faldan azad olunan K\u0259lb\u0259c\u0259r \u015f\u0259h\u0259rind\u0259 Az\u0259rbaycan bayra\u011f\u0131 qald\u0131r\u0131l\u0131b\" width=\"715\" height=\"402\" src=\"https:\/\/www.youtube.com\/embed\/MtyYRhuYLbE?feature=oembed\" frameborder=\"0\" allow=\"accelerometer; autoplay; clipboard-write; encrypted-media; gyroscope; picture-in-picture\" allowfullscreen><\/iframe>\n<\/div><\/figure>\n","protected":false},"excerpt":{"rendered":"<p>\u0130\u015f\u011faldan azad olunan K\u0259lb\u0259c\u0259r \u015f\u0259h\u0259rind\u0259 Az\u0259rbaycan bayra\u011f\u0131 qald\u0131r\u0131l\u0131b. &#171;Report&#187;un x\u0259b\u0259rin\u0259 g\u00f6r\u0259, bu bar\u0259d\u0259 Az\u0259rbaycan M\u00fcdafi\u0259 Nazirliyi m\u0259lumat yay\u0131b. G\u00f6r\u00fcnt\u00fcl\u0259ri t\u0259qdim edirik.<\/p>\n","protected":false},"author":2,"featured_media":21836,"comment_status":"closed","ping_status":"closed","sticky":false,"template":"","format":"standard","meta":{"footnotes":""},"categories":[3],"tags":[],"class_list":["post-21834","post","type-post","status-publish","format-standard","has-post-thumbnail","hentry","category-gundm"],"aioseo_notices":[],"_links":{"self":[{"href":"https:\/\/fedai.az\/index.php?rest_route=\/wp\/v2\/posts\/21834","targetHints":{"allow":["GET"]}}],"collection":[{"href":"https:\/\/fedai.az\/index.php?rest_route=\/wp\/v2\/posts"}],"about":[{"href":"https:\/\/fedai.az\/index.php?rest_route=\/wp\/v2\/types\/post"}],"author":[{"embeddable":true,"href":"https:\/\/fedai.az\/index.php?rest_route=\/wp\/v2\/users\/2"}],"replies":[{"embeddable":true,"href":"https:\/\/fedai.az\/index.php?rest_route=%2Fwp%2Fv2%2Fcomments&post=21834"}],"version-history":[{"count":1,"href":"https:\/\/fedai.az\/index.php?rest_route=\/wp\/v2\/posts\/21834\/revisions"}],"predecessor-version":[{"id":21837,"href":"https:\/\/fedai.az\/index.php?rest_route=\/wp\/v2\/posts\/21834\/revisions\/21837"}],"wp:featuredmedia":[{"embeddable":true,"href":"https:\/\/fedai.az\/index.php?rest_route=\/wp\/v2\/media\/21836"}],"wp:attachment":[{"href":"https:\/\/fedai.az\/index.php?rest_route=%2Fwp%2Fv2%2Fmedia&parent=21834"}],"wp:term":[{"taxonomy":"category","embeddable":true,"href":"https:\/\/fedai.az\/index.php?rest_route=%2Fwp%2Fv2%2Fcategories&post=21834"},{"taxonomy":"post_tag","embeddable":true,"href":"https:\/\/fedai.az\/index.php?rest_route=%2Fwp%2Fv2%2Ftags&post=21834"}],"curies":[{"name":"wp","href":"https:\/\/api.w.org\/{rel}","templated":true}]}}