{"id":21839,"date":"2020-11-28T14:10:00","date_gmt":"2020-11-28T10:10:00","guid":{"rendered":"https:\/\/fedai.az\/?p=21839"},"modified":"2020-11-28T14:10:07","modified_gmt":"2020-11-28T10:10:07","slug":"dasalti-yaxinliginda-s%c9%99hid-olan-%c9%99sg%c9%99rin-qardasi-da-1992-ci-il-dasaltinda-itkin-dusmusdu","status":"publish","type":"post","link":"https:\/\/fedai.az\/?p=21839","title":{"rendered":"Da\u015falt\u0131 yax\u0131nl\u0131\u011f\u0131nda \u015f\u0259hid olan \u0259sg\u0259rin qarda\u015f\u0131 da 1992-ci il Da\u015falt\u0131nda itkin d\u00fc\u015fm\u00fc\u015fd\u00fc"},"content":{"rendered":"\n<p><strong>Az\u0259rbaycanl\u0131 \u0259sg\u0259r \u015eu\u015fa yax\u0131nl\u0131\u011f\u0131nda minaya d\u00fc\u015f\u0259r\u0259k \u015f\u0259hid olub.<\/strong><\/p>\n\n\n\n<p>\u015e\u0259hidimiz Nahid Musa o\u011flu A\u011falarov, 44 g\u00fcnl\u00fck m\u00fcharib\u0259nin q\u0259hr\u0259manlar\u0131ndand\u0131r. Bir ne\u00e7\u0259 g\u00fcn \u00f6nc\u0259 La\u00e7\u0131n-\u015eu\u015fa yolunda avtomobild\u0259 minaya d\u00fc\u015f\u0259r\u0259k \u015f\u0259hidlik zirv\u0259sin\u0259 ucal\u0131b. \u015e\u0259hid Nahid A\u011falarov Goranboy rayonunun Xan Q\u0259rv\u0259nd k\u0259ndind\u0259 d\u0259fn olunub.<\/p>\n\n\n\n<p>Bildirilir ki, Nahidin b\u00f6y\u00fck qarda\u015f\u0131 Ya\u015far A\u011falarov da Birinci Qaraba\u011f m\u00fcharib\u0259sind\u0259 \u2013 Da\u015falt\u0131 \u0259m\u0259liyyat\u0131nda itkin d\u00fc\u015fm\u00fc\u015fd\u00fc, uzun ill\u0259r ondan x\u0259b\u0259r \u00e7\u0131xmad\u0131\u00f6\u0131na g\u00f6r\u0259 ona \u015f\u0259hidlik statusu verilmi\u015fdi. <\/p>\n\n\n\n<p>Tale el\u0259 g\u0259tirdi ki, Nahid d\u0259 qarda\u015f\u0131n\u0131n d\u00f6y\u00fc\u015fd\u00fcy\u00fc yerd\u0259 \u2013 el\u0259 \u015eu\u015fada, Da\u015falt\u0131 yax\u0131nl\u0131\u011f\u0131nda \u015f\u0259hid oldu.<\/p>\n\n\n\n<p><strong>M\u0259kanlar\u0131 c\u0259nn\u0259t olsun!<\/strong><\/p>\n\n\n\n<p><strong>P.S. Rusiyan\u0131n s\u00fclhm\u0259raml\u0131lar\u0131 bu minalar\u0131n x\u0259rit\u0259l\u0259rini al\u0131b t\u0259mizl\u0259m\u0259k \u0259v\u0259zin\u0259 erm\u0259ni k\u00f6\u00e7\u00fc t\u0259\u015fkil etm\u0259kl\u0259 m\u0259\u015f\u011ful olur. H\u0259tta Qaraba\u011fa d\u0259xli olmayan erm\u0259nil\u0259rin k\u00f6\u00e7\u00fcn\u00fc t\u0259\u015fkil etm\u0259y\u0259 \u00e7al\u0131\u015fd\u0131\u011f\u0131n\u0131 da dey\u0259 bil\u0259rik. Rus olan yerd\u0259 s\u00fclh olmaz.<\/strong><\/p>\n","protected":false},"excerpt":{"rendered":"<p>Az\u0259rbaycanl\u0131 \u0259sg\u0259r \u015eu\u015fa yax\u0131nl\u0131\u011f\u0131nda minaya d\u00fc\u015f\u0259r\u0259k \u015f\u0259hid olub. \u015e\u0259hidimiz Nahid Musa o\u011flu A\u011falarov, 44 g\u00fcnl\u00fck m\u00fcharib\u0259nin q\u0259hr\u0259manlar\u0131ndand\u0131r. Bir ne\u00e7\u0259 g\u00fcn \u00f6nc\u0259 La\u00e7\u0131n-\u015eu\u015fa yolunda avtomobild\u0259<\/p>\n","protected":false},"author":2,"featured_media":21840,"comment_status":"closed","ping_status":"closed","sticky":false,"template":"","format":"standard","meta":{"footnotes":""},"categories":[5],"tags":[],"class_list":["post-21839","post","type-post","status-publish","format-standard","has-post-thumbnail","hentry","category-veteran"],"aioseo_notices":[],"_links":{"self":[{"href":"https:\/\/fedai.az\/index.php?rest_route=\/wp\/v2\/posts\/21839","targetHints":{"allow":["GET"]}}],"collection":[{"href":"https:\/\/fedai.az\/index.php?rest_route=\/wp\/v2\/posts"}],"about":[{"href":"https:\/\/fedai.az\/index.php?rest_route=\/wp\/v2\/types\/post"}],"author":[{"embeddable":true,"href":"https:\/\/fedai.az\/index.php?rest_route=\/wp\/v2\/users\/2"}],"replies":[{"embeddable":true,"href":"https:\/\/fedai.az\/index.php?rest_route=%2Fwp%2Fv2%2Fcomments&post=21839"}],"version-history":[{"count":1,"href":"https:\/\/fedai.az\/index.php?rest_route=\/wp\/v2\/posts\/21839\/revisions"}],"predecessor-version":[{"id":21841,"href":"https:\/\/fedai.az\/index.php?rest_route=\/wp\/v2\/posts\/21839\/revisions\/21841"}],"wp:featuredmedia":[{"embeddable":true,"href":"https:\/\/fedai.az\/index.php?rest_route=\/wp\/v2\/media\/21840"}],"wp:attachment":[{"href":"https:\/\/fedai.az\/index.php?rest_route=%2Fwp%2Fv2%2Fmedia&parent=21839"}],"wp:term":[{"taxonomy":"category","embeddable":true,"href":"https:\/\/fedai.az\/index.php?rest_route=%2Fwp%2Fv2%2Fcategories&post=21839"},{"taxonomy":"post_tag","embeddable":true,"href":"https:\/\/fedai.az\/index.php?rest_route=%2Fwp%2Fv2%2Ftags&post=21839"}],"curies":[{"name":"wp","href":"https:\/\/api.w.org\/{rel}","templated":true}]}}