{"id":21855,"date":"2020-11-29T01:29:42","date_gmt":"2020-11-28T21:29:42","guid":{"rendered":"https:\/\/fedai.az\/?p=21855"},"modified":"2020-11-29T01:29:43","modified_gmt":"2020-11-28T21:29:43","slug":"olum%c9%99-meydan-oxuyan-az%c9%99rbaycanli-%c9%99sg%c9%99r","status":"publish","type":"post","link":"https:\/\/fedai.az\/?p=21855","title":{"rendered":"\u00d6l\u00fcm\u0259 meydan oxuyan az\u0259rbaycanl\u0131 \u0259sg\u0259r"},"content":{"rendered":"\n<p><strong>Morqa apar\u0131lan az\u0259rbaycanl\u0131 \u0259sg\u0259r dirilib.\u00a0<\/strong><\/p>\n\n\n\n<p>Fedai.az Sonxeber.az-a istinad\u0259n x\u0259b\u0259r verir ki, m\u0259lumata g\u00f6r\u0259 h\u0259min \u0259sg\u0259r ba\u015f k\u0259\u015ffiyyat\u00e7\u0131 H\u00fcseynov Elxan Maarif o\u011flu olub. Bildirilir ki, o \u015eu\u015fa v\u0259 dig\u0259r i\u015f\u011falda olan \u015f\u0259h\u0259r v\u0259 k\u0259ndl\u0259rimizin azad olunmas\u0131nda \u0259v\u0259zsiz xidm\u0259t g\u00f6st\u0259rib. D\u00f6y\u00fc\u015f tap\u015f\u0131r\u0131\u011f\u0131n\u0131 h\u0259yata ke\u00e7ir\u0259n zaman, snayper at\u0259\u015fi n\u0259tic\u0259sind\u0259 ba\u015f\u0131ndan yaralanan Elxan\u0131n \u015f\u0259hid oldu\u011fu g\u00fcman edilir v\u0259 \u0259sg\u0259r yolda\u015flar\u0131 t\u0259r\u0259find\u0259n morqa apar\u0131l\u0131r.<\/p>\n\n\n\n<p> 2 g\u00fcn morqda qald\u0131qdan sonra, 3-c\u00fc g\u00fcn dig\u0259r valideyinl\u0259r \u00f6z n\u0259\u0259\u015fl\u0259rini t\u0259hvil g\u00f6t\u00fcrm\u0259y\u0259 g\u0259ldikd\u0259 Elxan\u0131n &#171;X\u0131r\u0131lt\u0131s\u0131n\u0131 &#187; e\u015fidibl\u0259r v\u0259 onun sa\u011f oldu\u011funu anlay\u0131b d\u0259rhal x\u0259st\u0259xanaya aparmaq q\u0259rar\u0131na g\u0259libl\u0259r. <\/p>\n\n\n\n<p>X\u0259st\u0259xanaya apar\u0131lark\u0259n ma\u015f\u0131n\u0131 minaya d\u00fc\u015f\u00fcb v\u0259 m\u00f6c\u00fcz\u0259vi \u015f\u0259kild\u0259 h\u0259yatda qalma\u011f\u0131 bacar\u0131b, lakin daha da a\u011f\u0131r yaralan\u0131b. <\/p>\n\n\n\n<p>Haz\u0131rda Elxan, Bak\u0131 \u015f\u0259h\u0259rind\u0259 reanimasiyada yat\u0131r.<\/p>\n\n\n\n<p><strong>Qazimiz\u0259 Allahdan \u015f\u0259fa dil\u0259yirik!<\/strong><\/p>\n","protected":false},"excerpt":{"rendered":"<p>Morqa apar\u0131lan az\u0259rbaycanl\u0131 \u0259sg\u0259r dirilib.\u00a0 Fedai.az Sonxeber.az-a istinad\u0259n x\u0259b\u0259r verir ki, m\u0259lumata g\u00f6r\u0259 h\u0259min \u0259sg\u0259r ba\u015f k\u0259\u015ffiyyat\u00e7\u0131 H\u00fcseynov Elxan Maarif o\u011flu olub. Bildirilir ki,<\/p>\n","protected":false},"author":2,"featured_media":21856,"comment_status":"closed","ping_status":"closed","sticky":false,"template":"","format":"standard","meta":{"footnotes":""},"categories":[5],"tags":[],"class_list":["post-21855","post","type-post","status-publish","format-standard","has-post-thumbnail","hentry","category-veteran"],"aioseo_notices":[],"_links":{"self":[{"href":"https:\/\/fedai.az\/index.php?rest_route=\/wp\/v2\/posts\/21855","targetHints":{"allow":["GET"]}}],"collection":[{"href":"https:\/\/fedai.az\/index.php?rest_route=\/wp\/v2\/posts"}],"about":[{"href":"https:\/\/fedai.az\/index.php?rest_route=\/wp\/v2\/types\/post"}],"author":[{"embeddable":true,"href":"https:\/\/fedai.az\/index.php?rest_route=\/wp\/v2\/users\/2"}],"replies":[{"embeddable":true,"href":"https:\/\/fedai.az\/index.php?rest_route=%2Fwp%2Fv2%2Fcomments&post=21855"}],"version-history":[{"count":1,"href":"https:\/\/fedai.az\/index.php?rest_route=\/wp\/v2\/posts\/21855\/revisions"}],"predecessor-version":[{"id":21857,"href":"https:\/\/fedai.az\/index.php?rest_route=\/wp\/v2\/posts\/21855\/revisions\/21857"}],"wp:featuredmedia":[{"embeddable":true,"href":"https:\/\/fedai.az\/index.php?rest_route=\/wp\/v2\/media\/21856"}],"wp:attachment":[{"href":"https:\/\/fedai.az\/index.php?rest_route=%2Fwp%2Fv2%2Fmedia&parent=21855"}],"wp:term":[{"taxonomy":"category","embeddable":true,"href":"https:\/\/fedai.az\/index.php?rest_route=%2Fwp%2Fv2%2Fcategories&post=21855"},{"taxonomy":"post_tag","embeddable":true,"href":"https:\/\/fedai.az\/index.php?rest_route=%2Fwp%2Fv2%2Ftags&post=21855"}],"curies":[{"name":"wp","href":"https:\/\/api.w.org\/{rel}","templated":true}]}}