{"id":21858,"date":"2020-11-29T01:37:39","date_gmt":"2020-11-28T21:37:39","guid":{"rendered":"https:\/\/fedai.az\/?p=21858"},"modified":"2020-11-29T02:53:30","modified_gmt":"2020-11-28T22:53:30","slug":"erm%c9%99nil%c9%99r-qizil-yatagin-biz%c9%99-m%c9%99xsus-olan-hiss%c9%99sini-m%c9%99hv-etm%c9%99y%c9%99-calisiblar-r%c9%99smi","status":"publish","type":"post","link":"https:\/\/fedai.az\/?p=21858","title":{"rendered":"&#171;Erm\u0259nil\u0259r q\u0131z\u0131l yata\u011f\u0131n biz\u0259 m\u0259xsus olan hiss\u0259sini m\u0259hv etm\u0259y\u0259 \u00e7al\u0131\u015f\u0131blar&#187; &#8212; R\u0259smi"},"content":{"rendered":"\n<p><strong>Noyabr\u0131n 25-d\u0259 27 illik erm\u0259ni i\u015f\u011fal\u0131ndan azad edil\u0259n K\u0259lb\u0259c\u0259r rayonunda yerl\u0259\u015f\u0259n S\u00f6y\u00fcdl\u00fc (erm\u0259nil\u0259r &#171;Zod&#187; adland\u0131r\u0131r \u2013 red.) yata\u011f\u0131n\u0131n hans\u0131 t\u0259r\u0259fd\u0259 qalaca\u011f\u0131 m\u00fcbahis\u0259l\u0259r\u0259 s\u0259b\u0259b olub.<\/strong><\/p>\n\n\n\n<p><strong>Qeyd ed\u0259k ki, 112 ton q\u0131z\u0131l ehtiyatlar\u0131 olan yataq C\u0259nubi Qafqazda ba\u015fqa yataqlarla m\u00fcqayis\u0259d\u0259 \u0259n y\u00fcks\u0259k iqtisadi g\u00f6st\u0259ricil\u0259r\u0259 malikdir \u2013 1 ton filizd\u0259 7,3 qram q\u0131z\u0131l.<\/strong><\/p>\n\n\n\n<p>Az\u0259rbaycan Ekologiya v\u0259 T\u0259bii S\u0259rv\u0259tl\u0259r Nazirliyinin Milli Geoloji Xidm\u0259tinin r\u0259isi \u018fli \u018fliyev Turan-a a\u00e7\u0131qlamas\u0131nda yataqla ba\u011fl\u0131 bir \u00e7ox m\u0259qamlara ayd\u0131nl\u0131q g\u0259tirib. Onun s\u00f6zl\u0259rin\u0259 g\u00f6r\u0259, Az\u0259rbaycan v\u0259 Erm\u0259nistan aras\u0131ndak\u0131 d\u00f6vl\u0259t s\u0259rh\u0259di SSR\u0130 vaxt\u0131nda ke\u00e7\u0259n x\u0259tl\u0259 b\u00f6l\u00fcnd\u00fcy\u00fc t\u0259qdird\u0259 &#171;Zod-S\u00f6y\u00fcdl\u00fc q\u0131z\u0131l m\u0259d\u0259ninin 74%-i Az\u0259rbaycan\u0131n K\u0259lb\u0259c\u0259r rayonu \u0259razisind\u0259, qalan\u0131 Erm\u0259nistanda qalacaq:<\/p>\n\n\n\n<p>&#171;Bu yataqda a\u015fqar azd\u0131r, q\u0131z\u0131l t\u0259rkibi \u00e7oxdur. Onu istismar etm\u0259k asand\u0131r. Qafqaz\u0131n bu \u0259n b\u00f6y\u00fck yata\u011f\u0131n\u0131n t\u0259rkibind\u0259 q\u0131z\u0131l az olan hiss\u0259si Erm\u0259nistanda yerl\u0259\u015fir. Bunu bil\u0259n erm\u0259ni biznesmenl\u0259r K\u0259lb\u0259c\u0259r rayonunun i\u015f\u011fal\u0131ndan istifad\u0259 edibl\u0259r v\u0259 intensiv olaraq m\u0259hz z\u0259ngin Az\u0259rbaycan hiss\u0259sind\u0259, b\u00f6y\u00fck sah\u0259d\u0259 i\u015fl\u0259yibl\u0259r, bizim zonadan m\u00fcmk\u00fcn q\u0259d\u0259r \u00e7ox filiz \u00e7\u0131xarma\u011fa \u00e7al\u0131\u015f\u0131blar. Erm\u0259nil\u0259r yata\u011f\u0131n biz\u0259 m\u0259xsus olan hiss\u0259sini m\u0259hv etm\u0259y\u0259 \u00e7al\u0131\u015f\u0131blar ki, biz\u0259 he\u00e7 n\u0259 qalmas\u0131n. Amma \u0259min\u0259m ki, 27 illik i\u015f\u011faldan v\u0259 v\u0259h\u015fic\u0259sin\u0259 m\u0259nims\u0259nildikd\u0259n sonra da S\u00f6y\u00fcdl\u00fc yata\u011f\u0131 bo\u015f deyil. Biz yax\u0131n aylarda bu zonan\u0131n monitorinqin\u0259, ziyan\u0131n qiym\u0259tl\u0259ndirilm\u0259sin\u0259 ba\u015flayaca\u011f\u0131q&#187;.<\/p>\n\n\n\n<p>Nazirlik r\u0259smisi bildirib ki, ad\u0131\u00e7\u0259kil\u0259n yata\u011f\u0131n istismar\u0131 perspektivl\u0259rinin m\u00fc\u0259yy\u0259n texnoloji v\u0259 dig\u0259r spesifik m\u0259qamlar\u0131 var:<\/p>\n\n\n\n<p>&#171;Bizim son ill\u0259r &#171;Zod&#187; (&#171;Sot&#187;) yata\u011f\u0131nda operator olan Rusiya \u015firk\u0259ti il\u0259 \u0259laq\u0259miz olmay\u0131b. Noyabr\u0131n 25-d\u0259n etibar\u0259n Az\u0259rbaycan yata\u011f\u0131n \u0259sas hiss\u0259si \u00fcz\u0259rind\u0259 h\u00fcquqlar\u0131n\u0131 \u00f6z\u00fcn\u0259 qaytar\u0131r&#187;.<\/p>\n\n\n\n<p>\u018fli \u018fliyevin s\u00f6zl\u0259rin\u0259 g\u00f6r\u0259, noyabr\u0131n 27-d\u0259 nazirlikd\u0259 dig\u0259r q\u0131z\u0131l yata\u011f\u0131 \u2013 Az\u0259rbaycan\u0131n Z\u0259ngilan rayonunda yerl\u0259\u015f\u0259n Veyn\u0259li il\u0259 ba\u011fl\u0131 m\u00fczakir\u0259l\u0259r apar\u0131l\u0131b:<\/p>\n\n\n\n<p>&#171;Biz onunla ba\u011fl\u0131 b\u00fct\u00fcn m\u0259s\u0259l\u0259l\u0259ri qald\u0131rm\u0131\u015f\u0131q v\u0259 art\u0131q yax\u0131n g\u00fcnl\u0259rd\u0259 onun v\u0259ziyy\u0259tinin monitorinqin\u0259 v\u0259 qiym\u0259tl\u0259ndirilm\u0259sin\u0259 ba\u015flayaca\u011f\u0131q&#187;.<\/p>\n\n\n\n<p>A\u011fd\u0259r\u0259 (T\u0259rt\u0259r rayonunun \u0259razisi) yax\u0131nl\u0131\u011f\u0131ndak\u0131 &#171;Q\u0131z\u0131lbulaq&#187; yata\u011f\u0131na g\u0259linc\u0259, nazirlik n\u00fcmay\u0259nd\u0259sinin s\u00f6zl\u0259rin\u0259 g\u00f6r\u0259, T\u0259rt\u0259r rayonunun qalan hiss\u0259si azad edildikd\u0259n sonra o da Az\u0259rbaycan\u0131n yurisdiksiyas\u0131na d\u00fc\u015f\u00fcr:<\/p>\n\n\n\n<p>&#171;Bu \u00fc\u00e7 yataq \u2013 S\u00f6y\u00fcdl\u00fc, Veyn\u0259li v\u0259 Q\u0131z\u0131lbulaq 1997-ci ilin avqustunda RV \u0130nvestment-l\u0259 imzalanm\u0131\u015f PSA m\u00fcqavil\u0259sin\u0259 daxildir. Biz \u00f6z\u00fcm\u00fcz ilkin monitorinq v\u0259 qiym\u0259tl\u0259ndirm\u0259 apard\u0131qdan sonra bu \u015firk\u0259tin m\u00fct\u0259x\u0259ssisl\u0259rini bu yataqlar\u0131n v\u0259ziyy\u0259tinin qiym\u0259tl\u0259ndirilm\u0259sin\u0259 c\u0259lb ed\u0259c\u0259yik. Az\u0259rbaycan prezidentinin s\u0259r\u0259ncam\u0131 il\u0259 yarad\u0131lm\u0131\u015f azad edilmi\u015f \u0259razil\u0259rd\u0259ki aktivl\u0259rin qiym\u0259tl\u0259ndirilm\u0259si \u00fczr\u0259 komissiya f\u0259al i\u015f\u0259 ba\u015flay\u0131b v\u0259 biz onun i\u015finin, o c\u00fcml\u0259d\u0259n filiz yataqlar\u0131 il\u0259 ba\u011fl\u0131 i\u015finin n\u0259tic\u0259l\u0259rini daha sonra b\u00f6l\u00fc\u015f\u0259c\u0259yik&#187;.(mia.az)<\/p>\n","protected":false},"excerpt":{"rendered":"<p>Noyabr\u0131n 25-d\u0259 27 illik erm\u0259ni i\u015f\u011fal\u0131ndan azad edil\u0259n K\u0259lb\u0259c\u0259r rayonunda yerl\u0259\u015f\u0259n S\u00f6y\u00fcdl\u00fc (erm\u0259nil\u0259r &#171;Zod&#187; adland\u0131r\u0131r \u2013 red.) yata\u011f\u0131n\u0131n hans\u0131 t\u0259r\u0259fd\u0259 qalaca\u011f\u0131 m\u00fcbahis\u0259l\u0259r\u0259 s\u0259b\u0259b olub.<\/p>\n","protected":false},"author":2,"featured_media":21914,"comment_status":"closed","ping_status":"closed","sticky":false,"template":"","format":"standard","meta":{"footnotes":""},"categories":[4],"tags":[],"class_list":["post-21858","post","type-post","status-publish","format-standard","has-post-thumbnail","hentry","category-qarabag"],"aioseo_notices":[],"_links":{"self":[{"href":"https:\/\/fedai.az\/index.php?rest_route=\/wp\/v2\/posts\/21858","targetHints":{"allow":["GET"]}}],"collection":[{"href":"https:\/\/fedai.az\/index.php?rest_route=\/wp\/v2\/posts"}],"about":[{"href":"https:\/\/fedai.az\/index.php?rest_route=\/wp\/v2\/types\/post"}],"author":[{"embeddable":true,"href":"https:\/\/fedai.az\/index.php?rest_route=\/wp\/v2\/users\/2"}],"replies":[{"embeddable":true,"href":"https:\/\/fedai.az\/index.php?rest_route=%2Fwp%2Fv2%2Fcomments&post=21858"}],"version-history":[{"count":1,"href":"https:\/\/fedai.az\/index.php?rest_route=\/wp\/v2\/posts\/21858\/revisions"}],"predecessor-version":[{"id":21915,"href":"https:\/\/fedai.az\/index.php?rest_route=\/wp\/v2\/posts\/21858\/revisions\/21915"}],"wp:featuredmedia":[{"embeddable":true,"href":"https:\/\/fedai.az\/index.php?rest_route=\/wp\/v2\/media\/21914"}],"wp:attachment":[{"href":"https:\/\/fedai.az\/index.php?rest_route=%2Fwp%2Fv2%2Fmedia&parent=21858"}],"wp:term":[{"taxonomy":"category","embeddable":true,"href":"https:\/\/fedai.az\/index.php?rest_route=%2Fwp%2Fv2%2Fcategories&post=21858"},{"taxonomy":"post_tag","embeddable":true,"href":"https:\/\/fedai.az\/index.php?rest_route=%2Fwp%2Fv2%2Ftags&post=21858"}],"curies":[{"name":"wp","href":"https:\/\/api.w.org\/{rel}","templated":true}]}}