{"id":21862,"date":"2020-11-29T01:45:11","date_gmt":"2020-11-28T21:45:11","guid":{"rendered":"https:\/\/fedai.az\/?p=21862"},"modified":"2020-11-29T01:45:12","modified_gmt":"2020-11-28T21:45:12","slug":"quldurbasi-araik-mes%c9%99l%c9%99rd%c9%99-gizl%c9%99n%c9%99n-oglanlarimizi-az%c9%99rbaycanlilar-indi-d%c9%99-oldurur","status":"publish","type":"post","link":"https:\/\/fedai.az\/?p=21862","title":{"rendered":"Quldurba\u015f\u0131 Araik: &#171;Me\u015f\u0259l\u0259rd\u0259 gizl\u0259n\u0259n o\u011flanlar\u0131m\u0131z\u0131 az\u0259rbaycanl\u0131lar indi d\u0259 \u00f6ld\u00fcr\u00fcr&#187;"},"content":{"rendered":"\n<p><strong>Erm\u0259nil\u0259rin n\u00f6vb\u0259ti etiraf\u0131, yoxsa n\u00f6vb\u0259ti t\u0259xribat\u0131?!<\/strong><\/p>\n\n\n\n<p>Art\u0131q 20 g\u00fcn\u0259 yax\u0131nd\u0131r ki, Da\u011fl\u0131q Qaraba\u011fda s\u00fclh h\u00f6km s\u00fcr\u00fcr. Orduya s\u0259f\u0259rb\u0259r edil\u0259n ehtiyat q\u00fcvv\u0259l\u0259r t\u0259rxis olunur. Bel\u0259c\u0259 h\u0259r k\u0259s evin\u0259 d\u00f6n\u00fcr. Amma Erm\u0259nistanda v\u0259 Qaraba\u011fda v\u0259ziyy\u0259t bir q\u0259d\u0259r ba\u015fqa c\u00fcrd\u00fcr. M\u00fcharib\u0259 vaxt\u0131 s\u0259f\u0259rb\u0259r olan y\u00fczl\u0259rl\u0259 erm\u0259nid\u0259n x\u0259b\u0259r-\u0259t\u0259r yoxdur.<\/p>\n\n\n\n<p>Azerforum.com \u201cAysor.am\u201d n\u0259\u015frin\u0259 istinad\u0259n x\u0259b\u0259r verir ki, Erm\u0259nistanda v\u0259 Qaraba\u011fda \u0259sg\u0259r analar\u0131 aya\u011fa qalx\u0131b h\u00f6kum\u0259td\u0259n \u00f6vladlar\u0131n taleyini soru\u015furlar. \u201cJurnalist v\u0259 h\u00fcquq m\u00fcdafi\u0259\u00e7isi Arman Qaribyan Facebook s\u0259hif\u0259sind\u0259 yaz\u0131b ki, \u201c\u0130tkin d\u00fc\u015f\u0259n h\u0259rb\u00e7il\u0259rin valideynl\u0259ri bu g\u00fcn s\u0259h\u0259r saatlar\u0131nda Stepanakertd\u0259ki (Xank\u0259ndi-red) \u0259sas Azatamartikov prospektini ba\u011flay\u0131blar. Sonra valideyn\u0259r Arayik Arutyunyanla g\u00f6r\u00fc\u015f\u00fcbl\u0259r. G\u00f6r\u00fc\u015fd\u0259 valideynl\u0259r\u0259 bildirilib ki, itkin d\u00fc\u015f\u0259nl\u0259ri axtarmaq \u00fc\u00e7\u00fcn Az\u0259rbaycan\u0131n n\u0259zar\u0259tind\u0259 olan \u0259razil\u0259r\u0259 girm\u0259sin\u0259 icaz\u0259 verilmir. Arutyunyan deyib ki, \u201cMe\u015f\u0259l\u0259rd\u0259 gizl\u0259n\u0259n o\u011flanlar\u0131m\u0131z\u0131n oldu\u011funu bilirik. Amma az\u0259rbaycanl\u0131lara onlar\u0131n hans\u0131 sah\u0259l\u0259rd\u0259 olduqlar\u0131n\u0131 dey\u0259n kimi, ora gedib u\u015faqlar\u0131m\u0131z\u0131 \u00f6ld\u00fcr\u00fcrl\u0259r\u201d.<\/p>\n\n\n\n<p><strong>Qeyd:<\/strong> Arutyunyan\u0131n bu say\u0131qlams\u0131 \u0259slind\u0259 m\u0259suliyy\u0259td\u0259n yaxas\u0131n\u0131 qurtarmaq c\u0259hdidir. Amma bu fikir iki vacib m\u0259s\u0259l\u0259ni g\u00fcnd\u0259m\u0259 g\u0259tirir.<\/p>\n\n\n\n<p>Birincisi, Erm\u0259nistan h\u00f6kum\u0259ti v\u0259 onun Qaraba\u011fdak\u0131 \u0259lalt\u0131lar\u0131 ikinci Qaraba\u011f sava\u015f\u0131ndak\u0131 h\u0259dsiz sayda b\u00f6y\u00fck canl\u0131 q\u00fcvv\u0259 itkisini gizl\u0259dir. Minl\u0259rl\u0259 sad\u0259 erm\u0259ninin onlar\u0131n siyasi ambisiyalar\u0131na qurban getdiyini etiraf etm\u0259y\u0259 c\u0259sar\u0259tl\u0259ri \u00e7atm\u0131r.<\/p>\n\n\n\n<p>\u0130kincisi, Erm\u0259nistan h\u00f6kum\u0259ti s\u00fclh anla\u015fmas\u0131n\u0131 pozaraq Da\u011fl\u0131q Qaraba\u011fda gizli silahl\u0131 d\u0259st\u0259l\u0259r saxlay\u0131r.(Azerforum.com)<\/p>\n\n\n\n<p><strong>P.S. Bu Araik adl\u0131 terror\u00e7u t\u0259cili h\u0259bs olunmal\u0131d\u0131r.<\/strong><\/p>\n","protected":false},"excerpt":{"rendered":"<p>Erm\u0259nil\u0259rin n\u00f6vb\u0259ti etiraf\u0131, yoxsa n\u00f6vb\u0259ti t\u0259xribat\u0131?! Art\u0131q 20 g\u00fcn\u0259 yax\u0131nd\u0131r ki, Da\u011fl\u0131q Qaraba\u011fda s\u00fclh h\u00f6km s\u00fcr\u00fcr. Orduya s\u0259f\u0259rb\u0259r edil\u0259n ehtiyat q\u00fcvv\u0259l\u0259r t\u0259rxis olunur. Bel\u0259c\u0259<\/p>\n","protected":false},"author":2,"featured_media":21863,"comment_status":"closed","ping_status":"closed","sticky":false,"template":"","format":"standard","meta":{"footnotes":""},"categories":[4],"tags":[],"class_list":["post-21862","post","type-post","status-publish","format-standard","has-post-thumbnail","hentry","category-qarabag"],"aioseo_notices":[],"_links":{"self":[{"href":"https:\/\/fedai.az\/index.php?rest_route=\/wp\/v2\/posts\/21862","targetHints":{"allow":["GET"]}}],"collection":[{"href":"https:\/\/fedai.az\/index.php?rest_route=\/wp\/v2\/posts"}],"about":[{"href":"https:\/\/fedai.az\/index.php?rest_route=\/wp\/v2\/types\/post"}],"author":[{"embeddable":true,"href":"https:\/\/fedai.az\/index.php?rest_route=\/wp\/v2\/users\/2"}],"replies":[{"embeddable":true,"href":"https:\/\/fedai.az\/index.php?rest_route=%2Fwp%2Fv2%2Fcomments&post=21862"}],"version-history":[{"count":1,"href":"https:\/\/fedai.az\/index.php?rest_route=\/wp\/v2\/posts\/21862\/revisions"}],"predecessor-version":[{"id":21864,"href":"https:\/\/fedai.az\/index.php?rest_route=\/wp\/v2\/posts\/21862\/revisions\/21864"}],"wp:featuredmedia":[{"embeddable":true,"href":"https:\/\/fedai.az\/index.php?rest_route=\/wp\/v2\/media\/21863"}],"wp:attachment":[{"href":"https:\/\/fedai.az\/index.php?rest_route=%2Fwp%2Fv2%2Fmedia&parent=21862"}],"wp:term":[{"taxonomy":"category","embeddable":true,"href":"https:\/\/fedai.az\/index.php?rest_route=%2Fwp%2Fv2%2Fcategories&post=21862"},{"taxonomy":"post_tag","embeddable":true,"href":"https:\/\/fedai.az\/index.php?rest_route=%2Fwp%2Fv2%2Ftags&post=21862"}],"curies":[{"name":"wp","href":"https:\/\/api.w.org\/{rel}","templated":true}]}}