{"id":21865,"date":"2020-11-29T01:51:40","date_gmt":"2020-11-28T21:51:40","guid":{"rendered":"https:\/\/fedai.az\/?p=21865"},"modified":"2020-11-29T01:52:17","modified_gmt":"2020-11-28T21:52:17","slug":"bayati-sirazi-dinl%c9%99y%c9%99n-hikm%c9%99t-haciyev-goz-yaslarina-hakim-ola-bilm%c9%99di-video","status":"publish","type":"post","link":"https:\/\/fedai.az\/?p=21865","title":{"rendered":"\u201cBayat\u0131-\u015eiraz\u201d\u0131 dinl\u0259y\u0259n Hikm\u0259t Hac\u0131yev g\u00f6z ya\u015flar\u0131na hakim ola bilm\u0259di &#8212; V\u0130DEO"},"content":{"rendered":"\n<p><strong>Bu g\u00fcn Az\u0259rbaycandak\u0131 diplomatik korpusun n\u00fcmay\u0259nd\u0259l\u0259ri, beyn\u0259lxalq t\u0259\u015fkilatlar\u0131n \u00f6lk\u0259mizd\u0259ki n\u00fcmay\u0259nd\u0259likl\u0259rinin r\u0259hb\u0259rl\u0259ri il\u0259 erm\u0259ni silahl\u0131 q\u00fcvv\u0259l\u0259rinin i\u015f\u011fal\u0131ndan azad olunmu\u015f A\u011fdam \u015f\u0259h\u0259rin\u0259 s\u0259f\u0259r ed\u0259n Az\u0259rbaycan Respublikas\u0131 Prezidentinin k\u00f6m\u0259k\u00e7isi Hikm\u0259t Hac\u0131yev 13 ya\u015fl\u0131 xan\u0259nd\u0259mizin ifa etdiyi &#171;Bayat\u0131-\u015eiraz\u201d mu\u011fam\u0131n\u0131 dinl\u0259y\u0259rk\u0259n g\u00f6z ya\u015flar\u0131na hakim ola bilm\u0259yib.<\/strong><\/p>\n\n\n\n<p><br>Bu s\u00fcjeti T\u00fcrkiy\u0259nin &#171;Haber Global\u201d telekanal\u0131 yay\u0131mlay\u0131b.<\/p>\n\n\n\n<p><br>T\u0259dbird\u0259n sonra mu\u011fam ifa\u00e7\u0131s\u0131 il\u0259 g\u00f6r\u00fc\u015f\u0259n H.Hac\u0131yev \u00f6z s\u0259si il\u0259 onu k\u00f6vr\u0259ld\u0259n g\u0259nc xan\u0259nd\u0259y\u0259 minn\u0259tdarl\u0131\u011f\u0131n\u0131 bildirib.<\/p>\n\n\n\n<figure class=\"wp-block-embed-youtube wp-block-embed is-type-video is-provider-youtube wp-embed-aspect-16-9 wp-has-aspect-ratio\"><div class=\"wp-block-embed__wrapper\">\n<iframe loading=\"lazy\" title=\"\u201cBayat\u0131-\u015eiraz\u201d\u0131 dinl\u0259y\u0259n Hikm\u0259t Hac\u0131yev g\u00f6z ya\u015flar\u0131na hakim ola bilm\u0259di\" width=\"715\" height=\"402\" src=\"https:\/\/www.youtube.com\/embed\/2IEo1YXLw0U?feature=oembed\" frameborder=\"0\" allow=\"accelerometer; autoplay; clipboard-write; encrypted-media; gyroscope; picture-in-picture\" allowfullscreen><\/iframe>\n<\/div><\/figure>\n","protected":false},"excerpt":{"rendered":"<p>Bu g\u00fcn Az\u0259rbaycandak\u0131 diplomatik korpusun n\u00fcmay\u0259nd\u0259l\u0259ri, beyn\u0259lxalq t\u0259\u015fkilatlar\u0131n \u00f6lk\u0259mizd\u0259ki n\u00fcmay\u0259nd\u0259likl\u0259rinin r\u0259hb\u0259rl\u0259ri il\u0259 erm\u0259ni silahl\u0131 q\u00fcvv\u0259l\u0259rinin i\u015f\u011fal\u0131ndan azad olunmu\u015f A\u011fdam \u015f\u0259h\u0259rin\u0259 s\u0259f\u0259r ed\u0259n Az\u0259rbaycan Respublikas\u0131<\/p>\n","protected":false},"author":2,"featured_media":21868,"comment_status":"closed","ping_status":"closed","sticky":false,"template":"","format":"standard","meta":{"footnotes":""},"categories":[4],"tags":[],"class_list":["post-21865","post","type-post","status-publish","format-standard","has-post-thumbnail","hentry","category-qarabag"],"aioseo_notices":[],"_links":{"self":[{"href":"https:\/\/fedai.az\/index.php?rest_route=\/wp\/v2\/posts\/21865","targetHints":{"allow":["GET"]}}],"collection":[{"href":"https:\/\/fedai.az\/index.php?rest_route=\/wp\/v2\/posts"}],"about":[{"href":"https:\/\/fedai.az\/index.php?rest_route=\/wp\/v2\/types\/post"}],"author":[{"embeddable":true,"href":"https:\/\/fedai.az\/index.php?rest_route=\/wp\/v2\/users\/2"}],"replies":[{"embeddable":true,"href":"https:\/\/fedai.az\/index.php?rest_route=%2Fwp%2Fv2%2Fcomments&post=21865"}],"version-history":[{"count":1,"href":"https:\/\/fedai.az\/index.php?rest_route=\/wp\/v2\/posts\/21865\/revisions"}],"predecessor-version":[{"id":21867,"href":"https:\/\/fedai.az\/index.php?rest_route=\/wp\/v2\/posts\/21865\/revisions\/21867"}],"wp:featuredmedia":[{"embeddable":true,"href":"https:\/\/fedai.az\/index.php?rest_route=\/wp\/v2\/media\/21868"}],"wp:attachment":[{"href":"https:\/\/fedai.az\/index.php?rest_route=%2Fwp%2Fv2%2Fmedia&parent=21865"}],"wp:term":[{"taxonomy":"category","embeddable":true,"href":"https:\/\/fedai.az\/index.php?rest_route=%2Fwp%2Fv2%2Fcategories&post=21865"},{"taxonomy":"post_tag","embeddable":true,"href":"https:\/\/fedai.az\/index.php?rest_route=%2Fwp%2Fv2%2Ftags&post=21865"}],"curies":[{"name":"wp","href":"https:\/\/api.w.org\/{rel}","templated":true}]}}