{"id":21893,"date":"2020-11-29T02:26:08","date_gmt":"2020-11-28T22:26:08","guid":{"rendered":"https:\/\/fedai.az\/?p=21893"},"modified":"2020-11-29T02:26:11","modified_gmt":"2020-11-28T22:26:11","slug":"avmvib-bin%c9%99q%c9%99di-rayon-sob%c9%99sind%c9%99-q%c9%99l%c9%99b%c9%99-sevinci","status":"publish","type":"post","link":"https:\/\/fedai.az\/?p=21893","title":{"rendered":"AVMV\u0130B Bin\u0259q\u0259di rayon \u015f\u00f6b\u0259sind\u0259 q\u0259l\u0259b\u0259 sevinci"},"content":{"rendered":"\n<p><strong>AVMV\u0130B Bin\u0259q\u0259di rayon \u015f\u00f6b\u0259sinin veteranlar\u0131 q\u0259l\u0259b\u0259 sevincini Fedai.az il\u0259 b\u00f6l\u00fc\u015fd\u00fcl\u0259r.<\/strong><\/p>\n\n\n\n<figure class=\"wp-block-image size-large is-resized\"><img loading=\"lazy\" decoding=\"async\" src=\"https:\/\/fedai.az\/wp-content\/uploads\/2020\/11\/plpl.jpg\" alt=\"\" class=\"wp-image-21894\" width=\"382\" height=\"378\" srcset=\"https:\/\/fedai.az\/wp-content\/uploads\/2020\/11\/plpl.jpg 936w, https:\/\/fedai.az\/wp-content\/uploads\/2020\/11\/plpl-300x297.jpg 300w, https:\/\/fedai.az\/wp-content\/uploads\/2020\/11\/plpl-150x148.jpg 150w, https:\/\/fedai.az\/wp-content\/uploads\/2020\/11\/plpl-768x760.jpg 768w\" sizes=\"auto, (max-width: 382px) 100vw, 382px\" \/><\/figure>\n\n\n\n<p> Torpaqlar\u0131m\u0131z\u0131n i\u015f\u011faldan azad olunmas\u0131 m\u00fcnasib\u0259til\u0259 \u015f\u00f6b\u0259d\u0259 \u0259sl bayram ab-havas\u0131 hiss olunur. \u00a0<\/p>\n\n\n\n<p>Xalq\u0131m\u0131z t\u0259nt\u0259n\u0259li \u015f\u0259kild\u0259 q\u0259l\u0259b\u0259ni bayram edir. Az\u0259rbaycan Respublikas\u0131n\u0131n Prezidenti, M\u00fcz\u0259ff\u0259r Ali Ba\u015f Komandan \u0130lham \u018fliyevin 10 noyabr xalqa m\u00fcraci\u0259t ed\u0259r\u0259k, \u015fanl\u0131 Q\u0259l\u0259b\u0259 x\u0259b\u0259rini verm\u0259si \u00f6lk\u0259mizin h\u0259r yerind\u0259 oldu\u011fu kimi, Bin\u0259q\u0259di rayon vetreranlar\u0131 aras\u0131nda da bayram sevinci il\u0259 qar\u015f\u0131lay\u0131b.\u00a0Bin\u0259q\u0259di rayon veteranlar\u0131 Q\u0259l\u0259b\u0259nin \u0259sl sevincini ya\u015fay\u0131rlar. <\/p>\n\n\n\n<p>Onlar bu sevinci v\u0259 q\u00fcrur hissl\u0259rini onlara ya\u015fatd\u0131\u011f\u0131na g\u00f6r\u0259 d\u00f6vl\u0259timizin ba\u015f\u00e7\u0131s\u0131na minn\u0259tdarl\u0131q edirl\u0259r. AVMV\u0130B Bin\u0259q\u0259di rayon \u015f\u00f6b\u0259sinin s\u0259dri M\u0259rdan \u018fl\u0259sg\u0259rov bu \u015fanl\u0131 tarixi s\u00f6z il\u0259 bel\u0259 ifad\u0259 etdi: \u201cBizi bu xo\u015fb\u0259xtliy\u0259 qovu\u015fduran xalq\u0131m\u0131z\u0131n m\u0259tin irad\u0259si, Ordumuzun yenilm\u0259z r\u0259\u015fad\u0259ti, M\u00fcz\u0259ff\u0259r Ali Ba\u015f Komandan\u0131m\u0131z\u0131n misilsiz c\u0259sar\u0259ti oldu\u201d. \u00a0<\/p>\n\n\n\n<p>M\u0259rdan \u018fl\u0259sg\u0259rov bildiri ki, m\u00fcharib\u0259y\u0259 k\u00f6n\u00fcll\u00fc olaraq yaz\u0131lsa da ya\u015f h\u0259ddin\u0259 g\u00f6r\u0259 i\u015ftirak etm\u0259y\u0259 icaz\u0259 verm\u0259yibl\u0259r. Lakin torpaqlar\u0131m\u0131z\u0131n azadl\u0131\u011f\u0131 istiqam\u0259tind\u0259 V\u0259t\u0259n sava\u015f\u0131 aparan r\u0259\u015fad\u0259tli ordumuza maddi d\u0259st\u0259k d\u0259 olduqlar\u0131n\u0131 da bildirdi. \u015e\u00f6b\u0259 s\u0259dri sonda Q\u0259l\u0259b\u0259 m\u00fcbasib\u0259ti il\u0259 t\u0259brikini \u00e7atd\u0131rd\u0131.\u00a0O, dedi: \u201cM\u0259n \u00f6nc\u0259 bu b\u00f6y\u00fck, tarixi q\u0259l\u0259b\u0259 g\u00fcn\u00fc m\u00fcnasib\u0259ti il\u0259 xalq\u0131m\u0131z\u0131 t\u0259brik edir\u0259m. <\/p>\n\n\n\n<p>Bu tarixi z\u0259f\u0259r Az\u0259rbaycan ordusunun, onun Ali ba\u015f Komandan\u0131n, b\u00fct\u00fcn Az\u0259rbaycan xalq\u0131n\u0131n q\u0259l\u0259b\u0259sidir. Q\u0259l\u0259b\u0259 V\u0259t\u0259nin m\u00fcdafi\u0259si namin\u0259 canlar\u0131n\u0131 \u0259sirg\u0259m\u0259d\u0259n d\u00f6y\u00fc\u015f\u0259r\u0259k,h\u0259qiqi v\u0259t\u0259np\u0259rv\u0259rlik n\u00fcmun\u0259si g\u00f6st\u0259r\u0259n \u0259sg\u0259r v\u0259 zabitl\u0259rimizin r\u0259\u015fad\u0259tinin v\u0259 \u00f6lk\u0259mizin son ill\u0259rd\u0259 siyasi, iqtisadi, diplomatik, ordu quruculu\u011fu v\u0259 dig\u0259r sah\u0259l\u0259rd\u0259 \u0259ld\u0259 etdiyi u\u011furlar\u0131n n\u0259tic\u0259sidir\u201d.\u00a0Qaraba\u011f qazisi M\u0259rdan \u018fl\u0259sg\u0259rov, \u015f\u0259hid analar\u0131n\u0131n \u00f6n\u00fcnd\u0259 ba\u015f \u0259ydiyini v\u0259 yaralanm\u0131\u015f qazil\u0259rimiz\u0259 \u015f\u0259falar dil\u0259diyini qeyd etdi.\u00a0<\/p>\n\n\n\n<p><strong>Qaraba\u011f Az\u0259rbaycand\u0131r!\u00a0<\/strong><\/p>\n\n\n\n<p><strong>Elnur S\u0259lim<\/strong><\/p>\n","protected":false},"excerpt":{"rendered":"<p>AVMV\u0130B Bin\u0259q\u0259di rayon \u015f\u00f6b\u0259sinin veteranlar\u0131 q\u0259l\u0259b\u0259 sevincini Fedai.az il\u0259 b\u00f6l\u00fc\u015fd\u00fcl\u0259r. Torpaqlar\u0131m\u0131z\u0131n i\u015f\u011faldan azad olunmas\u0131 m\u00fcnasib\u0259til\u0259 \u015f\u00f6b\u0259d\u0259 \u0259sl bayram ab-havas\u0131 hiss olunur. \u00a0 Xalq\u0131m\u0131z t\u0259nt\u0259n\u0259li<\/p>\n","protected":false},"author":2,"featured_media":21895,"comment_status":"closed","ping_status":"closed","sticky":false,"template":"","format":"standard","meta":{"footnotes":""},"categories":[5],"tags":[],"class_list":["post-21893","post","type-post","status-publish","format-standard","has-post-thumbnail","hentry","category-veteran"],"aioseo_notices":[],"_links":{"self":[{"href":"https:\/\/fedai.az\/index.php?rest_route=\/wp\/v2\/posts\/21893","targetHints":{"allow":["GET"]}}],"collection":[{"href":"https:\/\/fedai.az\/index.php?rest_route=\/wp\/v2\/posts"}],"about":[{"href":"https:\/\/fedai.az\/index.php?rest_route=\/wp\/v2\/types\/post"}],"author":[{"embeddable":true,"href":"https:\/\/fedai.az\/index.php?rest_route=\/wp\/v2\/users\/2"}],"replies":[{"embeddable":true,"href":"https:\/\/fedai.az\/index.php?rest_route=%2Fwp%2Fv2%2Fcomments&post=21893"}],"version-history":[{"count":1,"href":"https:\/\/fedai.az\/index.php?rest_route=\/wp\/v2\/posts\/21893\/revisions"}],"predecessor-version":[{"id":21896,"href":"https:\/\/fedai.az\/index.php?rest_route=\/wp\/v2\/posts\/21893\/revisions\/21896"}],"wp:featuredmedia":[{"embeddable":true,"href":"https:\/\/fedai.az\/index.php?rest_route=\/wp\/v2\/media\/21895"}],"wp:attachment":[{"href":"https:\/\/fedai.az\/index.php?rest_route=%2Fwp%2Fv2%2Fmedia&parent=21893"}],"wp:term":[{"taxonomy":"category","embeddable":true,"href":"https:\/\/fedai.az\/index.php?rest_route=%2Fwp%2Fv2%2Fcategories&post=21893"},{"taxonomy":"post_tag","embeddable":true,"href":"https:\/\/fedai.az\/index.php?rest_route=%2Fwp%2Fv2%2Ftags&post=21893"}],"curies":[{"name":"wp","href":"https:\/\/api.w.org\/{rel}","templated":true}]}}