{"id":21919,"date":"2020-11-29T03:20:40","date_gmt":"2020-11-28T23:20:40","guid":{"rendered":"https:\/\/fedai.az\/?p=21919"},"modified":"2020-11-29T03:21:11","modified_gmt":"2020-11-28T23:21:11","slug":"dasalti-fatehi-video","status":"publish","type":"post","link":"https:\/\/fedai.az\/?p=21919","title":{"rendered":"Da\u015falt\u0131 fatehi &#8212; V\u0130DEO"},"content":{"rendered":"\n<p><strong>Tabor komandiri, mayor El\u00e7in Takuzad\u0259 1982-ci il dekabr ay\u0131n\u0131n 4-d\u0259 Yard\u0131ml\u0131 rayonunun K\u00fcr\u0259k\u00e7i k\u0259ndind\u0259 d\u00fcnyaya g\u0259lib. C\u0259m\u015fid Nax\u00e7\u0131vanski ad\u0131na h\u0259rbi litseyi bitirdikd\u0259n sonra, 2001-ci ild\u0259 Heyd\u0259r \u018fliyev ad\u0131na AAHM-\u0259 q\u0259bul olunaraq, motoat\u0131c\u0131 fak\u00fclt\u0259sind\u0259 ali h\u0259rbi t\u0259hsil al\u0131b. 2005-2006-c\u0131 ill\u0259rd\u0259 T\u0259lim T\u0259dris m\u0259rk\u0259zind\u0259 zabit ixtisas kursunu bitir\u0259r\u0259k ordu s\u0131ralar\u0131nda xidm\u0259t\u0259 ba\u015flay\u0131b.<\/strong><\/p>\n\n\n\n<p><br>27 sentyabr 2020-ci ild\u0259 m\u00fcz\u0259ff\u0259r Az\u0259rbaycan ordusu m\u0259nfur erm\u0259nil\u0259r\u0259 qar\u015f\u0131 \u0259ks-h\u00fccuma ba\u015flayark\u0259n mayor El\u00e7in Takuzad\u0259 tabor komandiri kimi d\u00f6y\u00fc\u015fl\u0259r\u0259 qat\u0131l\u0131b.<\/p>\n\n\n\n<p><br>\u0130lk d\u00f6y\u00fc\u015fl\u0259rin\u0259 Qaraxanb\u0259yli k\u0259ndind\u0259n ba\u015flam\u0131\u015f, F\u00fczuli rayonunun bir ne\u00e7\u0259 k\u0259ndl\u0259rind\u0259 r\u0259hb\u0259rlik etdiyi taborla birlikd\u0259 z\u0259f\u0259r \u00e7alaraq, h\u0259min yerl\u0259ri u\u011furla i\u015f\u011faldan azad edib.<\/p>\n\n\n\n<p><br>\u015eu\u015fa \u015f\u0259h\u0259rinin al\u0131nmas\u0131 \u00fc\u00e7\u00fcn giri\u015f qap\u0131 rolunu oynayan, strateji \u0259h\u0259miyy\u0259t da\u015f\u0131yan Da\u015falt\u0131 k\u0259ndinin al\u0131nmas\u0131 q\u0259hraman d\u00f6y\u00fc\u015f\u00e7\u00fc mayor El\u00e7in Takuzad\u0259y\u0259 tap\u015f\u0131r\u0131l\u0131r. Bir ne\u00e7\u0259 d\u0259f\u0259 a\u011f\u0131r yaralansa da, d\u00f6y\u00fc\u015f\u00fc israrla davam etdirir. M\u0259hz onun r\u0259hb\u0259rliyi il\u0259 son d\u0259r\u0259c\u0259 \u00e7\u0259tin relyefd\u0259 yerl\u0259\u015f\u0259n Da\u015falt\u0131 k\u0259ndi 04.11.2020-ci ild\u0259 i\u015f\u011faldan azad edilir.T\u0259\u0259ss\u00fcf ki, ald\u0131\u011f\u0131 yaralar d\u00f6y\u00fc\u015f\u00e7\u00fcn\u00fcn hal\u0131n\u0131n ciddi \u015f\u0259kild\u0259 pisl\u0259\u015fm\u0259sin\u0259 v\u0259 hospitala yerl\u0259\u015fdirilm\u0259sin\u0259 s\u0259b\u0259b olur.<\/p>\n\n\n\n<p><br>El\u00e7in b\u0259d\u0259ninin bir cox yerl\u0259rind\u0259n &#8212; qolundan, aya\u011f\u0131ndan v\u0259 bel nahiy\u0259sind\u0259n \u00e7ox sayda q\u0259lp\u0259 yaralar\u0131 al\u0131b. Haz\u0131rda bel hiss\u0259sind\u0259 13-\u0259 yax\u0131n q\u0259lp\u0259 var.<\/p>\n\n\n\n<p><br><strong>Uca Yaradandan \u015f\u0259fa dil\u0259yir, tezlikl\u0259 sa\u011falmas\u0131n\u0131 dua edirik. Allah qorusun!<\/strong><\/p>\n\n\n\n<p><br><strong>Fidan Babayeva, &#171;Yard\u0131ml\u0131n\u0131n S\u0259si&#187; q\u0259zeti<\/strong> (Dominant.az)<\/p>\n\n\n\n<figure class=\"wp-block-embed-youtube wp-block-embed is-type-video is-provider-youtube wp-embed-aspect-16-9 wp-has-aspect-ratio\"><div class=\"wp-block-embed__wrapper\">\n<iframe loading=\"lazy\" title=\"Da\u015falt\u0131 fatehi\" width=\"715\" height=\"402\" src=\"https:\/\/www.youtube.com\/embed\/mDpDKDhKIXo?feature=oembed\" frameborder=\"0\" allow=\"accelerometer; autoplay; clipboard-write; encrypted-media; gyroscope; picture-in-picture\" allowfullscreen><\/iframe>\n<\/div><\/figure>\n","protected":false},"excerpt":{"rendered":"<p>Tabor komandiri, mayor El\u00e7in Takuzad\u0259 1982-ci il dekabr ay\u0131n\u0131n 4-d\u0259 Yard\u0131ml\u0131 rayonunun K\u00fcr\u0259k\u00e7i k\u0259ndind\u0259 d\u00fcnyaya g\u0259lib. C\u0259m\u015fid Nax\u00e7\u0131vanski ad\u0131na h\u0259rbi litseyi bitirdikd\u0259n sonra, 2001-ci<\/p>\n","protected":false},"author":2,"featured_media":21920,"comment_status":"closed","ping_status":"closed","sticky":false,"template":"","format":"standard","meta":{"footnotes":""},"categories":[4],"tags":[],"class_list":["post-21919","post","type-post","status-publish","format-standard","has-post-thumbnail","hentry","category-qarabag"],"aioseo_notices":[],"_links":{"self":[{"href":"https:\/\/fedai.az\/index.php?rest_route=\/wp\/v2\/posts\/21919","targetHints":{"allow":["GET"]}}],"collection":[{"href":"https:\/\/fedai.az\/index.php?rest_route=\/wp\/v2\/posts"}],"about":[{"href":"https:\/\/fedai.az\/index.php?rest_route=\/wp\/v2\/types\/post"}],"author":[{"embeddable":true,"href":"https:\/\/fedai.az\/index.php?rest_route=\/wp\/v2\/users\/2"}],"replies":[{"embeddable":true,"href":"https:\/\/fedai.az\/index.php?rest_route=%2Fwp%2Fv2%2Fcomments&post=21919"}],"version-history":[{"count":1,"href":"https:\/\/fedai.az\/index.php?rest_route=\/wp\/v2\/posts\/21919\/revisions"}],"predecessor-version":[{"id":21921,"href":"https:\/\/fedai.az\/index.php?rest_route=\/wp\/v2\/posts\/21919\/revisions\/21921"}],"wp:featuredmedia":[{"embeddable":true,"href":"https:\/\/fedai.az\/index.php?rest_route=\/wp\/v2\/media\/21920"}],"wp:attachment":[{"href":"https:\/\/fedai.az\/index.php?rest_route=%2Fwp%2Fv2%2Fmedia&parent=21919"}],"wp:term":[{"taxonomy":"category","embeddable":true,"href":"https:\/\/fedai.az\/index.php?rest_route=%2Fwp%2Fv2%2Fcategories&post=21919"},{"taxonomy":"post_tag","embeddable":true,"href":"https:\/\/fedai.az\/index.php?rest_route=%2Fwp%2Fv2%2Ftags&post=21919"}],"curies":[{"name":"wp","href":"https:\/\/api.w.org\/{rel}","templated":true}]}}